{"id":21155,"date":"2020-11-05T10:45:28","date_gmt":"2020-11-05T10:45:28","guid":{"rendered":"https:\/\/muzykabeztajemnic.info.pl\/?p=21155"},"modified":"2020-11-05T10:45:30","modified_gmt":"2020-11-05T10:45:30","slug":"domowka-z-dwojka-orkiestra-ludwika-sarskiego-udzwiekowi-bestie-z-1917-roku","status":"publish","type":"post","link":"http:\/\/muzykabeztajemnic.info.pl\/?p=21155","title":{"rendered":"\u201eDom\u00f3wka z Dw\u00f3jk\u0105\u201d: Orkiestra Ludwika Sarskiego ud\u017awi\u0119kowi \u201eBesti\u0119\u201d z 1917 roku"},"content":{"rendered":"\n<figure class=\"wp-block-image size-large\"><img loading=\"lazy\" decoding=\"async\" width=\"800\" height=\"261\" src=\"https:\/\/muzykabeztajemnic.info.pl\/wp-content\/uploads\/2020\/09\/dwojkalogo-800x261.jpg\" alt=\"\" class=\"wp-image-20819\" srcset=\"http:\/\/muzykabeztajemnic.info.pl\/wp-content\/uploads\/2020\/09\/dwojkalogo-800x261.jpg 800w, http:\/\/muzykabeztajemnic.info.pl\/wp-content\/uploads\/2020\/09\/dwojkalogo-500x163.jpg 500w, http:\/\/muzykabeztajemnic.info.pl\/wp-content\/uploads\/2020\/09\/dwojkalogo-768x251.jpg 768w, http:\/\/muzykabeztajemnic.info.pl\/wp-content\/uploads\/2020\/09\/dwojkalogo.jpg 836w\" sizes=\"auto, (max-width: 800px) 100vw, 800px\" \/><\/figure>\n\n\n\n<p><strong>W najbli\u017cszej \u201eDom\u00f3wce z Dw\u00f3jk\u0105\u201d Orkiestra Ludwika Sarskiego zmierzy si\u0119 z \u201eBesti\u0105\u201d \u2013 filmem z Pol\u0105 Negri z 1917 roku. Autorskiej muzyki tego dwuosobowego kolektywu artystycznego wys\u0142uchamy w sobot\u0119 7 listopada o godzinie 21.00. Transmisja na antenie radiowej Dw\u00f3jki, stronie internetowej oraz YouTube i Facebooku stacji, gdzie b\u0119dzie mo\u017cna tak\u017ce zobaczy\u0107 fragmenty filmu.&nbsp;<\/strong><\/p>\n\n\n\n<p>Orkiestr\u0119 Ludwika Sarskiego \u2013 najmniejsz\u0105 orkiestr\u0119 \u015bwiata, jak sami m\u00f3wi\u0105 o sobie \u2013 tworzy dw\u00f3ch multiinstrumentalist\u00f3w i\u00a0kompozytor\u00f3w: Piotr Tomala i\u00a0Damian Szymczak. W swojej tw\u00f3rczo\u015bci \u0142\u0105cz\u0105 takie style jak early jazz, ragtime, tango, swing czy klezmer. Dzia\u0142alno\u015b\u0107 orkiestry to kameralne koncerty oraz wykonywanie muzyki na \u017cywo do film\u00f3w niemych, takich jak \u201eM\u0142ody Sherlock Holmes\u201d Bustera Keatona czy \u201e\u015awiat\u0142a wielkiego miasta\u201d Charliego Chaplina.<\/p>\n\n\n\n<p>W najbli\u017cszej \u201e<strong>Dom\u00f3wce z&nbsp;Dw\u00f3jk\u0105<\/strong>\u201d Orkiestra zaprezentuje autorsk\u0105 muzyk\u0119 do najstarszego i&nbsp;jedynego zachowanego filmu z <strong>Pol\u0105 Negri<\/strong> z polskiego okresu jej kariery. \u201e<strong>Bestia<\/strong>\u201d <strong>Aleksandra Hertza<\/strong> to tragiczna historia mi\u0142osnego tr\u00f3jk\u0105ta. Pola, dziewczyna z&nbsp;prowincji, wykorzystuj\u0105c zakochanego w&nbsp;niej Dmitriego, ucieka z&nbsp;domu. Trafia do wielkiego miasta, gdzie zostaje znan\u0105 tancerk\u0105 i&nbsp;poznaje bogatego przedsi\u0119biorc\u0119 Alexisa. Niebawem do miasta przyje\u017cd\u017ca szukaj\u0105cy zemsty Dmitri\u2026 Film by\u0142 dla aktorki przepustk\u0105 do zagranicznej kariery \u2013 w&nbsp;Niemczech, gdzie kr\u0119ci\u0142a p\u00f3\u017aniejsze filmy, zosta\u0142a gwiazd\u0105, a&nbsp;po zako\u0144czeniu I&nbsp;wojny \u015bwiatowej produkcje z&nbsp;Pol\u0105 Negri w&nbsp;roli g\u0142\u00f3wnej zyska\u0142y r\u00f3wnie\u017c du\u017c\u0105 popularno\u015b\u0107 w&nbsp;USA.<\/p>\n\n\n\n<p>Do wys\u0142uchania koncertu zapraszamy <strong>7 listopada<\/strong> (sobota) po godz. <strong>21.00<\/strong> \u2013 transmisja na antenie PR2, stronie internetowej Dw\u00f3jki i&nbsp;Facebooku Dw\u00f3jki oraz na kanale YouTube Polskiego Radia. Dzi\u0119ki Filmotece Narodowej \u2013 Instytutowi Audiowizualnemu, kt\u00f3ry cyfrowo odrestaurowa\u0142 zachowan\u0105 kopi\u0119 filmu, w&nbsp;ramach \u201eDom\u00f3wki z Dw\u00f3jk\u0105\u201d w&nbsp;mediach spo\u0142eczno\u015bciowych Polskiego Radia b\u0119dzie mo\u017cna r\u00f3wnie\u017c zobaczy\u0107 fragmenty \u201eBestii\u201d.<\/p>\n\n\n\n<p>\u2794 Damian Szymczak opowie o projekcie w audycji \u201eWybieram Dw\u00f3jk\u0119\u201d we <strong>wtorek, 3 listopada o godz. 16.30<\/strong>.<\/p>\n\n\n\n<p>\u2794 Transmisja koncertu w \u201eDom\u00f3wce z Dw\u00f3jk\u0105\u201d <strong>w sobot\u0119 7 listopada o godz. 21.00 <\/strong>\u2013 na antenie, <a href=\"https:\/\/www.polskieradio.pl\/8,Dwojka\">stronie internetowej<\/a> oraz <a href=\"https:\/\/www.facebook.com\/Dwojka.PolskieRadio\">Facebooku<\/a> i <a href=\"https:\/\/www.youtube.com\/playlist?list=PLZTuUgCmeGG7nraplLl10M8Kmbh33Qt_1\">YouTube<\/a> stacji.<\/p>\n","protected":false},"excerpt":{"rendered":"<p>W najbli\u017cszej \u201eDom\u00f3wce z Dw\u00f3jk\u0105\u201d Orkiestra Ludwika Sarskiego zmierzy si\u0119 z \u201eBesti\u0105\u201d \u2013 filmem z Pol\u0105 Negri z 1917 roku. Autorskiej muzyki tego dwuosobowego kolektywu artystycznego wys\u0142uchamy w sobot\u0119 7 listopada o godzinie 21.00. Transmisja na antenie radiowej Dw\u00f3jki, stronie internetowej oraz YouTube i Facebooku stacji, gdzie b\u0119dzie mo\u017cna tak\u017ce zobaczy\u0107 fragmenty filmu.&nbsp; Orkiestr\u0119 Ludwika [&hellip;]<\/p>\n","protected":false},"author":1,"featured_media":20819,"comment_status":"closed","ping_status":"open","sticky":false,"template":"","format":"standard","meta":{"jetpack_post_was_ever_published":false,"_jetpack_newsletter_access":"","_jetpack_dont_email_post_to_subs":false,"_jetpack_newsletter_tier_id":0,"_jetpack_memberships_contains_paywalled_content":false,"_jetpack_memberships_contains_paid_content":false,"footnotes":"","jetpack_publicize_message":"","jetpack_publicize_feature_enabled":true,"jetpack_social_post_already_shared":true,"jetpack_social_options":{"image_generator_settings":{"template":"highway","default_image_id":0,"enabled":false},"version":2}},"categories":[1],"tags":[],"class_list":["post-21155","post","type-post","status-publish","format-standard","has-post-thumbnail","hentry","category-uncategorized"],"jetpack_publicize_connections":[],"jetpack_featured_media_url":"http:\/\/muzykabeztajemnic.info.pl\/wp-content\/uploads\/2020\/09\/dwojkalogo.jpg","jetpack_sharing_enabled":true,"jetpack_shortlink":"https:\/\/wp.me\/p67auQ-5vd","_links":{"self":[{"href":"http:\/\/muzykabeztajemnic.info.pl\/index.php?rest_route=\/wp\/v2\/posts\/21155","targetHints":{"allow":["GET"]}}],"collection":[{"href":"http:\/\/muzykabeztajemnic.info.pl\/index.php?rest_route=\/wp\/v2\/posts"}],"about":[{"href":"http:\/\/muzykabeztajemnic.info.pl\/index.php?rest_route=\/wp\/v2\/types\/post"}],"author":[{"embeddable":true,"href":"http:\/\/muzykabeztajemnic.info.pl\/index.php?rest_route=\/wp\/v2\/users\/1"}],"replies":[{"embeddable":true,"href":"http:\/\/muzykabeztajemnic.info.pl\/index.php?rest_route=%2Fwp%2Fv2%2Fcomments&post=21155"}],"version-history":[{"count":0,"href":"http:\/\/muzykabeztajemnic.info.pl\/index.php?rest_route=\/wp\/v2\/posts\/21155\/revisions"}],"wp:featuredmedia":[{"embeddable":true,"href":"http:\/\/muzykabeztajemnic.info.pl\/index.php?rest_route=\/wp\/v2\/media\/20819"}],"wp:attachment":[{"href":"http:\/\/muzykabeztajemnic.info.pl\/index.php?rest_route=%2Fwp%2Fv2%2Fmedia&parent=21155"}],"wp:term":[{"taxonomy":"category","embeddable":true,"href":"http:\/\/muzykabeztajemnic.info.pl\/index.php?rest_route=%2Fwp%2Fv2%2Fcategories&post=21155"},{"taxonomy":"post_tag","embeddable":true,"href":"http:\/\/muzykabeztajemnic.info.pl\/index.php?rest_route=%2Fwp%2Fv2%2Ftags&post=21155"}],"curies":[{"name":"wp","href":"https:\/\/api.w.org\/{rel}","templated":true}]}}