{"id":21134,"date":"2020-11-01T10:01:00","date_gmt":"2020-11-01T10:01:00","guid":{"rendered":"https:\/\/muzykabeztajemnic.info.pl\/?p=21134"},"modified":"2020-11-01T10:01:02","modified_gmt":"2020-11-01T10:01:02","slug":"adam-nowak-i-akustyk-amigos-pol-plyty-2","status":"publish","type":"post","link":"http:\/\/muzykabeztajemnic.info.pl\/?p=21134","title":{"rendered":"ADAM NOWAK I AKUSTYK AMIGOS \u201eP\u00f3\u0142 p\u0142yty\u201d"},"content":{"rendered":"\n<figure class=\"wp-block-image size-large\"><img loading=\"lazy\" decoding=\"async\" width=\"700\" height=\"700\" src=\"https:\/\/muzykabeztajemnic.info.pl\/wp-content\/uploads\/2020\/11\/Adam-Nowak-i-Akustyk-Amigos-Pol-plyty-3000x3000-1.jpg\" alt=\"\" class=\"wp-image-21135\" srcset=\"http:\/\/muzykabeztajemnic.info.pl\/wp-content\/uploads\/2020\/11\/Adam-Nowak-i-Akustyk-Amigos-Pol-plyty-3000x3000-1.jpg 700w, http:\/\/muzykabeztajemnic.info.pl\/wp-content\/uploads\/2020\/11\/Adam-Nowak-i-Akustyk-Amigos-Pol-plyty-3000x3000-1-500x500.jpg 500w, http:\/\/muzykabeztajemnic.info.pl\/wp-content\/uploads\/2020\/11\/Adam-Nowak-i-Akustyk-Amigos-Pol-plyty-3000x3000-1-150x150.jpg 150w\" sizes=\"auto, (max-width: 700px) 100vw, 700px\" \/><\/figure>\n\n\n\n<p><strong>premiera nowego albumu zespo\u0142u Adam Nowak i Akustyk Amigos zatytu\u0142owanego \u201eP\u00f3\u0142 p\u0142yty\u201d. Najnowsze wydawnictwo wokalisty legendarnej grupy Raz, Dwa, Trzy to efekt wsp\u00f3\u0142pracy Adama Nowaka z Karimem Martusewiczem oraz Jaros\u0142awem Treli\u0144skim, Paw\u0142em Dobrowolskim, Tomaszem Nowakiem, Mariuszem Mielczarkiem i Eldisem la Rosa, czyli\u2026. Adama Nowaka i Akustyk Amigos!<\/strong>&nbsp;<\/p>\n\n\n\n<p>Album promowa\u0142 singiel\u00a0\u201eCokolwiek uj\u0119te\u201d, do kt\u00f3rego powsta\u0142 wyj\u0105tkowy teledysk, kt\u00f3ry mo\u017cna obejrze\u0107 pod linkiem:\u00a0<\/p>\n\n\n\n<figure class=\"wp-block-embed-youtube wp-block-embed is-type-video is-provider-youtube wp-embed-aspect-16-9 wp-has-aspect-ratio\"><div class=\"wp-block-embed__wrapper\">\n<iframe loading=\"lazy\" title=\"Adam Nowak i Akustyk Amigos - Cokolwiek uj\u0119te\" width=\"800\" height=\"450\" src=\"https:\/\/www.youtube.com\/embed\/jr31XAqeRDw?feature=oembed\" frameborder=\"0\" allow=\"accelerometer; autoplay; clipboard-write; encrypted-media; gyroscope; picture-in-picture; web-share\" referrerpolicy=\"strict-origin-when-cross-origin\" allowfullscreen><\/iframe>\n<\/div><\/figure>\n\n\n\n<p>To w\u0142a\u015bnie tekst do utworu \u201eCokolwiek uj\u0119te\u201d, doczeka\u0142 si\u0119 wyj\u0105tkowej recenzji autorstwa wybitnego Profesora Jerzego Bralczyka &#8211;<\/p>\n\n\n\n<figure class=\"wp-block-embed-youtube wp-block-embed is-type-video is-provider-youtube wp-embed-aspect-16-9 wp-has-aspect-ratio\"><div class=\"wp-block-embed__wrapper\">\n<iframe loading=\"lazy\" title=\"Profesor Jerzy Bralczyk recenzuje tekst piosenki \u201eCokolwiek uj\u0119te\u201d\" width=\"800\" height=\"450\" src=\"https:\/\/www.youtube.com\/embed\/v0Ts8-F5ses?feature=oembed\" frameborder=\"0\" allow=\"accelerometer; autoplay; clipboard-write; encrypted-media; gyroscope; picture-in-picture; web-share\" referrerpolicy=\"strict-origin-when-cross-origin\" allowfullscreen><\/iframe>\n<\/div><\/figure>\n\n\n\n<p><\/p>\n\n\n\n<p><strong>Adam Nowak<\/strong>, gitarzysta, autor tekst\u00f3w, wokalista i lider zespo\u0142u Raz Dwa Trzy. Laureat<strong>dw\u00f3ch z\u0142otych<\/strong>i&nbsp;<strong>pi\u0119ciu platynowych p\u0142yt<\/strong>, a tak\u017ce&nbsp;<strong>siedmiu Fryderyk\u00f3w<\/strong>\u2013 m.in. w kategoriach \u201ealbum roku\u201d, \u201epiosenka roku\u201d i \u201eautor roku\u201d. W 2005 roku otrzyma\u0142<strong>nagrod\u0119 im. Jacka Kaczmarskiego<\/strong>za ca\u0142okszta\u0142t tw\u00f3rczo\u015bci.&nbsp;<\/p>\n\n\n\n<p>Z grup\u0105 Adam Nowak i Akustyk Amigos wokalista wyrusza w now\u0105 muzyczn\u0105 podr\u00f3\u017c zainspirowan\u0105 po\u0142\u0105czeniem do\u015bwiadcze\u0144 i dokona\u0144 wytrawnych muzyk\u00f3w:<strong>Karima Martusewicza (Voo Voo)<\/strong>i&nbsp;<strong>Jarka Treli\u0144skiego (Raz Dwa Trzy)<\/strong>. Na linii zar\u00f3wno artystycznego, jak i towarzyskiego porozumienia oraz z potrzeby grania niezale\u017cnie od macierzystych grup, powsta\u0142 autorski projekt Adama Nowaka b\u0119d\u0105cy kwintesencj\u0105 zami\u0142owania tw\u00f3rcy do akustycznych aran\u017cacji i kameralnej oprawy koncert\u00f3w na \u017cywo. &nbsp;<\/p>\n\n\n\n<p>Koncerty zespo\u0142u&nbsp;<strong>Adam Nowak i Akustyk Amigos<\/strong>to bliskie spotkania z publiczno\u015bci\u0105, pozbawione sztywnych ram i pe\u0142ne improwizacji.&nbsp;<\/p>\n\n\n\n<p>Na p\u0142ycie znalaz\u0142 si\u0119 ca\u0142kowicie&nbsp;<strong>autorski repertuar<\/strong>, a na koncertach mo\u017cna si\u0119 spodziewa\u0107 si\u0119 r\u00f3wnie\u017c kompozycji wybitnych polskich autor\u00f3w \u2013 Marka Grechuty, Wojciecha M\u0142ynarskiego, czy Zbigniewa Herberta. &nbsp;<\/p>\n\n\n\n<p><strong>Adam Nowak o nowej p\u0142ycie:<\/strong>&nbsp;<\/p>\n\n\n\n<p>\u201eW czasie obostrze\u0144 zwi\u0105zanych z pandemi\u0105 nagrany zosta\u0142 (wraz z zaproszonymi go\u015b\u0107mi) materia\u0142 muzyczny zatytu\u0142owany<em>P\u00f3\u0142 p\u0142yty&nbsp;<\/em>zawieraj\u0105cej siedem utwor\u00f3w. Nagrywanie \u015blad\u00f3w muzycznych odbywa\u0142o si\u0119 zazwyczaj w domach i w studio<strong>Karima Martusewicza<\/strong>\u2013 dobrego ducha ca\u0142ego przedsi\u0119wzi\u0119cia.\u201d&nbsp;<\/p>\n\n\n\n<p>Sk\u0142ad zespo\u0142u:&nbsp;<\/p>\n\n\n\n<p><strong>Adam Nowak&nbsp;<\/strong>&#8211; \u015bpiew, gitary (Raz Dwa Trzy)&nbsp;<\/p>\n\n\n\n<p><strong>Jarek Treli\u0144ski&nbsp;<\/strong>&#8211; gitara (Raz Dwa Trzy)&nbsp;<\/p>\n\n\n\n<p><strong>Karim Martusewicz&nbsp;<\/strong>&#8211; kontrabas (Voo Voo)&nbsp;<\/p>\n\n\n\n<p>+ go\u015bcie &nbsp;<\/p>\n\n\n\n<p>Lista utwor\u00f3w:&nbsp;<\/p>\n\n\n\n<p>1. Kt\u00f3ry jestem<\/p>\n\n\n\n<p>2. Cokolwiek uj\u0119te&nbsp;<\/p>\n\n\n\n<p>3. Jest racja i ka\u017cdy j\u0105 ma&nbsp;<\/p>\n\n\n\n<p>4. Og\u00f3\u0142&nbsp;<\/p>\n\n\n\n<p>5. \u017bycie Janka&nbsp;<\/p>\n\n\n\n<p>6. Panna wynios\u0142a&nbsp;<\/p>\n\n\n\n<p>7. STOPA R.I.P&nbsp;<\/p>\n\n\n\n<p>Album jest dost\u0119pny w sprzeda\u017cy na kulturalnysklep.pl, empik.com oraz we wszystkich salonach Empik.&nbsp;<\/p>\n\n\n\n<p><a href=\"https:\/\/kulturalnysklep.pl\/muzyka\/pol-plyty-nowak\">https:\/\/kulturalnysklep.pl\/muzyka\/pol-plyty-nowak<\/a><\/p>\n","protected":false},"excerpt":{"rendered":"<p>premiera nowego albumu zespo\u0142u Adam Nowak i Akustyk Amigos zatytu\u0142owanego \u201eP\u00f3\u0142 p\u0142yty\u201d. Najnowsze wydawnictwo wokalisty legendarnej grupy Raz, Dwa, Trzy to efekt wsp\u00f3\u0142pracy Adama Nowaka z Karimem Martusewiczem oraz Jaros\u0142awem Treli\u0144skim, Paw\u0142em Dobrowolskim, Tomaszem Nowakiem, Mariuszem Mielczarkiem i Eldisem la Rosa, czyli\u2026. Adama Nowaka i Akustyk Amigos!&nbsp; Album promowa\u0142 singiel\u00a0\u201eCokolwiek uj\u0119te\u201d, do kt\u00f3rego powsta\u0142 wyj\u0105tkowy [&hellip;]<\/p>\n","protected":false},"author":1,"featured_media":21135,"comment_status":"closed","ping_status":"open","sticky":false,"template":"","format":"standard","meta":{"jetpack_post_was_ever_published":false,"_jetpack_newsletter_access":"","_jetpack_dont_email_post_to_subs":false,"_jetpack_newsletter_tier_id":0,"_jetpack_memberships_contains_paywalled_content":false,"_jetpack_memberships_contains_paid_content":false,"footnotes":"","jetpack_publicize_message":"","jetpack_publicize_feature_enabled":true,"jetpack_social_post_already_shared":true,"jetpack_social_options":{"image_generator_settings":{"template":"highway","default_image_id":0,"enabled":false},"version":2}},"categories":[2],"tags":[],"class_list":["post-21134","post","type-post","status-publish","format-standard","has-post-thumbnail","hentry","category-albumy"],"jetpack_publicize_connections":[],"jetpack_featured_media_url":"http:\/\/muzykabeztajemnic.info.pl\/wp-content\/uploads\/2020\/11\/Adam-Nowak-i-Akustyk-Amigos-Pol-plyty-3000x3000-1.jpg","jetpack_sharing_enabled":true,"jetpack_shortlink":"https:\/\/wp.me\/p67auQ-5uS","_links":{"self":[{"href":"http:\/\/muzykabeztajemnic.info.pl\/index.php?rest_route=\/wp\/v2\/posts\/21134","targetHints":{"allow":["GET"]}}],"collection":[{"href":"http:\/\/muzykabeztajemnic.info.pl\/index.php?rest_route=\/wp\/v2\/posts"}],"about":[{"href":"http:\/\/muzykabeztajemnic.info.pl\/index.php?rest_route=\/wp\/v2\/types\/post"}],"author":[{"embeddable":true,"href":"http:\/\/muzykabeztajemnic.info.pl\/index.php?rest_route=\/wp\/v2\/users\/1"}],"replies":[{"embeddable":true,"href":"http:\/\/muzykabeztajemnic.info.pl\/index.php?rest_route=%2Fwp%2Fv2%2Fcomments&post=21134"}],"version-history":[{"count":0,"href":"http:\/\/muzykabeztajemnic.info.pl\/index.php?rest_route=\/wp\/v2\/posts\/21134\/revisions"}],"wp:featuredmedia":[{"embeddable":true,"href":"http:\/\/muzykabeztajemnic.info.pl\/index.php?rest_route=\/wp\/v2\/media\/21135"}],"wp:attachment":[{"href":"http:\/\/muzykabeztajemnic.info.pl\/index.php?rest_route=%2Fwp%2Fv2%2Fmedia&parent=21134"}],"wp:term":[{"taxonomy":"category","embeddable":true,"href":"http:\/\/muzykabeztajemnic.info.pl\/index.php?rest_route=%2Fwp%2Fv2%2Fcategories&post=21134"},{"taxonomy":"post_tag","embeddable":true,"href":"http:\/\/muzykabeztajemnic.info.pl\/index.php?rest_route=%2Fwp%2Fv2%2Ftags&post=21134"}],"curies":[{"name":"wp","href":"https:\/\/api.w.org\/{rel}","templated":true}]}}