{"id":20970,"date":"2020-10-01T15:05:41","date_gmt":"2020-10-01T15:05:41","guid":{"rendered":"https:\/\/muzykabeztajemnic.info.pl\/?p=20970"},"modified":"2020-10-01T15:05:43","modified_gmt":"2020-10-01T15:05:43","slug":"bedzie-glosno-l-u-c-rebel-babel-ensamble-z-koncertem-w-czworce","status":"publish","type":"post","link":"http:\/\/muzykabeztajemnic.info.pl\/?p=20970","title":{"rendered":"\u201eB\u0119dzie G\u0142o\u015bno!\u201d \u2013 L.U.C. &#038; Rebel Babel Ensamble z koncertem w Czw\u00f3rce"},"content":{"rendered":"\n<figure class=\"wp-block-image size-large\"><img loading=\"lazy\" decoding=\"async\" width=\"607\" height=\"329\" src=\"https:\/\/muzykabeztajemnic.info.pl\/wp-content\/uploads\/2019\/11\/czworka_1.jpg\" alt=\"\" class=\"wp-image-19189\" srcset=\"http:\/\/muzykabeztajemnic.info.pl\/wp-content\/uploads\/2019\/11\/czworka_1.jpg 607w, http:\/\/muzykabeztajemnic.info.pl\/wp-content\/uploads\/2019\/11\/czworka_1-500x271.jpg 500w\" sizes=\"auto, (max-width: 607px) 100vw, 607px\" \/><\/figure>\n\n\n\n<p><strong>W pa\u017adzierniku Damian Sikorski zaprasza do wys\u0142uchania dw\u00f3ch koncert\u00f3w, kt\u00f3re odby\u0142y si\u0119 w ramach Czw\u00f3rkowej akcji \u201eOd uj\u015bcia do \u017ar\u00f3d\u0142a\u201d w 2017 roku. Ju\u017c w najbli\u017cszy pi\u0105tek, 2 pa\u017adziernika, na antenie zago\u015bci L.U.C. wraz ze sk\u0142adem Rebel Babel Ensamble, kt\u00f3ry wsp\u00f3\u0142tworzy razem z kompozytorem Janem Feat.-em. oraz aran\u017cerem Adamem Lepk\u0105.<\/strong><\/p>\n\n\n\n<p>Moloteka w ramach Czw\u00f3rkowej akcji \u201eOd uj\u015bcia do \u017ar\u00f3d\u0142a\u201d, po\u015bwi\u0119conej Wi\u015ble. Wyst\u0105pili w\u00f3wczas <strong>L.U.C &amp; Rebel Babel Ensemble<\/strong> \u2013 kolektyw za\u0142o\u017cony przez kompozytora <strong>Jana Feat.-a<\/strong>, rapera i performera <strong>L.U.C.-a<\/strong> oraz aran\u017cera <strong>Adama Lepk\u0119<\/strong>. Mi\u0119dzynarodowa, wieloj\u0119zykowa orkiestra d\u0119ta \u2013 jak sami siebie przedstawiaj\u0105 \u2013 to platforma amator\u00f3w i zawodowych kompozytor\u00f3w z r\u00f3\u017cnych region\u00f3w Europy, kt\u00f3rej za\u0142o\u017ceniem jest budowanie dialogu i porozumienia poprzez muzyk\u0119, \u0142\u0105czenie kultur i stylistyk oraz spe\u0142nianie marze\u0144 m\u0142odych muzyk\u00f3w poprzez kreowanie dla nich edukacyjnych i scenicznych spotka\u0144 z zawodowcami i gwiazdami wielkiego formatu.<\/p>\n\n\n\n<p>Kolejny koncert zaplanowany jest na 23 pa\u017adziernika. B\u0119dzie to wyst\u0119p <strong>GrubSona i Jareckiego<\/strong>, kt\u00f3ry odby\u0142 si\u0119 w ramach fina\u0142u akcji \u201eOd uj\u015bcia do \u017ar\u00f3d\u0142a\u201d.<\/p>\n\n\n\n<p><strong>\u00e8<\/strong><strong>&nbsp;&nbsp;&nbsp;&nbsp;&nbsp;&nbsp;&nbsp;&nbsp;&nbsp; <a href=\"https:\/\/www.polskieradio.pl\/10\/5370\">&#8222;B\u0119dzie g\u0142o\u015bno!&#8221;<\/a> \u2013 pi\u0105tek, 2 pa\u017adziernika, godzina 19.00: L.U.C. &amp; Rebel Babel Ensamble<\/strong><\/p>\n\n\n\n<p><strong>Czw\u00f3rki mo\u017cna s\u0142ucha\u0107 <\/strong>w Internecie na <a href=\"http:\/\/www.czworka.online\">czworka.online<\/a>, w systemie DAB+ i w urz\u0105dzeniach mobilnych z systemem iOS oraz Android przez <strong><a href=\"https:\/\/www.polskieradio.pl\/13\/8733\/\">now\u0105 aplikacj\u0119 Polskie Radio<\/a><\/strong>.<\/p>\n","protected":false},"excerpt":{"rendered":"<p>W pa\u017adzierniku Damian Sikorski zaprasza do wys\u0142uchania dw\u00f3ch koncert\u00f3w, kt\u00f3re odby\u0142y si\u0119 w ramach Czw\u00f3rkowej akcji \u201eOd uj\u015bcia do \u017ar\u00f3d\u0142a\u201d w 2017 roku. Ju\u017c w najbli\u017cszy pi\u0105tek, 2 pa\u017adziernika, na antenie zago\u015bci L.U.C. wraz ze sk\u0142adem Rebel Babel Ensamble, kt\u00f3ry wsp\u00f3\u0142tworzy razem z kompozytorem Janem Feat.-em. oraz aran\u017cerem Adamem Lepk\u0105. Moloteka w ramach Czw\u00f3rkowej akcji [&hellip;]<\/p>\n","protected":false},"author":1,"featured_media":19189,"comment_status":"closed","ping_status":"open","sticky":false,"template":"","format":"standard","meta":{"jetpack_post_was_ever_published":false,"_jetpack_newsletter_access":"","_jetpack_dont_email_post_to_subs":false,"_jetpack_newsletter_tier_id":0,"_jetpack_memberships_contains_paywalled_content":false,"_jetpack_memberships_contains_paid_content":false,"footnotes":"","jetpack_publicize_message":"","jetpack_publicize_feature_enabled":true,"jetpack_social_post_already_shared":true,"jetpack_social_options":{"image_generator_settings":{"template":"highway","default_image_id":0,"enabled":false},"version":2}},"categories":[1],"tags":[],"class_list":["post-20970","post","type-post","status-publish","format-standard","has-post-thumbnail","hentry","category-uncategorized"],"jetpack_publicize_connections":[],"jetpack_featured_media_url":"http:\/\/muzykabeztajemnic.info.pl\/wp-content\/uploads\/2019\/11\/czworka_1.jpg","jetpack_sharing_enabled":true,"jetpack_shortlink":"https:\/\/wp.me\/p67auQ-5se","_links":{"self":[{"href":"http:\/\/muzykabeztajemnic.info.pl\/index.php?rest_route=\/wp\/v2\/posts\/20970","targetHints":{"allow":["GET"]}}],"collection":[{"href":"http:\/\/muzykabeztajemnic.info.pl\/index.php?rest_route=\/wp\/v2\/posts"}],"about":[{"href":"http:\/\/muzykabeztajemnic.info.pl\/index.php?rest_route=\/wp\/v2\/types\/post"}],"author":[{"embeddable":true,"href":"http:\/\/muzykabeztajemnic.info.pl\/index.php?rest_route=\/wp\/v2\/users\/1"}],"replies":[{"embeddable":true,"href":"http:\/\/muzykabeztajemnic.info.pl\/index.php?rest_route=%2Fwp%2Fv2%2Fcomments&post=20970"}],"version-history":[{"count":0,"href":"http:\/\/muzykabeztajemnic.info.pl\/index.php?rest_route=\/wp\/v2\/posts\/20970\/revisions"}],"wp:featuredmedia":[{"embeddable":true,"href":"http:\/\/muzykabeztajemnic.info.pl\/index.php?rest_route=\/wp\/v2\/media\/19189"}],"wp:attachment":[{"href":"http:\/\/muzykabeztajemnic.info.pl\/index.php?rest_route=%2Fwp%2Fv2%2Fmedia&parent=20970"}],"wp:term":[{"taxonomy":"category","embeddable":true,"href":"http:\/\/muzykabeztajemnic.info.pl\/index.php?rest_route=%2Fwp%2Fv2%2Fcategories&post=20970"},{"taxonomy":"post_tag","embeddable":true,"href":"http:\/\/muzykabeztajemnic.info.pl\/index.php?rest_route=%2Fwp%2Fv2%2Ftags&post=20970"}],"curies":[{"name":"wp","href":"https:\/\/api.w.org\/{rel}","templated":true}]}}