{"id":20950,"date":"2020-09-29T14:50:14","date_gmt":"2020-09-29T14:50:14","guid":{"rendered":"https:\/\/muzykabeztajemnic.info.pl\/?p=20950"},"modified":"2020-09-29T14:50:16","modified_gmt":"2020-09-29T14:50:16","slug":"chopin-i-inni-czyli-dwojka-transmituje-koncerty-z-cyklu-przed-wielkim-konkursem-recitale-mistrzowskie","status":"publish","type":"post","link":"http:\/\/muzykabeztajemnic.info.pl\/?p=20950","title":{"rendered":"CHOPIN I INNI, CZYLI DW\u00d3JKA TRANSMITUJE KONCERTY Z CYKLU \u201ePRZED WIELKIM KONKURSEM \u2013 RECITALE MISTRZOWSKIE\u201d"},"content":{"rendered":"\n<figure class=\"wp-block-image size-large\"><img loading=\"lazy\" decoding=\"async\" width=\"800\" height=\"261\" src=\"https:\/\/muzykabeztajemnic.info.pl\/wp-content\/uploads\/2020\/09\/dwojkalogo-800x261.jpg\" alt=\"\" class=\"wp-image-20819\" srcset=\"http:\/\/muzykabeztajemnic.info.pl\/wp-content\/uploads\/2020\/09\/dwojkalogo-800x261.jpg 800w, http:\/\/muzykabeztajemnic.info.pl\/wp-content\/uploads\/2020\/09\/dwojkalogo-500x163.jpg 500w, http:\/\/muzykabeztajemnic.info.pl\/wp-content\/uploads\/2020\/09\/dwojkalogo-768x251.jpg 768w, http:\/\/muzykabeztajemnic.info.pl\/wp-content\/uploads\/2020\/09\/dwojkalogo.jpg 836w\" sizes=\"auto, (max-width: 800px) 100vw, 800px\" \/><\/figure>\n\n\n\n<p>W oczekiwaniu na kolejny Konkurs Chopinowski, Narodowy Instytut Fryderyka Chopina przygotowa\u0142 cykl mistrzowskich recitali i koncert\u00f3w kameralnych, kt\u00f3re odb\u0119d\u0105 si\u0119 m.in. w Filharmonii Narodowej i na Zamku Kr\u00f3lewskim w Warszawie. Wybrane wydarzenia rozpoczynaj\u0105cego si\u0119 1 pa\u017adziernika festiwalu transmitowa\u0107 b\u0119dzie \u2013 ju\u017c od najbli\u017cszego weekendu \u2013 Program 2 Polskiego Radia, patron medialny cyklu.<\/p>\n\n\n\n<p>\u2013 Czas, w kt\u00f3rym mia\u0142 si\u0119 odby\u0107 \u2013 prze\u0142o\u017cony na przysz\u0142y rok \u2013 XVIII Konkurs Chopinowski, pozostanie \u015bwi\u0119tem muzyki Chopina i wielkiej pianistyki. Narodowy Instytut Fryderyka Chopina zaprasza na cykl mistrzowskich recitali i koncert\u00f3w kameralnych, w kt\u00f3rego ramach wyst\u0105pi\u0105 najwybitniejsi piani\u015bci poprzednich edycji Konkursu \u2013 pisz\u0105 organizatorzy wydarzenia odbywaj\u0105cego si\u0119 w dniach 1-19 pa\u017adziernika w kilku warszawskich salach.<\/p>\n\n\n\n<p><br>Cykl dziesi\u0119ciu wieczor\u00f3w otworzy 1 pa\u017adziernika \u2013 w dniu Mi\u0119dzynarodowego Dnia Muzyki i pierwotnie planowanej inauguracji Konkursu \u2013 Seong-Jin Cho, zwyci\u0119zca z 2015 roku. W kolejnych dniach us\u0142yszymy recitale: Nelsona Goernera (Nagroda krytyk\u00f3w, 1995), Lukasa Geniu\u0161asa (II Nagroda, 2010), Marca Lafor\u00eata (II Nagroda, 1985), Yulianny Avdeevej (zwyci\u0119\u017cczyni z 2010 roku), Philippe\u2019a Giusiano (zwyciezca z 1995 roku), Gabrieli Montero (III Nagroda, 1995), oraz znakomitego fi\u0144skiego pianisty Olli Mustonena.<\/p>\n\n\n\n<p><br>17 pa\u017adziernika, w rocznic\u0119 \u015bmierci Fryderyka Chopina, Narodowy Instytut Fryderyka Chopina tradycyjnie zaprosi meloman\u00f3w do Bazyliki \u015bw. Krzy\u017ca, aby przed sercem kompozytora wys\u0142ucha\u0107 tym razem nie Requiem Mozarta, ale koncertu poetycko-muzycznego w wykonaniu Szymona Nehringa (wyr\u00f3\u017cnionego na Konkursie w 2015 roku) oraz Jana Englerta. Wiecz\u00f3r po\u015bwi\u0119cony b\u0119dzie pami\u0119ci kompozytora w 171. rocznic\u0119 \u015bmierci oraz Papie\u017cowi Janowi Paw\u0142owi II, w roku 100. rocznicy jego urodzin. W programie koncertu utwory Fryderyka Chopina oraz poezja Cypriana Kamila Norwida i Czes\u0142awa Mi\u0142osza.<\/p>\n\n\n\n<p><br>Radiowa Dw\u00f3jka zaprasza w tym tygodniu na dwie transmisje z cyklu \u201ePrzed wielkim konkursem\u201d:<br>sobota 3 pa\u017adziernika, godz. 19.30, Sala Wielka Zamku Kr\u00f3lewskiego w Warszawie: Eric Lu (fortepian); w programie: Wolfgang Amadeus Mozart Sonata fortepianowa B-dur KV 333, Fryderyk Chopin Preludium Des-dur op. 28 nr 15, Preludium c-moll op. 28 nr 20, Preludium B-dur op. 28 nr 21, Franciszek Schubert Allegretto c-moll D 915, Sonata fortepianowa A-dur D 959;<br>niedziela 4 pa\u017adziernika, godz. 19.30, Sala Koncertowa Filharmonii Narodowej: Recital fortepianowy \u2013 Nelson Goerner (fortepian); w programie: Fryderyk Chopin Barkarola Fis-dur op. 60, Scherzo cis-moll op. 39, Berceuse Des-dur op. 57; Johannes Brahms III Sonata fortepianowa f-moll op. 5.<br>Program wydarzenia i plan transmisji na stronach dwojka.polskieradio.pl oraz nifc.pl<\/p>\n","protected":false},"excerpt":{"rendered":"<p>W oczekiwaniu na kolejny Konkurs Chopinowski, Narodowy Instytut Fryderyka Chopina przygotowa\u0142 cykl mistrzowskich recitali i koncert\u00f3w kameralnych, kt\u00f3re odb\u0119d\u0105 si\u0119 m.in. w Filharmonii Narodowej i na Zamku Kr\u00f3lewskim w Warszawie. Wybrane wydarzenia rozpoczynaj\u0105cego si\u0119 1 pa\u017adziernika festiwalu transmitowa\u0107 b\u0119dzie \u2013 ju\u017c od najbli\u017cszego weekendu \u2013 Program 2 Polskiego Radia, patron medialny cyklu. \u2013 Czas, w [&hellip;]<\/p>\n","protected":false},"author":1,"featured_media":20819,"comment_status":"closed","ping_status":"open","sticky":false,"template":"","format":"standard","meta":{"jetpack_post_was_ever_published":false,"_jetpack_newsletter_access":"","_jetpack_dont_email_post_to_subs":false,"_jetpack_newsletter_tier_id":0,"_jetpack_memberships_contains_paywalled_content":false,"_jetpack_memberships_contains_paid_content":false,"footnotes":"","jetpack_publicize_message":"","jetpack_publicize_feature_enabled":true,"jetpack_social_post_already_shared":true,"jetpack_social_options":{"image_generator_settings":{"template":"highway","default_image_id":0,"enabled":false},"version":2}},"categories":[1],"tags":[],"class_list":["post-20950","post","type-post","status-publish","format-standard","has-post-thumbnail","hentry","category-uncategorized"],"jetpack_publicize_connections":[],"jetpack_featured_media_url":"http:\/\/muzykabeztajemnic.info.pl\/wp-content\/uploads\/2020\/09\/dwojkalogo.jpg","jetpack_sharing_enabled":true,"jetpack_shortlink":"https:\/\/wp.me\/p67auQ-5rU","_links":{"self":[{"href":"http:\/\/muzykabeztajemnic.info.pl\/index.php?rest_route=\/wp\/v2\/posts\/20950","targetHints":{"allow":["GET"]}}],"collection":[{"href":"http:\/\/muzykabeztajemnic.info.pl\/index.php?rest_route=\/wp\/v2\/posts"}],"about":[{"href":"http:\/\/muzykabeztajemnic.info.pl\/index.php?rest_route=\/wp\/v2\/types\/post"}],"author":[{"embeddable":true,"href":"http:\/\/muzykabeztajemnic.info.pl\/index.php?rest_route=\/wp\/v2\/users\/1"}],"replies":[{"embeddable":true,"href":"http:\/\/muzykabeztajemnic.info.pl\/index.php?rest_route=%2Fwp%2Fv2%2Fcomments&post=20950"}],"version-history":[{"count":0,"href":"http:\/\/muzykabeztajemnic.info.pl\/index.php?rest_route=\/wp\/v2\/posts\/20950\/revisions"}],"wp:featuredmedia":[{"embeddable":true,"href":"http:\/\/muzykabeztajemnic.info.pl\/index.php?rest_route=\/wp\/v2\/media\/20819"}],"wp:attachment":[{"href":"http:\/\/muzykabeztajemnic.info.pl\/index.php?rest_route=%2Fwp%2Fv2%2Fmedia&parent=20950"}],"wp:term":[{"taxonomy":"category","embeddable":true,"href":"http:\/\/muzykabeztajemnic.info.pl\/index.php?rest_route=%2Fwp%2Fv2%2Fcategories&post=20950"},{"taxonomy":"post_tag","embeddable":true,"href":"http:\/\/muzykabeztajemnic.info.pl\/index.php?rest_route=%2Fwp%2Fv2%2Ftags&post=20950"}],"curies":[{"name":"wp","href":"https:\/\/api.w.org\/{rel}","templated":true}]}}