{"id":20947,"date":"2020-09-29T14:49:10","date_gmt":"2020-09-29T14:49:10","guid":{"rendered":"https:\/\/muzykabeztajemnic.info.pl\/?p=20947"},"modified":"2020-09-29T14:49:12","modified_gmt":"2020-09-29T14:49:12","slug":"adam-nowak-i-akustyk-amigos-pol-plyty","status":"publish","type":"post","link":"http:\/\/muzykabeztajemnic.info.pl\/?p=20947","title":{"rendered":"ADAM NOWAK I AKUSTYK AMIGOS \u201eP\u00f3\u0142 p\u0142yty\u201d"},"content":{"rendered":"\n<figure class=\"wp-block-image size-large\"><img loading=\"lazy\" decoding=\"async\" width=\"700\" height=\"700\" src=\"https:\/\/muzykabeztajemnic.info.pl\/wp-content\/uploads\/2020\/09\/DUB00262v13c.jpg\" alt=\"\" class=\"wp-image-20948\" srcset=\"http:\/\/muzykabeztajemnic.info.pl\/wp-content\/uploads\/2020\/09\/DUB00262v13c.jpg 700w, http:\/\/muzykabeztajemnic.info.pl\/wp-content\/uploads\/2020\/09\/DUB00262v13c-500x500.jpg 500w, http:\/\/muzykabeztajemnic.info.pl\/wp-content\/uploads\/2020\/09\/DUB00262v13c-150x150.jpg 150w\" sizes=\"auto, (max-width: 700px) 100vw, 700px\" \/><\/figure>\n\n\n\n<p><strong>Adam Nowak<\/strong> \u2013 gitarzysta, autor tekst\u00f3w, wokalista i lider zespo\u0142u Raz Dwa Trzy. Laureat <strong>dw\u00f3ch z\u0142otych<\/strong> i <strong>pi\u0119ciu platynowych p\u0142yt<\/strong>, a tak\u017ce <strong>siedmiu Fryderyk\u00f3w<\/strong> \u2013 m.in. w kategoriach \u201ealbum roku\u201d, \u201epiosenka roku\u201d i \u201eautor roku\u201d. &nbsp;<\/p>\n\n\n\n<p>W 2005 roku otrzyma\u0142 <strong>nagrod\u0119 im. Jacka Kaczmarskiego<\/strong> za ca\u0142okszta\u0142t tw\u00f3rczo\u015bci.&nbsp;<\/p>\n\n\n\n<p>Z grup\u0105 Adam Nowak i Akustyk Amigos wokalista wyrusza w now\u0105 muzyczn\u0105 podr\u00f3\u017c zainspirowan\u0105 po\u0142\u0105czeniem do\u015bwiadcze\u0144 i dokona\u0144 wytrawnych muzyk\u00f3w: <strong>Karima Martusewicza (Voo Voo)<\/strong> i <strong>Jarka Treli\u0144skiego (Raz Dwa Trzy)<\/strong>. Na linii zar\u00f3wno artystycznego, jak i towarzyskiego porozumienia oraz z potrzeby grania niezale\u017cnie od macierzystych grup, powsta\u0142 autorski projekt Adama Nowaka b\u0119d\u0105cy kwintesencj\u0105 zami\u0142owania tw\u00f3rcy do akustycznych aran\u017cacji i kameralnej oprawy koncert\u00f3w na \u017cywo. &nbsp;<\/p>\n\n\n\n<p>Koncerty <strong>Adam Nowak i Akustyk Amigos<\/strong> to bliskie spotkania z publiczno\u015bci\u0105, pozbawione sztywnych ram i pe\u0142ne improwizacji.&nbsp;<\/p>\n\n\n\n<p>Na p\u0142ycie znalaz\u0142 si\u0119 ca\u0142kowicie <strong>autorski repertuar<\/strong>, a na koncertach mo\u017cna si\u0119 spodziewa\u0107 si\u0119 r\u00f3wnie\u017c kompozycji wybitnych polskich autor\u00f3w \u2013 Marka Grechuty, Wojciecha M\u0142ynarskiego, czy Zbigniewa Herberta. &nbsp;<\/p>\n\n\n\n<p>Nowy album zespo\u0142u <strong>\u201eP\u00f3\u0142 p\u0142yty\u201d<\/strong> uka\u017ce si\u0119 jesieni\u0105 2020 nak\u0142adem AGORY.&nbsp;<\/p>\n\n\n\n<p><strong>Adam Nowak o nowej p\u0142ycie:<\/strong>&nbsp;<\/p>\n\n\n\n<p>\u201eW czasie obostrze\u0144 zwi\u0105zanych z pandemi\u0105 nagrany zosta\u0142 (wraz z zaproszonymi go\u015b\u0107mi) materia\u0142 muzyczny zatytu\u0142owany <em>P\u00f3\u0142 p\u0142yty <\/em>zawieraj\u0105cej siedem utwor\u00f3w. Nagrywanie \u015blad\u00f3w muzycznych odbywa\u0142o si\u0119 zazwyczaj w domach i w studio <strong>Karima Martusewicza<\/strong> \u2013 dobrego ducha ca\u0142ego przedsi\u0119wzi\u0119cia.\u201d&nbsp;<\/p>\n\n\n\n<p>Sk\u0142ad zespo\u0142u:&nbsp;<\/p>\n\n\n\n<p><strong>Adam Nowak <\/strong>&#8211; \u015bpiew, gitary (Raz Dwa Trzy)&nbsp;<\/p>\n\n\n\n<p><strong>Jarek Treli\u0144ski <\/strong>&#8211; gitara (Raz Dwa Trzy)&nbsp;<\/p>\n\n\n\n<p><strong>Karim Martusewicz <\/strong>&#8211; kontrabas (Voo Voo)&nbsp;<\/p>\n\n\n\n<p>+ go\u015bcie &nbsp;<\/p>\n\n\n\n<p>Lista utwor\u00f3w:&nbsp;<\/p>\n\n\n\n<p>1. Cokolwiek uj\u0119te&nbsp;<\/p>\n\n\n\n<p>2. Kt\u00f3ry jestem z rz\u0119du&nbsp;<\/p>\n\n\n\n<p>3. Jeden jest z\u0142y inny dobry&nbsp;<\/p>\n\n\n\n<p>4. Og\u00f3\u0142 stanowi&nbsp;<\/p>\n\n\n\n<p>5. \u017bycie Janka&nbsp;<\/p>\n\n\n\n<p>6. Panna wynios\u0142a ale biedna&nbsp;<\/p>\n\n\n\n<p>7. STOPA R.I.P&nbsp;<\/p>\n\n\n\n<p><strong>Ju\u017c teraz mo\u017cna zam\u00f3wi\u0107 album w preorderze na stronie kulturalnysklep.pl<\/strong>: <a href=\"https:\/\/kulturalnysklep.pl\/muzyka\/pol-plyty-nowak\">https:\/\/kulturalnysklep.pl\/muzyka\/pol-plyty-nowak<\/a>&nbsp;<\/p>\n","protected":false},"excerpt":{"rendered":"<p>Adam Nowak \u2013 gitarzysta, autor tekst\u00f3w, wokalista i lider zespo\u0142u Raz Dwa Trzy. Laureat dw\u00f3ch z\u0142otych i pi\u0119ciu platynowych p\u0142yt, a tak\u017ce siedmiu Fryderyk\u00f3w \u2013 m.in. w kategoriach \u201ealbum roku\u201d, \u201epiosenka roku\u201d i \u201eautor roku\u201d. &nbsp; W 2005 roku otrzyma\u0142 nagrod\u0119 im. Jacka Kaczmarskiego za ca\u0142okszta\u0142t tw\u00f3rczo\u015bci.&nbsp; Z grup\u0105 Adam Nowak i Akustyk Amigos wokalista [&hellip;]<\/p>\n","protected":false},"author":1,"featured_media":20948,"comment_status":"closed","ping_status":"open","sticky":false,"template":"","format":"standard","meta":{"jetpack_post_was_ever_published":false,"_jetpack_newsletter_access":"","_jetpack_dont_email_post_to_subs":false,"_jetpack_newsletter_tier_id":0,"_jetpack_memberships_contains_paywalled_content":false,"_jetpack_memberships_contains_paid_content":false,"footnotes":"","jetpack_publicize_message":"","jetpack_publicize_feature_enabled":true,"jetpack_social_post_already_shared":true,"jetpack_social_options":{"image_generator_settings":{"template":"highway","default_image_id":0,"enabled":false},"version":2}},"categories":[1],"tags":[],"class_list":["post-20947","post","type-post","status-publish","format-standard","has-post-thumbnail","hentry","category-uncategorized"],"jetpack_publicize_connections":[],"jetpack_featured_media_url":"http:\/\/muzykabeztajemnic.info.pl\/wp-content\/uploads\/2020\/09\/DUB00262v13c.jpg","jetpack_sharing_enabled":true,"jetpack_shortlink":"https:\/\/wp.me\/p67auQ-5rR","_links":{"self":[{"href":"http:\/\/muzykabeztajemnic.info.pl\/index.php?rest_route=\/wp\/v2\/posts\/20947","targetHints":{"allow":["GET"]}}],"collection":[{"href":"http:\/\/muzykabeztajemnic.info.pl\/index.php?rest_route=\/wp\/v2\/posts"}],"about":[{"href":"http:\/\/muzykabeztajemnic.info.pl\/index.php?rest_route=\/wp\/v2\/types\/post"}],"author":[{"embeddable":true,"href":"http:\/\/muzykabeztajemnic.info.pl\/index.php?rest_route=\/wp\/v2\/users\/1"}],"replies":[{"embeddable":true,"href":"http:\/\/muzykabeztajemnic.info.pl\/index.php?rest_route=%2Fwp%2Fv2%2Fcomments&post=20947"}],"version-history":[{"count":0,"href":"http:\/\/muzykabeztajemnic.info.pl\/index.php?rest_route=\/wp\/v2\/posts\/20947\/revisions"}],"wp:featuredmedia":[{"embeddable":true,"href":"http:\/\/muzykabeztajemnic.info.pl\/index.php?rest_route=\/wp\/v2\/media\/20948"}],"wp:attachment":[{"href":"http:\/\/muzykabeztajemnic.info.pl\/index.php?rest_route=%2Fwp%2Fv2%2Fmedia&parent=20947"}],"wp:term":[{"taxonomy":"category","embeddable":true,"href":"http:\/\/muzykabeztajemnic.info.pl\/index.php?rest_route=%2Fwp%2Fv2%2Fcategories&post=20947"},{"taxonomy":"post_tag","embeddable":true,"href":"http:\/\/muzykabeztajemnic.info.pl\/index.php?rest_route=%2Fwp%2Fv2%2Ftags&post=20947"}],"curies":[{"name":"wp","href":"https:\/\/api.w.org\/{rel}","templated":true}]}}