{"id":20944,"date":"2020-09-29T14:47:54","date_gmt":"2020-09-29T14:47:54","guid":{"rendered":"https:\/\/muzykabeztajemnic.info.pl\/?p=20944"},"modified":"2020-09-29T14:47:57","modified_gmt":"2020-09-29T14:47:57","slug":"koncert-projektu-ona-w-ramach-tygodnia-noblowskiego","status":"publish","type":"post","link":"http:\/\/muzykabeztajemnic.info.pl\/?p=20944","title":{"rendered":"Koncert projektu \u00d8NA w ramach Tygodnia Noblowskiego!"},"content":{"rendered":"\n<figure class=\"wp-block-image size-large is-resized\"><img loading=\"lazy\" decoding=\"async\" src=\"https:\/\/muzykabeztajemnic.info.pl\/wp-content\/uploads\/2020\/09\/image002-3.jpg\" alt=\"\" class=\"wp-image-20945\" width=\"573\" height=\"810\" srcset=\"http:\/\/muzykabeztajemnic.info.pl\/wp-content\/uploads\/2020\/09\/image002-3.jpg 387w, http:\/\/muzykabeztajemnic.info.pl\/wp-content\/uploads\/2020\/09\/image002-3-354x500.jpg 354w\" sizes=\"auto, (max-width: 573px) 100vw, 573px\" \/><\/figure>\n\n\n\n<p>Mamy zaszczyt og\u0142osi\u0107 wyj\u0105tkowy koncert \u00d8NA zespo\u0142u \u00d8RGANEK, odb\u0119dzie si\u0119 on w ramach Tygodnia Noblowskiego, w pierwsz\u0105 rocznic\u0119 otrzymania Literackiej Nagrody Nobla przez Olg\u0119 Tokarczuk. Koncert \u00d8NA, w ramach wydarzenia &#8222;One maj\u0105 g\u0142os\u201d, b\u0119dzie mia\u0142 miejsce w najbli\u017csz\u0105 niedziel\u0119, 4 pa\u017adziernika 2020 we W\u0142odowicach, na Scenie Plenerowej Pod Wiatami.<\/p>\n\n\n\n<p><br><strong>Oto szczeg\u00f3\u0142owy program koncertu:<\/strong><\/p>\n\n\n\n<p><strong><br>15.00<\/strong> rozpocz\u0119cie, MyLudove, rozmowa z Katarzyn\u0105 Nosowsk\u0105<br><strong>16.00<\/strong> wystawa multimedialna Wielcy Ma\u0142ym, Arty\u015bci Pomagaj\u0105 Zwierz\u0119tom<br><strong>16.15<\/strong> rozmowa z profesorem Magdalen\u0105 \u015arod\u0105<br><strong>17.30<\/strong> specjalny pokaz przedpremierowy kr\u00f3tkometra\u017cowego filmu artystycznego &#8222;Misterium Antonii&#8221; wg koncepcji Jagi Hupa\u0142o, Elwiry Janasik i Andrzeja Mi\u0119kusa<br><strong>18.00<\/strong> koncert ONA, wyst\u0105pi\u0105: Barbara Wro\u0144ska, Katarzyna Groniec, Katarzyna Nosowska, Renata Przemyk, Natalia Grosiak oraz zesp\u00f3\u0142 \u00d8RGANEK.<\/p>\n\n\n\n<p>Bilety w cenie 100 z\u0142 s\u0105 do nabycia na stronie: <a href=\"https:\/\/ticketos.pl\/event\/3556?fbclid=IwAR1R2LNkiIDg3W49JQazz2RYjZSS03ScZ-NA2LWtO3_wPLaDsgFd5Voo98c\">https:\/\/ticketos.pl\/event\/3556?fbclid=IwAR1R2LNkiIDg3W49JQazz2RYjZSS03ScZ-NA2LWtO3_wPLaDsgFd5Voo98c<\/a> oraz w kawiarni Dobra Nowina, Rynek 7, Nowa Ruda.<\/p>\n\n\n\n<p>\u00d8NA to projekt zainicjowany przez zesp\u00f3\u0142 \u00d8RGANEK, w kt\u00f3rym g\u0142\u00f3wn\u0105 rol\u0119 odgrywaj\u0105 kobiety. Podczas zapowiadanego koncertu na scenie wyst\u0105pi\u0105: Barbara Wro\u0144ska, Katarzyna Groniec, Katarzyna Nosowska, Renata Przemyk oraz Natalia Grosiak. Nadrz\u0119dn\u0105 ide\u0105 koncertu \u00d8NA, kt\u00f3rego premiera mia\u0142a miejsce podczas festiwalu M\u0119skie Granie 2018, jest zwr\u00f3cenie uwagi na uniwersalne warto\u015bci, kt\u00f3re buduj\u0105 spo\u0142eczno\u015bci, spo\u0142ecze\u0144stwa, grupy, nas wszystkich. Pok\u00f3j, demokracja, tolerancja, szacunek, dialog, mi\u0142o\u015b\u0107, wszystko to, co prowadzi do porozumienia w duchu warto\u015bci humanistycznych, g\u0142\u0119boko ludzkich. Dzisiejszy \u015bwiat jest mocno skonfliktowany i upolityczniony, co sprawia, \u017ce bardzo ch\u0119tnie i cz\u0119sto odwo\u0142uje si\u0119 do agresji, konfliktu, p\u00f3\u0142prawdy, postmodernistycznej p\u0142ynno\u015bci norm i obyczaj\u00f3w, pr\u00f3by redefinicji warto\u015bci, manipulacji. Poprzez odpowiedni dob\u00f3r artystek, repertuaru oraz tekst\u00f3w chcieliby\u015bmy zaapelowa\u0107 o mi\u0119dzyludzki dialog oraz pojednanie w duchu szacunku dla swoich przekona\u0144. Agresja, konfrontacja, dominacja i atak s\u0105 cz\u0119sto domen\u0105 m\u0119sk\u0105, indukowan\u0105 testosteronem, biologi\u0105. Wykluczaj\u0105 rozmow\u0119, ko\u0144cz\u0105 dialog ju\u017c u zarania, bez nadziei na porozumienie, a brak porozumienia wyklucza rozw\u00f3j, czyli warto\u015b\u0107 nadrz\u0119dn\u0105 dla nas wszystkich bez wzgl\u0119du na p\u0142e\u0107. \u00d8NA to g\u0142os kobiet w powy\u017cszej sprawie, kobiet, bo to one, nieza\u015blepione testosteronem, potrafi\u0105 by\u0107 o wiele bardziej dalekowzroczne, dzi\u0119ki czemu skore do dialogu i nastawione na szukanie rozwi\u0105zania.<\/p>\n\n\n\n<p>Tak wygl\u0105da\u0142 koncert \u00d8NA podczas festiwalu M\u0119skie Granie 2018:<\/p>\n\n\n\n<figure class=\"wp-block-embed-youtube wp-block-embed is-type-video is-provider-youtube wp-embed-aspect-16-9 wp-has-aspect-ratio\"><div class=\"wp-block-embed__wrapper\">\n<iframe loading=\"lazy\" title=\"Organek - \u00d8NA (M\u0119skie Granie 2018)\" width=\"800\" height=\"450\" src=\"https:\/\/www.youtube.com\/embed\/KUW2cZowfYs?feature=oembed\" frameborder=\"0\" allow=\"accelerometer; autoplay; clipboard-write; encrypted-media; gyroscope; picture-in-picture; web-share\" referrerpolicy=\"strict-origin-when-cross-origin\" allowfullscreen><\/iframe>\n<\/div><\/figure>\n","protected":false},"excerpt":{"rendered":"<p>Mamy zaszczyt og\u0142osi\u0107 wyj\u0105tkowy koncert \u00d8NA zespo\u0142u \u00d8RGANEK, odb\u0119dzie si\u0119 on w ramach Tygodnia Noblowskiego, w pierwsz\u0105 rocznic\u0119 otrzymania Literackiej Nagrody Nobla przez Olg\u0119 Tokarczuk. Koncert \u00d8NA, w ramach wydarzenia &#8222;One maj\u0105 g\u0142os\u201d, b\u0119dzie mia\u0142 miejsce w najbli\u017csz\u0105 niedziel\u0119, 4 pa\u017adziernika 2020 we W\u0142odowicach, na Scenie Plenerowej Pod Wiatami. Oto szczeg\u00f3\u0142owy program koncertu: 15.00 rozpocz\u0119cie, [&hellip;]<\/p>\n","protected":false},"author":1,"featured_media":20945,"comment_status":"closed","ping_status":"open","sticky":false,"template":"","format":"standard","meta":{"jetpack_post_was_ever_published":false,"_jetpack_newsletter_access":"","_jetpack_dont_email_post_to_subs":false,"_jetpack_newsletter_tier_id":0,"_jetpack_memberships_contains_paywalled_content":false,"_jetpack_memberships_contains_paid_content":false,"footnotes":"","jetpack_publicize_message":"","jetpack_publicize_feature_enabled":true,"jetpack_social_post_already_shared":true,"jetpack_social_options":{"image_generator_settings":{"template":"highway","default_image_id":0,"enabled":false},"version":2}},"categories":[1],"tags":[],"class_list":["post-20944","post","type-post","status-publish","format-standard","has-post-thumbnail","hentry","category-uncategorized"],"jetpack_publicize_connections":[],"jetpack_featured_media_url":"http:\/\/muzykabeztajemnic.info.pl\/wp-content\/uploads\/2020\/09\/image002-3.jpg","jetpack_sharing_enabled":true,"jetpack_shortlink":"https:\/\/wp.me\/p67auQ-5rO","_links":{"self":[{"href":"http:\/\/muzykabeztajemnic.info.pl\/index.php?rest_route=\/wp\/v2\/posts\/20944","targetHints":{"allow":["GET"]}}],"collection":[{"href":"http:\/\/muzykabeztajemnic.info.pl\/index.php?rest_route=\/wp\/v2\/posts"}],"about":[{"href":"http:\/\/muzykabeztajemnic.info.pl\/index.php?rest_route=\/wp\/v2\/types\/post"}],"author":[{"embeddable":true,"href":"http:\/\/muzykabeztajemnic.info.pl\/index.php?rest_route=\/wp\/v2\/users\/1"}],"replies":[{"embeddable":true,"href":"http:\/\/muzykabeztajemnic.info.pl\/index.php?rest_route=%2Fwp%2Fv2%2Fcomments&post=20944"}],"version-history":[{"count":0,"href":"http:\/\/muzykabeztajemnic.info.pl\/index.php?rest_route=\/wp\/v2\/posts\/20944\/revisions"}],"wp:featuredmedia":[{"embeddable":true,"href":"http:\/\/muzykabeztajemnic.info.pl\/index.php?rest_route=\/wp\/v2\/media\/20945"}],"wp:attachment":[{"href":"http:\/\/muzykabeztajemnic.info.pl\/index.php?rest_route=%2Fwp%2Fv2%2Fmedia&parent=20944"}],"wp:term":[{"taxonomy":"category","embeddable":true,"href":"http:\/\/muzykabeztajemnic.info.pl\/index.php?rest_route=%2Fwp%2Fv2%2Fcategories&post=20944"},{"taxonomy":"post_tag","embeddable":true,"href":"http:\/\/muzykabeztajemnic.info.pl\/index.php?rest_route=%2Fwp%2Fv2%2Ftags&post=20944"}],"curies":[{"name":"wp","href":"https:\/\/api.w.org\/{rel}","templated":true}]}}