{"id":20892,"date":"2020-09-22T10:33:34","date_gmt":"2020-09-22T10:33:34","guid":{"rendered":"https:\/\/muzykabeztajemnic.info.pl\/?p=20892"},"modified":"2020-09-22T10:33:36","modified_gmt":"2020-09-22T10:33:36","slug":"premiera-miliony-spojrzen-magdaleny-piech","status":"publish","type":"post","link":"http:\/\/muzykabeztajemnic.info.pl\/?p=20892","title":{"rendered":"Premiera: &#8222;Miliony spojrze\u0144 Magdaleny Piech&#8221;"},"content":{"rendered":"\n<figure class=\"wp-block-image size-large\"><img loading=\"lazy\" decoding=\"async\" width=\"700\" height=\"393\" src=\"https:\/\/muzykabeztajemnic.info.pl\/wp-content\/uploads\/2020\/09\/IMG_7294.jpeg\" alt=\"\" class=\"wp-image-20893\" srcset=\"http:\/\/muzykabeztajemnic.info.pl\/wp-content\/uploads\/2020\/09\/IMG_7294.jpeg 700w, http:\/\/muzykabeztajemnic.info.pl\/wp-content\/uploads\/2020\/09\/IMG_7294-500x281.jpeg 500w\" sizes=\"auto, (max-width: 700px) 100vw, 700px\" \/><figcaption>Foto: Materia\u0142y promocyjne<\/figcaption><\/figure>\n\n\n\n<p>M\u0142oda 23 letnia wokalistka z Cz\u0119stochowy <strong>Magdalena Piech<\/strong> postanowi\u0142a zawalczy\u0107 o swoje marzenia i przy wsp\u00f3\u0142pracy z duetem kompozytorskim: Aleksandra Wi\u015bniewska i Micha\u0142 W\u0142odarski &#8211; stworzy\u0142a sw\u00f3j debiutancki singiel pod tytu\u0142em <strong>&#8222;Milion Spojrze\u0144&#8221;<\/strong>.<\/p>\n\n\n\n<figure class=\"wp-block-embed-youtube wp-block-embed is-type-video is-provider-youtube wp-embed-aspect-16-9 wp-has-aspect-ratio\"><div class=\"wp-block-embed__wrapper\">\n<iframe loading=\"lazy\" title=\"Magdalena Piech - Milion Spojrze\u0144 ( official video)\" width=\"800\" height=\"450\" src=\"https:\/\/www.youtube.com\/embed\/p76pj9rHv5k?feature=oembed\" frameborder=\"0\" allow=\"accelerometer; autoplay; clipboard-write; encrypted-media; gyroscope; picture-in-picture; web-share\" referrerpolicy=\"strict-origin-when-cross-origin\" allowfullscreen><\/iframe>\n<\/div><\/figure>\n\n\n\n<p>Sama Magda wspomina, \u017ce tym utworem prze\u0142amuje swoje l\u0119ki i walczy o swoje marzenia:<\/p>\n\n\n\n<p><em>&#8222;Piosenka opisuje moje \u017cycie i wielki prze\u0142om, kt\u00f3ry nast\u0105pi\u0142 w pewnej chwili. Do tej pory ba\u0142am si\u0119 realizowa\u0107 swoje plany i marzenia, bardzo du\u017co os\u00f3b mnie od tego odci\u0105ga\u0142o i pr\u00f3bowa\u0142o wm\u00f3wi\u0107, \u017ce to s\u0105 rzeczy dla mnie nieosi\u0105galne. Tym utworem prze\u0142amuje wewn\u0119trzne l\u0119ki, zostawiam za sob\u0105 z\u0142ych ludzi i czas. Dojrza\u0142am do pewnych rzeczy i dzi\u015b ju\u017c wiem, \u017ce warto mie\u0107 marzenia i je sukcesywnie realizowa\u0107. Mia\u0142am bardzo ci\u0119\u017cki okres w swoim \u017cyciu. Jestem mam\u0105, ci\u0119\u017cko pracuje i to moja c\u00f3rka daje mi si\u0142\u0119 do dzia\u0142ania.\u00a0<\/em><\/p>\n\n\n\n<figure class=\"wp-block-image size-large\"><img loading=\"lazy\" decoding=\"async\" width=\"700\" height=\"393\" src=\"https:\/\/muzykabeztajemnic.info.pl\/wp-content\/uploads\/2020\/09\/IMG_7678.jpeg\" alt=\"\" class=\"wp-image-20894\" srcset=\"http:\/\/muzykabeztajemnic.info.pl\/wp-content\/uploads\/2020\/09\/IMG_7678.jpeg 700w, http:\/\/muzykabeztajemnic.info.pl\/wp-content\/uploads\/2020\/09\/IMG_7678-500x281.jpeg 500w\" sizes=\"auto, (max-width: 700px) 100vw, 700px\" \/><figcaption>Foto: Materia\u0142y promocyjne<\/figcaption><\/figure>\n\n\n\n<p><em>&nbsp;Na dzie\u0144 dzisiejszy jest przy mnie w\u0105skie grono os\u00f3b, kt\u00f3re mnie wspiera i bardzo mi pomaga. Jest to moja rodzina i przyjaciele. Tym utworem chc\u0119 im wszystkim podzi\u0119kowa\u0107 za wsparcie.&#8221;<br><\/em><\/p>\n\n\n\n<p>Prywatnie Magdalena jest te\u017c pe\u0142no etatow\u0105 mam\u0105, kt\u00f3ra \u0142\u0105czy prac\u0119 z \u017cyciem rodzinnym.<\/p>\n\n\n\n<figure class=\"wp-block-image size-large\"><img loading=\"lazy\" decoding=\"async\" width=\"700\" height=\"393\" src=\"https:\/\/muzykabeztajemnic.info.pl\/wp-content\/uploads\/2020\/09\/118.jpg\" alt=\"\" class=\"wp-image-20895\" srcset=\"http:\/\/muzykabeztajemnic.info.pl\/wp-content\/uploads\/2020\/09\/118.jpg 700w, http:\/\/muzykabeztajemnic.info.pl\/wp-content\/uploads\/2020\/09\/118-500x281.jpg 500w\" sizes=\"auto, (max-width: 700px) 100vw, 700px\" \/><figcaption>Foto: Materia\u0142y promocyjne<\/figcaption><\/figure>\n","protected":false},"excerpt":{"rendered":"<p>M\u0142oda 23 letnia wokalistka z Cz\u0119stochowy Magdalena Piech postanowi\u0142a zawalczy\u0107 o swoje marzenia i przy wsp\u00f3\u0142pracy z duetem kompozytorskim: Aleksandra Wi\u015bniewska i Micha\u0142 W\u0142odarski &#8211; stworzy\u0142a sw\u00f3j debiutancki singiel pod tytu\u0142em &#8222;Milion Spojrze\u0144&#8221;. Sama Magda wspomina, \u017ce tym utworem prze\u0142amuje swoje l\u0119ki i walczy o swoje marzenia: &#8222;Piosenka opisuje moje \u017cycie i wielki prze\u0142om, kt\u00f3ry [&hellip;]<\/p>\n","protected":false},"author":1,"featured_media":20893,"comment_status":"closed","ping_status":"open","sticky":false,"template":"","format":"standard","meta":{"jetpack_post_was_ever_published":false,"_jetpack_newsletter_access":"","_jetpack_dont_email_post_to_subs":false,"_jetpack_newsletter_tier_id":0,"_jetpack_memberships_contains_paywalled_content":false,"_jetpack_memberships_contains_paid_content":false,"footnotes":"","jetpack_publicize_message":"","jetpack_publicize_feature_enabled":true,"jetpack_social_post_already_shared":true,"jetpack_social_options":{"image_generator_settings":{"template":"highway","default_image_id":0,"enabled":false},"version":2}},"categories":[6],"tags":[],"class_list":["post-20892","post","type-post","status-publish","format-standard","has-post-thumbnail","hentry","category-klipy"],"jetpack_publicize_connections":[],"jetpack_featured_media_url":"http:\/\/muzykabeztajemnic.info.pl\/wp-content\/uploads\/2020\/09\/IMG_7294.jpeg","jetpack_sharing_enabled":true,"jetpack_shortlink":"https:\/\/wp.me\/p67auQ-5qY","_links":{"self":[{"href":"http:\/\/muzykabeztajemnic.info.pl\/index.php?rest_route=\/wp\/v2\/posts\/20892","targetHints":{"allow":["GET"]}}],"collection":[{"href":"http:\/\/muzykabeztajemnic.info.pl\/index.php?rest_route=\/wp\/v2\/posts"}],"about":[{"href":"http:\/\/muzykabeztajemnic.info.pl\/index.php?rest_route=\/wp\/v2\/types\/post"}],"author":[{"embeddable":true,"href":"http:\/\/muzykabeztajemnic.info.pl\/index.php?rest_route=\/wp\/v2\/users\/1"}],"replies":[{"embeddable":true,"href":"http:\/\/muzykabeztajemnic.info.pl\/index.php?rest_route=%2Fwp%2Fv2%2Fcomments&post=20892"}],"version-history":[{"count":0,"href":"http:\/\/muzykabeztajemnic.info.pl\/index.php?rest_route=\/wp\/v2\/posts\/20892\/revisions"}],"wp:featuredmedia":[{"embeddable":true,"href":"http:\/\/muzykabeztajemnic.info.pl\/index.php?rest_route=\/wp\/v2\/media\/20893"}],"wp:attachment":[{"href":"http:\/\/muzykabeztajemnic.info.pl\/index.php?rest_route=%2Fwp%2Fv2%2Fmedia&parent=20892"}],"wp:term":[{"taxonomy":"category","embeddable":true,"href":"http:\/\/muzykabeztajemnic.info.pl\/index.php?rest_route=%2Fwp%2Fv2%2Fcategories&post=20892"},{"taxonomy":"post_tag","embeddable":true,"href":"http:\/\/muzykabeztajemnic.info.pl\/index.php?rest_route=%2Fwp%2Fv2%2Ftags&post=20892"}],"curies":[{"name":"wp","href":"https:\/\/api.w.org\/{rel}","templated":true}]}}