{"id":20870,"date":"2020-09-16T14:21:17","date_gmt":"2020-09-16T14:21:17","guid":{"rendered":"https:\/\/muzykabeztajemnic.info.pl\/?p=20870"},"modified":"2020-09-16T14:21:19","modified_gmt":"2020-09-16T14:21:19","slug":"domowka-z-dwojka-jazzowy-pianista-dominik-wania-gra-nie-tylko-ravela","status":"publish","type":"post","link":"http:\/\/muzykabeztajemnic.info.pl\/?p=20870","title":{"rendered":"\u201eDOM\u00d3WKA Z DW\u00d3JK\u0104\u201d \u2013 JAZZOWY PIANISTA DOMINIK WANIA GRA (NIE TYLKO) RAVELA"},"content":{"rendered":"\n<figure class=\"wp-block-image size-large\"><img loading=\"lazy\" decoding=\"async\" width=\"800\" height=\"261\" src=\"https:\/\/muzykabeztajemnic.info.pl\/wp-content\/uploads\/2020\/09\/dwojkalogo-800x261.jpg\" alt=\"\" class=\"wp-image-20819\" srcset=\"http:\/\/muzykabeztajemnic.info.pl\/wp-content\/uploads\/2020\/09\/dwojkalogo-800x261.jpg 800w, http:\/\/muzykabeztajemnic.info.pl\/wp-content\/uploads\/2020\/09\/dwojkalogo-500x163.jpg 500w, http:\/\/muzykabeztajemnic.info.pl\/wp-content\/uploads\/2020\/09\/dwojkalogo-768x251.jpg 768w, http:\/\/muzykabeztajemnic.info.pl\/wp-content\/uploads\/2020\/09\/dwojkalogo.jpg 836w\" sizes=\"auto, (max-width: 800px) 100vw, 800px\" \/><\/figure>\n\n\n\n<p>Muzyk, kompozytor, pedagog \u2013 w tych wszystkich rolach Domnik Wania czuje si\u0119 znakomicie. A jak\u00a0 m\u0142ody pianista jazzowy zaprezentuje si\u0119 w trakcie kameralnego koncertu dla s\u0142uchaczy Programu 2 Polskiego Radia i internaut\u00f3w? Przekonamy si\u0119 o tym ju\u017c w sobot\u0119 19 wrze\u015bnia w \u201eDom\u00f3wce z Dw\u00f3jk\u0105\u201d. Emisja jego solowego recitalu od godz. 19.00 \u2013 na antenie radiowej Dw\u00f3jki, stronie internetowej i Facebooku stacji oraz na kanale YouTube Polskiego Radia.<\/p>\n\n\n\n<p>Jako muzyk sesyjny wsp\u00f3\u0142pracowa\u0142 z takimi artystami, jak: Tomasz Sta\u0144ko, Leszek Mo\u017cd\u017cer, Zbigniew Namys\u0142owski czy Marcus Miller. Uczestniczy tak\u017ce w projektach muzyk\u00f3w m\u0142odego pokolenia, np. Maciej Obara International Quartet oraz Noise Trio. W swoim dorobku ma nagrania dla radia i telewizji. Koncertowa\u0142 w wielu krajach Europy, w Azji oraz w USA. W 2013 roku wyda\u0142 \u2013 pod szyldem Dominik Wania Trio \u2013 debiutancki album \u201eRavel\u201d prezentuj\u0105cy jazzowe opracowanie jednego z wybitnych dzie\u0142 fortepianowych Maurice\u2019a Ravela \u2013 \u201eMiroirs\u201d. Za t\u0119 p\u0142yt\u0119 Wania otrzyma\u0142 dwa Fryderyki 2014 \u2013 w kategoriach Jazzowy Album Roku i Debiut Roku.<\/p>\n\n\n\n<p><em>\u2013 W trakcie sobotniej \u201eDom\u00f3wki z Dw\u00f3jk\u0105\u201d zaprezentuj\u0119 dwa utwory z tego kr\u0105\u017cka, czyli \u201eNoctuelles\u201d i \u201eOiseaux Tristes\u201d<\/em> \u2013 m\u00f3wi\u0142 muzyk w Programie 2 Polskiego Radia. Domnik Wania doda\u0142 r\u00f3wnie\u017c, \u017ce maj\u0105c do dyspozycji zaledwie 30 minut, skupi si\u0119 na dw\u00f3ch nurtach swojej tw\u00f3rczo\u015bci. Pierwszym z nich jest wspomniany, ravelowski debiut, a drugim b\u0119dzie improwizacja. W\u0142a\u015bnie w ten spos\u00f3b skomponowa\u0142 i nagra\u0142 sw\u00f3j drugi i wysoko oceniany album \u201eLonely Shadows\u201d, kt\u00f3ry ukaza\u0142 si\u0119 w tym roku nak\u0142adem s\u0142ynnej wytw\u00f3rni ECM.<\/p>\n\n\n\n<p>Transmisja koncertu <strong>w sobot\u0119 19 wrze\u015bnia o godz. 19.00 \u2013 <\/strong>na antenie, stronie internetowej i Facebooku Dw\u00f3jki oraz na kanale YouTube Polskiego Radia.<\/p>\n","protected":false},"excerpt":{"rendered":"<p>Muzyk, kompozytor, pedagog \u2013 w tych wszystkich rolach Domnik Wania czuje si\u0119 znakomicie. A jak\u00a0 m\u0142ody pianista jazzowy zaprezentuje si\u0119 w trakcie kameralnego koncertu dla s\u0142uchaczy Programu 2 Polskiego Radia i internaut\u00f3w? Przekonamy si\u0119 o tym ju\u017c w sobot\u0119 19 wrze\u015bnia w \u201eDom\u00f3wce z Dw\u00f3jk\u0105\u201d. Emisja jego solowego recitalu od godz. 19.00 \u2013 na antenie [&hellip;]<\/p>\n","protected":false},"author":1,"featured_media":20819,"comment_status":"closed","ping_status":"open","sticky":false,"template":"","format":"standard","meta":{"jetpack_post_was_ever_published":false,"_jetpack_newsletter_access":"","_jetpack_dont_email_post_to_subs":false,"_jetpack_newsletter_tier_id":0,"_jetpack_memberships_contains_paywalled_content":false,"_jetpack_memberships_contains_paid_content":false,"footnotes":"","jetpack_publicize_message":"","jetpack_publicize_feature_enabled":true,"jetpack_social_post_already_shared":true,"jetpack_social_options":{"image_generator_settings":{"template":"highway","default_image_id":0,"enabled":false},"version":2}},"categories":[1],"tags":[],"class_list":["post-20870","post","type-post","status-publish","format-standard","has-post-thumbnail","hentry","category-uncategorized"],"jetpack_publicize_connections":[],"jetpack_featured_media_url":"http:\/\/muzykabeztajemnic.info.pl\/wp-content\/uploads\/2020\/09\/dwojkalogo.jpg","jetpack_sharing_enabled":true,"jetpack_shortlink":"https:\/\/wp.me\/p67auQ-5qC","_links":{"self":[{"href":"http:\/\/muzykabeztajemnic.info.pl\/index.php?rest_route=\/wp\/v2\/posts\/20870","targetHints":{"allow":["GET"]}}],"collection":[{"href":"http:\/\/muzykabeztajemnic.info.pl\/index.php?rest_route=\/wp\/v2\/posts"}],"about":[{"href":"http:\/\/muzykabeztajemnic.info.pl\/index.php?rest_route=\/wp\/v2\/types\/post"}],"author":[{"embeddable":true,"href":"http:\/\/muzykabeztajemnic.info.pl\/index.php?rest_route=\/wp\/v2\/users\/1"}],"replies":[{"embeddable":true,"href":"http:\/\/muzykabeztajemnic.info.pl\/index.php?rest_route=%2Fwp%2Fv2%2Fcomments&post=20870"}],"version-history":[{"count":0,"href":"http:\/\/muzykabeztajemnic.info.pl\/index.php?rest_route=\/wp\/v2\/posts\/20870\/revisions"}],"wp:featuredmedia":[{"embeddable":true,"href":"http:\/\/muzykabeztajemnic.info.pl\/index.php?rest_route=\/wp\/v2\/media\/20819"}],"wp:attachment":[{"href":"http:\/\/muzykabeztajemnic.info.pl\/index.php?rest_route=%2Fwp%2Fv2%2Fmedia&parent=20870"}],"wp:term":[{"taxonomy":"category","embeddable":true,"href":"http:\/\/muzykabeztajemnic.info.pl\/index.php?rest_route=%2Fwp%2Fv2%2Fcategories&post=20870"},{"taxonomy":"post_tag","embeddable":true,"href":"http:\/\/muzykabeztajemnic.info.pl\/index.php?rest_route=%2Fwp%2Fv2%2Ftags&post=20870"}],"curies":[{"name":"wp","href":"https:\/\/api.w.org\/{rel}","templated":true}]}}