{"id":20859,"date":"2020-09-11T09:11:16","date_gmt":"2020-09-11T09:11:16","guid":{"rendered":"https:\/\/muzykabeztajemnic.info.pl\/?p=20859"},"modified":"2020-09-11T09:11:18","modified_gmt":"2020-09-11T09:11:18","slug":"orkiestra-polskiego-radia-w-warszawie-inauguruje-sezon-koncertowy-gwiazda-sopranistka-olga-pasiecznik-transmisja-w-radiowej-dwojce-i-on-line","status":"publish","type":"post","link":"http:\/\/muzykabeztajemnic.info.pl\/?p=20859","title":{"rendered":"ORKIESTRA POLSKIEGO RADIA W WARSZAWIE INAUGURUJE SEZON KONCERTOWY \u2013 GWIAZD\u0104 SOPRANISTKA OLGA PASIECZNIK. TRANSMISJA W RADIOWEJ DW\u00d3JCE I ON-LINE"},"content":{"rendered":"\n<figure class=\"wp-block-image size-large\"><img loading=\"lazy\" decoding=\"async\" width=\"800\" height=\"261\" src=\"https:\/\/muzykabeztajemnic.info.pl\/wp-content\/uploads\/2020\/09\/dwojkalogo-800x261.jpg\" alt=\"\" class=\"wp-image-20819\" srcset=\"http:\/\/muzykabeztajemnic.info.pl\/wp-content\/uploads\/2020\/09\/dwojkalogo-800x261.jpg 800w, http:\/\/muzykabeztajemnic.info.pl\/wp-content\/uploads\/2020\/09\/dwojkalogo-500x163.jpg 500w, http:\/\/muzykabeztajemnic.info.pl\/wp-content\/uploads\/2020\/09\/dwojkalogo-768x251.jpg 768w, http:\/\/muzykabeztajemnic.info.pl\/wp-content\/uploads\/2020\/09\/dwojkalogo.jpg 836w\" sizes=\"auto, (max-width: 800px) 100vw, 800px\" \/><\/figure>\n\n\n\n<p>Beethoven, Haydn i Lessel to bohaterowie koncertu, kt\u00f3rym Orkiestra Polskiego Radia w Warszawie rozpocznie sezon artystyczny 2020\/2021. Gwiazd\u0105 wieczoru b\u0119dzie znakomita sopranistka Olga Pasiecznik, a Orkiestr\u0119 poprowadzi jej dyrektor artystyczny Micha\u0142 Klauza. Transmisja wydarzenia, kt\u00f3re odb\u0119dzie si\u0119 bez udzia\u0142u publiczno\u015bci, w niedziel\u0119 13 wrze\u015bnia o godz. 18.00 w Programie 2 Polskiego Radia. Streaming wideo na stronie polskieradio.pl oraz na stronie internetowej i Facebooku Dw\u00f3jki.<\/p>\n\n\n\n<p>\u2013 W nowych warunkach rygoru sanitarnego niestety nie mo\u017cemy spotka\u0107 si\u0119 z melomanami w Studiu Koncertowym Polskiego Radia, ale serdecznie zapraszamy do wys\u0142uchania transmisji z naszego koncertu na antenie radiowej Dw\u00f3jki oraz do obejrzenia streamingu na stronie Polskiego Radia \u2013 m\u00f3wi dyrektor artystyczny Orkiestry Polskiego Radia w Warszawie i jej dyrygent Micha\u0142 Klauza (na zdj\u0119ciu). Do udzia\u0142u w koncercie zaprosi\u0142 on wybitn\u0105 sopranistk\u0119 Olg\u0119 Pasiecznik, kt\u00f3ra wykona dwie kompozycje \u2013 arie koncertowe klasyk\u00f3w wiede\u0144skich: Scena di Berenice Josepha Haydna oraz Ah! Perfido Ludwiga van Beethovena.<\/p>\n\n\n\n<p><br>Muzycy uczcz\u0105 tak\u017ce 250-lecie urodzin Beethovena prezentuj\u0105c II Symfoni\u0119 D-dur \u2013 jedno z najbardziej pogodnych i witalnych dzie\u0142 w tw\u00f3rczo\u015bci Mistrza. Koncert rozpocznie Finale Molto Presto, czyli utw\u00f3r Franciszka Lessela \u2013 polskiego kompozytora, ucznia Josepha Haydna. \u2013 Serdecznie Pa\u0144stwa zapraszam na pe\u0142en pogody ducha i pozytywnych emocji koncert w wykonaniu Artyst\u00f3w Orkiestry Polskiego Radia w Warszawie \u2013 dodaje Micha\u0142 Klauza.<\/p>\n\n\n\n<p><br>Studio Koncertowe Polskiego Radia im. Witolda Lutos\u0142awskiego \u2013 13 wrze\u015bnia (niedziela), godz. 18.00; w programie: Franciszek Lessel \u2013 Finale Molto Presto, Joseph Haydn \u2013 Scena di Berenice Hob.XXIVa:10, Ludwig van Beethoven \u2013 Ah! Perfido op. 65; II Symfonia D-dur op. 36; wykonawcy: Micha\u0142 Klauza \u2013 dyrygent, Olga Pasiecznik \u2013 sopran, Orkiestra Polskiego Radia w Warszawie.<\/p>\n\n\n\n<p><br>Koncert bez udzia\u0142u publiczno\u015bci. Transmisja w Programie 2 Polskiego Radia oraz \u2013 w formie wideo \u2013 na stronie polskieradio.pl oraz stronie internetowej i Facebooku Dw\u00f3jki.<\/p>\n","protected":false},"excerpt":{"rendered":"<p>Beethoven, Haydn i Lessel to bohaterowie koncertu, kt\u00f3rym Orkiestra Polskiego Radia w Warszawie rozpocznie sezon artystyczny 2020\/2021. Gwiazd\u0105 wieczoru b\u0119dzie znakomita sopranistka Olga Pasiecznik, a Orkiestr\u0119 poprowadzi jej dyrektor artystyczny Micha\u0142 Klauza. Transmisja wydarzenia, kt\u00f3re odb\u0119dzie si\u0119 bez udzia\u0142u publiczno\u015bci, w niedziel\u0119 13 wrze\u015bnia o godz. 18.00 w Programie 2 Polskiego Radia. Streaming wideo na [&hellip;]<\/p>\n","protected":false},"author":1,"featured_media":20819,"comment_status":"closed","ping_status":"open","sticky":false,"template":"","format":"standard","meta":{"jetpack_post_was_ever_published":false,"_jetpack_newsletter_access":"","_jetpack_dont_email_post_to_subs":false,"_jetpack_newsletter_tier_id":0,"_jetpack_memberships_contains_paywalled_content":false,"_jetpack_memberships_contains_paid_content":false,"footnotes":"","jetpack_publicize_message":"","jetpack_publicize_feature_enabled":true,"jetpack_social_post_already_shared":true,"jetpack_social_options":{"image_generator_settings":{"template":"highway","default_image_id":0,"enabled":false},"version":2}},"categories":[1],"tags":[],"class_list":["post-20859","post","type-post","status-publish","format-standard","has-post-thumbnail","hentry","category-uncategorized"],"jetpack_publicize_connections":[],"jetpack_featured_media_url":"http:\/\/muzykabeztajemnic.info.pl\/wp-content\/uploads\/2020\/09\/dwojkalogo.jpg","jetpack_sharing_enabled":true,"jetpack_shortlink":"https:\/\/wp.me\/p67auQ-5qr","_links":{"self":[{"href":"http:\/\/muzykabeztajemnic.info.pl\/index.php?rest_route=\/wp\/v2\/posts\/20859","targetHints":{"allow":["GET"]}}],"collection":[{"href":"http:\/\/muzykabeztajemnic.info.pl\/index.php?rest_route=\/wp\/v2\/posts"}],"about":[{"href":"http:\/\/muzykabeztajemnic.info.pl\/index.php?rest_route=\/wp\/v2\/types\/post"}],"author":[{"embeddable":true,"href":"http:\/\/muzykabeztajemnic.info.pl\/index.php?rest_route=\/wp\/v2\/users\/1"}],"replies":[{"embeddable":true,"href":"http:\/\/muzykabeztajemnic.info.pl\/index.php?rest_route=%2Fwp%2Fv2%2Fcomments&post=20859"}],"version-history":[{"count":0,"href":"http:\/\/muzykabeztajemnic.info.pl\/index.php?rest_route=\/wp\/v2\/posts\/20859\/revisions"}],"wp:featuredmedia":[{"embeddable":true,"href":"http:\/\/muzykabeztajemnic.info.pl\/index.php?rest_route=\/wp\/v2\/media\/20819"}],"wp:attachment":[{"href":"http:\/\/muzykabeztajemnic.info.pl\/index.php?rest_route=%2Fwp%2Fv2%2Fmedia&parent=20859"}],"wp:term":[{"taxonomy":"category","embeddable":true,"href":"http:\/\/muzykabeztajemnic.info.pl\/index.php?rest_route=%2Fwp%2Fv2%2Fcategories&post=20859"},{"taxonomy":"post_tag","embeddable":true,"href":"http:\/\/muzykabeztajemnic.info.pl\/index.php?rest_route=%2Fwp%2Fv2%2Ftags&post=20859"}],"curies":[{"name":"wp","href":"https:\/\/api.w.org\/{rel}","templated":true}]}}