{"id":20857,"date":"2020-09-11T09:09:58","date_gmt":"2020-09-11T09:09:58","guid":{"rendered":"https:\/\/muzykabeztajemnic.info.pl\/?p=20857"},"modified":"2020-09-11T09:10:00","modified_gmt":"2020-09-11T09:10:00","slug":"matt-dusk-prezentuje-singiel-come-fly-with-me","status":"publish","type":"post","link":"http:\/\/muzykabeztajemnic.info.pl\/?p=20857","title":{"rendered":"Matt Dusk prezentuje singiel &#8222;Come Fly With Me&#8221;"},"content":{"rendered":"\n<figure class=\"wp-block-embed-youtube wp-block-embed is-type-video is-provider-youtube wp-embed-aspect-16-9 wp-has-aspect-ratio\"><div class=\"wp-block-embed__wrapper\">\n<iframe loading=\"lazy\" title=\"Matt Dusk - Come Fly With Me - Lyric Video\" width=\"800\" height=\"450\" src=\"https:\/\/www.youtube.com\/embed\/cP9sYPXgDrg?feature=oembed\" frameborder=\"0\" allow=\"accelerometer; autoplay; clipboard-write; encrypted-media; gyroscope; picture-in-picture; web-share\" referrerpolicy=\"strict-origin-when-cross-origin\" allowfullscreen><\/iframe>\n<\/div><\/figure>\n\n\n\n<p>Come Fly With Me\u201d to kolejny utw\u00f3r\u00a0 z zapowiadanej na jesie\u0144 p\u0142yty Matta Duska z repertuarem Franka Sinatry.\u00a0 Album uka\u017ce si\u0119 9 pa\u017adziernika w dw\u00f3ch wersjach &#8211; Deluxe &#8211; zawieraj\u0105cej 13 utwor\u00f3w i wersji standard z 11 kawa\u0142kami. Do utworu powsta\u0142o klimatyczne lyric video, w kt\u00f3rym wykorzystano stare lotnicze nagrania, z czas\u00f3w, w kt\u00f3rych, jak komentuje Dusk &#8211; latanie by\u0142o bardziej ni\u017c glamour, a u szczytu popularno\u015bci by\u0142 w\u0142a\u015bnie jego idol \u2013 Frank Sinatra.<\/p>\n\n\n\n<p><br>Pod koniec sierpnia Matt odwiedzi\u0142 Polsk\u0119 <a class=\"\" href=\"http:\/\/m.in\">m.in<\/a>\u00a0 w zwi\u0105zku z promocj\u0105 najnowszego wydawnictwa. Podczas swojego pobytu w Warszawie artysta nagra\u0142 teledysk do utworu \u201cLearnin\u2019 the Blues\u201d , kt\u00f3rego premiera odb\u0119dzie si\u0119 ju\u017c za kilka tygodni.\u00a0 Ale to nie wszystko, w duecie z Mattem us\u0142yszymy jednego z czo\u0142owych polskich artyst\u00f3w, i tak jak w przypadku utworu My Way &#8211; b\u0119dzie to wersja polsko &#8211; angielska.\u00a0<br>\u201eSinatra With Matt Dusk\u201d &#8211; premiera 9 pa\u017adziernika 2020.<\/p>\n","protected":false},"excerpt":{"rendered":"<p>Come Fly With Me\u201d to kolejny utw\u00f3r\u00a0 z zapowiadanej na jesie\u0144 p\u0142yty Matta Duska z repertuarem Franka Sinatry.\u00a0 Album uka\u017ce si\u0119 9 pa\u017adziernika w dw\u00f3ch wersjach &#8211; Deluxe &#8211; zawieraj\u0105cej 13 utwor\u00f3w i wersji standard z 11 kawa\u0142kami. Do utworu powsta\u0142o klimatyczne lyric video, w kt\u00f3rym wykorzystano stare lotnicze nagrania, z czas\u00f3w, w kt\u00f3rych, jak [&hellip;]<\/p>\n","protected":false},"author":1,"featured_media":0,"comment_status":"closed","ping_status":"open","sticky":false,"template":"","format":"standard","meta":{"jetpack_post_was_ever_published":false,"_jetpack_newsletter_access":"","_jetpack_dont_email_post_to_subs":false,"_jetpack_newsletter_tier_id":0,"_jetpack_memberships_contains_paywalled_content":false,"_jetpack_memberships_contains_paid_content":false,"footnotes":"","jetpack_publicize_message":"","jetpack_publicize_feature_enabled":true,"jetpack_social_post_already_shared":true,"jetpack_social_options":{"image_generator_settings":{"template":"highway","default_image_id":0,"enabled":false},"version":2}},"categories":[6],"tags":[],"class_list":["post-20857","post","type-post","status-publish","format-standard","hentry","category-klipy"],"jetpack_publicize_connections":[],"jetpack_featured_media_url":"","jetpack_sharing_enabled":true,"jetpack_shortlink":"https:\/\/wp.me\/p67auQ-5qp","_links":{"self":[{"href":"http:\/\/muzykabeztajemnic.info.pl\/index.php?rest_route=\/wp\/v2\/posts\/20857","targetHints":{"allow":["GET"]}}],"collection":[{"href":"http:\/\/muzykabeztajemnic.info.pl\/index.php?rest_route=\/wp\/v2\/posts"}],"about":[{"href":"http:\/\/muzykabeztajemnic.info.pl\/index.php?rest_route=\/wp\/v2\/types\/post"}],"author":[{"embeddable":true,"href":"http:\/\/muzykabeztajemnic.info.pl\/index.php?rest_route=\/wp\/v2\/users\/1"}],"replies":[{"embeddable":true,"href":"http:\/\/muzykabeztajemnic.info.pl\/index.php?rest_route=%2Fwp%2Fv2%2Fcomments&post=20857"}],"version-history":[{"count":0,"href":"http:\/\/muzykabeztajemnic.info.pl\/index.php?rest_route=\/wp\/v2\/posts\/20857\/revisions"}],"wp:attachment":[{"href":"http:\/\/muzykabeztajemnic.info.pl\/index.php?rest_route=%2Fwp%2Fv2%2Fmedia&parent=20857"}],"wp:term":[{"taxonomy":"category","embeddable":true,"href":"http:\/\/muzykabeztajemnic.info.pl\/index.php?rest_route=%2Fwp%2Fv2%2Fcategories&post=20857"},{"taxonomy":"post_tag","embeddable":true,"href":"http:\/\/muzykabeztajemnic.info.pl\/index.php?rest_route=%2Fwp%2Fv2%2Ftags&post=20857"}],"curies":[{"name":"wp","href":"https:\/\/api.w.org\/{rel}","templated":true}]}}