{"id":20840,"date":"2020-09-09T09:50:46","date_gmt":"2020-09-09T09:50:46","guid":{"rendered":"https:\/\/muzykabeztajemnic.info.pl\/?p=20840"},"modified":"2020-09-09T09:50:50","modified_gmt":"2020-09-09T09:50:50","slug":"domowka-z-dwojka-z-wiednia-szymon-komasa-i-marcin-koziel-w-lirycznych-ariach","status":"publish","type":"post","link":"http:\/\/muzykabeztajemnic.info.pl\/?p=20840","title":{"rendered":"\u201eDOM\u00d3WKA Z DW\u00d3JK\u0104\u201d Z WIEDNIA: SZYMON KOMASA I MARCIN KOZIE\u0141 W LIRYCZNYCH ARIACH"},"content":{"rendered":"\n<figure class=\"wp-block-image size-large\"><img loading=\"lazy\" decoding=\"async\" width=\"800\" height=\"261\" src=\"https:\/\/muzykabeztajemnic.info.pl\/wp-content\/uploads\/2020\/09\/dwojkalogo-800x261.jpg\" alt=\"\" class=\"wp-image-20819\" srcset=\"http:\/\/muzykabeztajemnic.info.pl\/wp-content\/uploads\/2020\/09\/dwojkalogo-800x261.jpg 800w, http:\/\/muzykabeztajemnic.info.pl\/wp-content\/uploads\/2020\/09\/dwojkalogo-500x163.jpg 500w, http:\/\/muzykabeztajemnic.info.pl\/wp-content\/uploads\/2020\/09\/dwojkalogo-768x251.jpg 768w, http:\/\/muzykabeztajemnic.info.pl\/wp-content\/uploads\/2020\/09\/dwojkalogo.jpg 836w\" sizes=\"auto, (max-width: 800px) 100vw, 800px\" \/><\/figure>\n\n\n\n<p>\u201eDom\u00f3wka\u201d na dobre zadomowi\u0142a si\u0119 na antenie Dw\u00f3jki i w domach s\u0142uchaczy oraz internaut\u00f3w. Jej kameralno\u015b\u0107 i r\u00f3\u017cnorodno\u015b\u0107 przyci\u0105ga meloman\u00f3w z pozornie odleg\u0142ych zak\u0105tk\u00f3w muzycznego \u015bwiata. Bohaterami najbli\u017cszego odcinka cyklu b\u0119d\u0105: \u015bpiewak operowy Szymon Komasa oraz akompaniuj\u0105cy mu na fortepianie Marcin Kozie\u0142. Emisja recitalu zrealizowanego w ciep\u0142y, p\u00f3\u017anoletni wiecz\u00f3r w sercu Wiednia ju\u017c w najbli\u017csz\u0105 sobot\u0119 12 wrze\u015bnia o godz. 19.00 \u2013 na antenie radiowej Dw\u00f3jki, stronie internetowej i Facebooku stacji oraz na kanale YouTube Polskiego Radia. \u2013 B\u0119dzie melancholijnie i bardzo romantycznie \u2013 zapewnia Szymon Komasa.<\/p>\n\n\n\n<p>\u2013 Recital nagrali\u015bmy w centrum Wiednia i skoncentrowali\u015bmy si\u0119 na romantyczno-lirycznych pie\u015bniach oraz na hitowych ariach. Oczywi\u015bcie b\u0119d\u0105 te\u017c austriaccy kompozytorzy \u2013 opowiada\u0142 w audycji \u201eWybieram Dw\u00f3jk\u0119\u201d Szymon Komasa \u2013 znakomity \u015bpiewak operowy i wsp\u00f3\u0142gospodarz najbli\u017cszego odcinka \u201eDom\u00f3wki z Dw\u00f3jk\u0105\u201d. W trakcie recitalu Szymonowi Komasie b\u0119dzie akompaniowa\u0142 znakomity pianista Marcin Kozie\u0142.<\/p>\n\n\n\n<p>W programie koncertu znalaz\u0142y si\u0119 r\u00f3wnie\u017c pie\u015bni i piosenki, szczeg\u00f3lne te przed- i powojenne. \u2013 Jest to spontanicznie stworzony repertuar, ale te\u017c bardzo pasuj\u0105cy do obecnych czas\u00f3w, kt\u00f3re s\u0105 niepewne i do\u015b\u0107 chaotyczne \u2013 t\u0142umaczy artysta.<\/p>\n\n\n\n<p><br>Obecnie Szymon Komasa, w zwi\u0105zku z odwo\u0142aniem wi\u0119kszo\u015bci wydarze\u0144 artystycznych, zajmuje si\u0119 nagraniami. \u2013 To jest o tyle trudne, musia\u0142em zredukowa\u0107 swoje plany. Z drugiej jednak strony mam mo\u017cliwo\u015b\u0107 wsp\u00f3\u0142pracy z lepszymi orkiestrami, kt\u00f3re obecnie nie podr\u00f3\u017cuj\u0105, a chc\u0105 gra\u0107 i pracowa\u0107 \u2013 przyznaje \u015bpiewak. Jego zdaniem \u201ezamro\u017cone\u201d na wiele miesi\u0119cy \u017cycie artystyczne powoli wraca dzi\u015b do normalno\u015bci. \u2013 Czekam z niecierpliwo\u015bci\u0105 na powr\u00f3t do opery, na jej deski, jako \u015bpiewak w jednej z r\u00f3l. Na razie mam plany na stycze\u0144 \u2013 zaznacza artysta. I dodaje, \u017ce ta przerwa osobi\u015bcie sporo mu da\u0142a. \u2013 Wiele rzeczy ograniczy\u0142em, z innych zrezygnowa\u0142em. Dzi\u015b mam poczucie, \u017ce zacz\u0105\u0142em docenia\u0107 to, co mam. Na samym pocz\u0105tku epidemii, jeszcze w marcu, moja profesorka od \u015bpiewu zmar\u0142a na koronawirusa. To by\u0142 mocny punkt zwrotny w moim \u017cyciu \u2013 dodaje artysta.<\/p>\n\n\n\n<p><br>Transmisja koncertu w sobot\u0119 12 wrze\u015bnia o godz. 19.00 \u2013 na antenie, stronie internetowej i Facebooku Dw\u00f3jki oraz kanale YouTube Polskiego Radia.<\/p>\n","protected":false},"excerpt":{"rendered":"<p>\u201eDom\u00f3wka\u201d na dobre zadomowi\u0142a si\u0119 na antenie Dw\u00f3jki i w domach s\u0142uchaczy oraz internaut\u00f3w. Jej kameralno\u015b\u0107 i r\u00f3\u017cnorodno\u015b\u0107 przyci\u0105ga meloman\u00f3w z pozornie odleg\u0142ych zak\u0105tk\u00f3w muzycznego \u015bwiata. Bohaterami najbli\u017cszego odcinka cyklu b\u0119d\u0105: \u015bpiewak operowy Szymon Komasa oraz akompaniuj\u0105cy mu na fortepianie Marcin Kozie\u0142. Emisja recitalu zrealizowanego w ciep\u0142y, p\u00f3\u017anoletni wiecz\u00f3r w sercu Wiednia ju\u017c w najbli\u017csz\u0105 [&hellip;]<\/p>\n","protected":false},"author":1,"featured_media":20819,"comment_status":"closed","ping_status":"open","sticky":false,"template":"","format":"standard","meta":{"jetpack_post_was_ever_published":false,"_jetpack_newsletter_access":"","_jetpack_dont_email_post_to_subs":false,"_jetpack_newsletter_tier_id":0,"_jetpack_memberships_contains_paywalled_content":false,"_jetpack_memberships_contains_paid_content":false,"footnotes":"","jetpack_publicize_message":"","jetpack_publicize_feature_enabled":true,"jetpack_social_post_already_shared":true,"jetpack_social_options":{"image_generator_settings":{"template":"highway","default_image_id":0,"enabled":false},"version":2}},"categories":[1],"tags":[],"class_list":["post-20840","post","type-post","status-publish","format-standard","has-post-thumbnail","hentry","category-uncategorized"],"jetpack_publicize_connections":[],"jetpack_featured_media_url":"http:\/\/muzykabeztajemnic.info.pl\/wp-content\/uploads\/2020\/09\/dwojkalogo.jpg","jetpack_sharing_enabled":true,"jetpack_shortlink":"https:\/\/wp.me\/p67auQ-5q8","_links":{"self":[{"href":"http:\/\/muzykabeztajemnic.info.pl\/index.php?rest_route=\/wp\/v2\/posts\/20840","targetHints":{"allow":["GET"]}}],"collection":[{"href":"http:\/\/muzykabeztajemnic.info.pl\/index.php?rest_route=\/wp\/v2\/posts"}],"about":[{"href":"http:\/\/muzykabeztajemnic.info.pl\/index.php?rest_route=\/wp\/v2\/types\/post"}],"author":[{"embeddable":true,"href":"http:\/\/muzykabeztajemnic.info.pl\/index.php?rest_route=\/wp\/v2\/users\/1"}],"replies":[{"embeddable":true,"href":"http:\/\/muzykabeztajemnic.info.pl\/index.php?rest_route=%2Fwp%2Fv2%2Fcomments&post=20840"}],"version-history":[{"count":0,"href":"http:\/\/muzykabeztajemnic.info.pl\/index.php?rest_route=\/wp\/v2\/posts\/20840\/revisions"}],"wp:featuredmedia":[{"embeddable":true,"href":"http:\/\/muzykabeztajemnic.info.pl\/index.php?rest_route=\/wp\/v2\/media\/20819"}],"wp:attachment":[{"href":"http:\/\/muzykabeztajemnic.info.pl\/index.php?rest_route=%2Fwp%2Fv2%2Fmedia&parent=20840"}],"wp:term":[{"taxonomy":"category","embeddable":true,"href":"http:\/\/muzykabeztajemnic.info.pl\/index.php?rest_route=%2Fwp%2Fv2%2Fcategories&post=20840"},{"taxonomy":"post_tag","embeddable":true,"href":"http:\/\/muzykabeztajemnic.info.pl\/index.php?rest_route=%2Fwp%2Fv2%2Ftags&post=20840"}],"curies":[{"name":"wp","href":"https:\/\/api.w.org\/{rel}","templated":true}]}}