{"id":20837,"date":"2020-09-09T09:49:41","date_gmt":"2020-09-09T09:49:41","guid":{"rendered":"https:\/\/muzykabeztajemnic.info.pl\/?p=20837"},"modified":"2020-09-09T09:49:43","modified_gmt":"2020-09-09T09:49:43","slug":"alia-fay-prezentuje-teczowy-kalejdoskop","status":"publish","type":"post","link":"http:\/\/muzykabeztajemnic.info.pl\/?p=20837","title":{"rendered":"Alia Fay prezentuje \u201eT\u0119czowy Kalejdoskop\u201d"},"content":{"rendered":"\n<figure class=\"wp-block-image size-large\"><img loading=\"lazy\" decoding=\"async\" width=\"700\" height=\"700\" src=\"https:\/\/muzykabeztajemnic.info.pl\/wp-content\/uploads\/2020\/09\/okladkaalidafay.jpg\" alt=\"\" class=\"wp-image-20838\" srcset=\"http:\/\/muzykabeztajemnic.info.pl\/wp-content\/uploads\/2020\/09\/okladkaalidafay.jpg 700w, http:\/\/muzykabeztajemnic.info.pl\/wp-content\/uploads\/2020\/09\/okladkaalidafay-500x500.jpg 500w, http:\/\/muzykabeztajemnic.info.pl\/wp-content\/uploads\/2020\/09\/okladkaalidafay-150x150.jpg 150w\" sizes=\"auto, (max-width: 700px) 100vw, 700px\" \/><\/figure>\n\n\n\n<p>Wokalistka, flecistka i przede wszystkim Artystka Alia Fay zapowiada sw\u00f3j debiutancki album niezwykle interesuj\u0105cym utworem \u201eT\u0119czowy Kalejdoskop\u201d. Do piosenki powsta\u0142 r\u00f3wnie klimatyczny teledysk, kt\u00f3ry 8 wrze\u015bnia mia\u0142 swoj\u0105 premier\u0119 na jej kanale YT.<\/p>\n\n\n\n<p>Utw\u00f3r z pewno\u015bci\u0105 cechuje co\u015b wznios\u0142ego, mistycznego. Jak twierdzi Alia: \u201eT\u0119czowy Kalejdoskop\u201d opowiada nam o r\u00f3\u017cnicach w odbiorze rzeczywisto\u015bci. Buduje pewien kontrast i przeciwstawia odbi\u00f3r empiryczny, sensoryczny, osobisty z percepcj\u0105 bazuj\u0105c\u0105 na opiniach, schematach i mechanizmach. W skr\u00f3cie jest to klasyczne \u201eserce kontra szkie\u0142ko i oko\u201d. Narrator pr\u00f3buje przekona\u0107 bohatera, do kt\u00f3rego skierowany jest tekst, \u017ce nie wa\u017cne ile wiemy, ile przeczytali\u015bmy, ile informacji zdobyli\u015bmy, liczy si\u0119 tak naprawd\u0119 to co sami prze\u017cyli\u015bmy, to co czujemy i widzimy. Reszta jest po prostu pu\u0142apk\u0105 naszego umys\u0142u i im wi\u0119cej uwa\u017camy, \u017ce posiadamy w\u0142asnych m\u0105dro\u015bci, tym bardziej jeste\u015bmy zamkni\u0119ci na do\u015bwiadczanie. A c\u00f3\u017c jak nie to jest istot\u0105 naszego jestestwa na tej planecie?\u00a0<\/p>\n\n\n\n<figure class=\"wp-block-embed-youtube wp-block-embed is-type-video is-provider-youtube wp-embed-aspect-16-9 wp-has-aspect-ratio\"><div class=\"wp-block-embed__wrapper\">\n<iframe loading=\"lazy\" title=\"Alia Fay - Te\u0328czowy kalejdoskop [Official Video]\" width=\"800\" height=\"450\" src=\"https:\/\/www.youtube.com\/embed\/GKG0ntNxhDk?feature=oembed\" frameborder=\"0\" allow=\"accelerometer; autoplay; clipboard-write; encrypted-media; gyroscope; picture-in-picture; web-share\" referrerpolicy=\"strict-origin-when-cross-origin\" allowfullscreen><\/iframe>\n<\/div><\/figure>\n\n\n\n<p>\u201eT\u0119czowy Kalejdoskop\u201d mo\u017cna r\u00f3wnie\u017c interpretowa\u0107 jako utw\u00f3r o ko\u0144cu, pocz\u0105tku i zacieraniu si\u0119 tych dw\u00f3ch byt\u00f3w. Alia r\u00f3wnie\u017c zabiera g\u0142os na ten temat: Jest to piosenka kt\u00f3ra przysz\u0142a do mnie jako\u015b samoistnie kiedy rozpada\u0142 si\u0119 m\u00f3j zwi\u0105zek. Schy\u0142ek lata, w pami\u0119ci brzmia\u0142y jeszcze g\u0142o\u015bnie d\u017awi\u0119ki koncert\u00f3w, zapachy i kolory rozgrzanej ziemi, ale co\u015b ju\u017c zapowiada\u0142o zako\u0144czenie pewnego etapu w moim \u017cyciu. Czasami ca\u0142y nasz \u015bwiat musi si\u0119 zawali\u0107, \u017ceby okaza\u0142o si\u0119, \u017ce tak naprawd\u0119 nic si\u0119 nie zmieni\u0142o. Ziemia si\u0119 nadal kr\u0119ci a s\u0142o\u0144ce \u015bwieci dok\u0142adnie tak samo.\u00a0<br>Utw\u00f3r r\u00f3wnie\u017c mocno intryguje pod wzgl\u0119dem muzycznym. To wynik wsp\u00f3\u0142pracy Alii z producentem, Yarku. Wokalistka tak opowiada o tej wsp\u00f3\u0142pracy: Praca w studiu by\u0142a bardzo przyjemna. Wsp\u00f3\u0142praca z Yarku otworzy\u0142a przede mn\u0105 wiele nowych \u015bcie\u017cek w moim m\u00f3zgu, poszerzy\u0142a moje spojrzenie na muzyk\u0119 i na jej tworzenie. Na przyk\u0142ad wiele sampli instrument\u00f3w perkusyjnych powsta\u0142o w zupe\u0142nie niestandardowy spos\u00f3b. Stopa\/kick zosta\u0142y zsamplowane z uderzenia pa\u0142k\u0105 perkusyjn\u0105 &#8211; tak\u0105 z wielk\u0105, mi\u0119kk\u0105 g\u0142\u00f3wk\u0105, o moj\u0105 klatk\u0119 piersiow\u0105. Werbel jest uderzeniem bambusowymi miote\u0142kami w moje skronie. Mo\u017cna wi\u0119c powiedzie\u0107, \u017ce sama moim cia\u0142em pos\u0142u\u017cy\u0142am za instrument. Og\u00f3lnie rzecz bior\u0105c by\u0142o du\u017co zabawy i eksperymentowania &#8211; czyli tego co lubi\u0119 najbardziej.\u00a0<br>Utworu opatrzonego klipem ju\u017c teraz mo\u017cna s\u0142ucha\u0107 i ogl\u0105da\u0107 na kanale YT Alii. Nied\u0142ugo pojawi si\u0119 on r\u00f3wnie\u017c na wszystkich serwisach streamingowych.<\/p>\n\n\n\n<p><br>Jak twierdzi sama zainteresowana, \u201eT\u0119czowy Kalejdoskop\u201d to nie tylko pierwszy singiel zapowiadaj\u0105cy ca\u0142y album, ale r\u00f3wnie\u017c zako\u0144czenie pewnego etapu w jej \u017cyciu. Alia podkre\u015bla: Bardzo ci\u0119\u017ckiego dla mnie etapu, bez kt\u00f3rego jednak nie by\u0142abym teraz w tym miejscu w kt\u00f3rym obecnie si\u0119 znajduj\u0119.\u00a0<\/p>\n\n\n\n<p><br>Zach\u0119ceni pierwsz\u0105, bardzo udan\u0105 zapowiedzi\u0105 z niecierpliwo\u015bci\u0105 czekamy na kolejne utwory Alii Fay. Artystk\u0119 intensywnie ogrywa ten materia\u0142 na koncertach \u2013 \u017ceby by\u0107 na bie\u017c\u0105c\u0105 z t\u0105 niezwyk\u0142\u0105 osob\u0105 i jej tw\u00f3rczo\u015bci\u0105 zach\u0119camy do \u015bledzenia jej na facebookowym fanpage\u2019u oraz Instagramie.<\/p>\n","protected":false},"excerpt":{"rendered":"<p>Wokalistka, flecistka i przede wszystkim Artystka Alia Fay zapowiada sw\u00f3j debiutancki album niezwykle interesuj\u0105cym utworem \u201eT\u0119czowy Kalejdoskop\u201d. Do piosenki powsta\u0142 r\u00f3wnie klimatyczny teledysk, kt\u00f3ry 8 wrze\u015bnia mia\u0142 swoj\u0105 premier\u0119 na jej kanale YT. Utw\u00f3r z pewno\u015bci\u0105 cechuje co\u015b wznios\u0142ego, mistycznego. Jak twierdzi Alia: \u201eT\u0119czowy Kalejdoskop\u201d opowiada nam o r\u00f3\u017cnicach w odbiorze rzeczywisto\u015bci. Buduje pewien kontrast [&hellip;]<\/p>\n","protected":false},"author":1,"featured_media":20838,"comment_status":"closed","ping_status":"open","sticky":false,"template":"","format":"standard","meta":{"jetpack_post_was_ever_published":false,"_jetpack_newsletter_access":"","_jetpack_dont_email_post_to_subs":false,"_jetpack_newsletter_tier_id":0,"_jetpack_memberships_contains_paywalled_content":false,"_jetpack_memberships_contains_paid_content":false,"footnotes":"","jetpack_publicize_message":"","jetpack_publicize_feature_enabled":true,"jetpack_social_post_already_shared":true,"jetpack_social_options":{"image_generator_settings":{"template":"highway","default_image_id":0,"enabled":false},"version":2}},"categories":[1],"tags":[],"class_list":["post-20837","post","type-post","status-publish","format-standard","has-post-thumbnail","hentry","category-uncategorized"],"jetpack_publicize_connections":[],"jetpack_featured_media_url":"http:\/\/muzykabeztajemnic.info.pl\/wp-content\/uploads\/2020\/09\/okladkaalidafay.jpg","jetpack_sharing_enabled":true,"jetpack_shortlink":"https:\/\/wp.me\/p67auQ-5q5","_links":{"self":[{"href":"http:\/\/muzykabeztajemnic.info.pl\/index.php?rest_route=\/wp\/v2\/posts\/20837","targetHints":{"allow":["GET"]}}],"collection":[{"href":"http:\/\/muzykabeztajemnic.info.pl\/index.php?rest_route=\/wp\/v2\/posts"}],"about":[{"href":"http:\/\/muzykabeztajemnic.info.pl\/index.php?rest_route=\/wp\/v2\/types\/post"}],"author":[{"embeddable":true,"href":"http:\/\/muzykabeztajemnic.info.pl\/index.php?rest_route=\/wp\/v2\/users\/1"}],"replies":[{"embeddable":true,"href":"http:\/\/muzykabeztajemnic.info.pl\/index.php?rest_route=%2Fwp%2Fv2%2Fcomments&post=20837"}],"version-history":[{"count":0,"href":"http:\/\/muzykabeztajemnic.info.pl\/index.php?rest_route=\/wp\/v2\/posts\/20837\/revisions"}],"wp:featuredmedia":[{"embeddable":true,"href":"http:\/\/muzykabeztajemnic.info.pl\/index.php?rest_route=\/wp\/v2\/media\/20838"}],"wp:attachment":[{"href":"http:\/\/muzykabeztajemnic.info.pl\/index.php?rest_route=%2Fwp%2Fv2%2Fmedia&parent=20837"}],"wp:term":[{"taxonomy":"category","embeddable":true,"href":"http:\/\/muzykabeztajemnic.info.pl\/index.php?rest_route=%2Fwp%2Fv2%2Fcategories&post=20837"},{"taxonomy":"post_tag","embeddable":true,"href":"http:\/\/muzykabeztajemnic.info.pl\/index.php?rest_route=%2Fwp%2Fv2%2Ftags&post=20837"}],"curies":[{"name":"wp","href":"https:\/\/api.w.org\/{rel}","templated":true}]}}