{"id":20829,"date":"2020-09-09T09:46:33","date_gmt":"2020-09-09T09:46:33","guid":{"rendered":"https:\/\/muzykabeztajemnic.info.pl\/?p=20829"},"modified":"2020-09-09T09:46:37","modified_gmt":"2020-09-09T09:46:37","slug":"premiera-renata-przemyk-i-mezczyzni","status":"publish","type":"post","link":"http:\/\/muzykabeztajemnic.info.pl\/?p=20829","title":{"rendered":"PREMIERA &#8211; \u201eRenata Przemyk i M\u0119\u017cczy\u017ani\u201d"},"content":{"rendered":"\n<figure class=\"wp-block-image size-large is-resized\"><img loading=\"lazy\" decoding=\"async\" src=\"https:\/\/muzykabeztajemnic.info.pl\/wp-content\/uploads\/2020\/09\/RenataPrzemyk_i_Mezczyzni_3000x3000.jpg\" alt=\"\" class=\"wp-image-20830\" width=\"575\" height=\"575\" srcset=\"http:\/\/muzykabeztajemnic.info.pl\/wp-content\/uploads\/2020\/09\/RenataPrzemyk_i_Mezczyzni_3000x3000.jpg 600w, http:\/\/muzykabeztajemnic.info.pl\/wp-content\/uploads\/2020\/09\/RenataPrzemyk_i_Mezczyzni_3000x3000-500x500.jpg 500w, http:\/\/muzykabeztajemnic.info.pl\/wp-content\/uploads\/2020\/09\/RenataPrzemyk_i_Mezczyzni_3000x3000-150x150.jpg 150w\" sizes=\"auto, (max-width: 575px) 100vw, 575px\" \/><\/figure>\n\n\n\n<p>Rok 2020 jest rokiem 30-lecia pracy artystycznej Renaty Przemyk. \u015awi\u0119towanie jubileuszu rozpocz\u0105\u0142 wyst\u0119p na festiwalu w Jarocinie w 2019 roku, gdzie w 1989 roku Renata z zespo\u0142em Ya Hozna wyst\u0119puj\u0105c na zaproszenie Armii, zdoby\u0142a serca s\u0142uchaczy i dosta\u0142a w ten spos\u00f3b &#8222;przepustk\u0119&#8221; na alternatywn\u0105 scen\u0119. Po sukcesie na Studenckim Festiwalu Piosenki i &#8222;b\u0142ogos\u0142awie\u0144stwie&#8221; jaroci\u0144skiej publiczno\u015bci, Renata mia\u0142a ju\u017c swoje miejsce na polskiej scenie muzycznej. W listopadzie 1990 roku, Renata rozpocz\u0119\u0142a solow\u0105 karier\u0119 z powodzeniem kontynuowan\u0105 do dzi\u015b. Po 30-tu latach wspania\u0142\u0105 klamr\u0119 stanowi\u0142 te\u017c wyst\u0119p na Pol&#8217;and&#8217;Rocku 2019, tworzonym od lat przez Jurka Owsiaka, wsp\u00f3\u0142tw\u00f3rcy fenomenu kultowego Jarocina. Teraz pora na jubileuszowe wydawnictwo z wa\u017cnymi dla Artystki wokalistami i wyj\u0105tkowe koncerty za\u015bpiewane w duetach jakich jeszcze nie by\u0142o.\u00a0<br><br>Dzi\u015b do Pa\u0144stwa r\u0105k trafia album zawieraj\u0105cy najbardziej znane, najciekawsze piosenki Artystki w specjalnie zaaran\u017cowanych do tego projektu wersjach, w duetach z M\u0119\u017cczyznami. Trzyna\u015bcie utwor\u00f3w, trzynastu wyj\u0105tkowych artyst\u00f3w, trzydzie\u015bci lat.\u00a0 Pierwszym singlem promuj\u0105cym album by\u0142 utw\u00f3r \u201cK\u0142amiesz\u201d nagrany z legend\u0105 polskiego hip hopu &#8211; Vieniem:<\/p>\n\n\n\n<figure class=\"wp-block-embed-youtube wp-block-embed is-type-video is-provider-youtube wp-embed-aspect-16-9 wp-has-aspect-ratio\"><div class=\"wp-block-embed__wrapper\">\n<iframe loading=\"lazy\" title=\"Renata Przemyk feat. Vienio - K\u0142amiesz (Official video)\" width=\"800\" height=\"450\" src=\"https:\/\/www.youtube.com\/embed\/8akCdjhziBc?feature=oembed\" frameborder=\"0\" allow=\"accelerometer; autoplay; clipboard-write; encrypted-media; gyroscope; picture-in-picture; web-share\" referrerpolicy=\"strict-origin-when-cross-origin\" allowfullscreen><\/iframe>\n<\/div><\/figure>\n\n\n\n<p><br>Z ko\u0144cem lipca poznali\u015bmy now\u0105 wersj\u0119 piosenki \u201cNie mam \u017calu\u201d, za\u015bpiewanej w duecie z Arturem Andrusem:\u00a0<\/p>\n\n\n\n<figure class=\"wp-block-embed-youtube wp-block-embed is-type-video is-provider-youtube wp-embed-aspect-16-9 wp-has-aspect-ratio\"><div class=\"wp-block-embed__wrapper\">\n<iframe loading=\"lazy\" title=\"Renata Przemyk feat. Artur Andrus \u2013 Nie mam \u017calu (Official video)\" width=\"800\" height=\"450\" src=\"https:\/\/www.youtube.com\/embed\/T4lJcUTMpK0?feature=oembed\" frameborder=\"0\" allow=\"accelerometer; autoplay; clipboard-write; encrypted-media; gyroscope; picture-in-picture; web-share\" referrerpolicy=\"strict-origin-when-cross-origin\" allowfullscreen><\/iframe>\n<\/div><\/figure>\n\n\n\n<p><br>Ponad to z Renat\u0105 za\u015bpiewali: Adam Nowak, Artur Andrus, Buslav, Czes\u0142aw Mozil, Damian Ukeje, Vienio, Grzegorz Turnau, Igor Herbut, John Porter, Leski, Marek Dyjak, Skubas, oraz Wojciech Waglewski. Wydawc\u0105 p\u0142yty jest Agora Muzyka. Producentem muzycznym kr\u0105\u017cka Tomek \u201eHarry\u201c Waldowski.<\/p>\n\n\n\n<p><br>Tracklista albumu: 1. Zero feat. Damian Ukeje 2. K\u0142amiesz feat. Vienio 3. Jakby nie mia\u0142o by\u0107 feat. Skubas 4. Bab\u0119 zes\u0142a\u0142 B\u00f3g feat. Marek Dyjak 5. Makija\u017c twarzy feat. Czes\u0142aw Mozil 6. Nie mam \u017calu feat. Artur Andrus 7. Odjazd feat. Adam Nowak 8. Come Wake Me [Niech mnie kto\u015b obudzi] feat. John Porter 9. Bo je\u015bli tak ma by\u0107 feat. Leski 10. Zazdro\u015bni [Zazdrosna] feat. Grzegorz Turnau 11. 7:05 feat. Wojciech Waglewski 12. Kochana feat. Igor Herbut 13. Ten taniec feat. Buslav<\/p>\n","protected":false},"excerpt":{"rendered":"<p>Rok 2020 jest rokiem 30-lecia pracy artystycznej Renaty Przemyk. \u015awi\u0119towanie jubileuszu rozpocz\u0105\u0142 wyst\u0119p na festiwalu w Jarocinie w 2019 roku, gdzie w 1989 roku Renata z zespo\u0142em Ya Hozna wyst\u0119puj\u0105c na zaproszenie Armii, zdoby\u0142a serca s\u0142uchaczy i dosta\u0142a w ten spos\u00f3b &#8222;przepustk\u0119&#8221; na alternatywn\u0105 scen\u0119. Po sukcesie na Studenckim Festiwalu Piosenki i &#8222;b\u0142ogos\u0142awie\u0144stwie&#8221; jaroci\u0144skiej publiczno\u015bci, [&hellip;]<\/p>\n","protected":false},"author":1,"featured_media":20830,"comment_status":"closed","ping_status":"open","sticky":false,"template":"","format":"standard","meta":{"jetpack_post_was_ever_published":false,"_jetpack_newsletter_access":"","_jetpack_dont_email_post_to_subs":false,"_jetpack_newsletter_tier_id":0,"_jetpack_memberships_contains_paywalled_content":false,"_jetpack_memberships_contains_paid_content":false,"footnotes":"","jetpack_publicize_message":"","jetpack_publicize_feature_enabled":true,"jetpack_social_post_already_shared":true,"jetpack_social_options":{"image_generator_settings":{"template":"highway","default_image_id":0,"enabled":false},"version":2}},"categories":[2],"tags":[],"class_list":["post-20829","post","type-post","status-publish","format-standard","has-post-thumbnail","hentry","category-albumy"],"jetpack_publicize_connections":[],"jetpack_featured_media_url":"http:\/\/muzykabeztajemnic.info.pl\/wp-content\/uploads\/2020\/09\/RenataPrzemyk_i_Mezczyzni_3000x3000.jpg","jetpack_sharing_enabled":true,"jetpack_shortlink":"https:\/\/wp.me\/p67auQ-5pX","_links":{"self":[{"href":"http:\/\/muzykabeztajemnic.info.pl\/index.php?rest_route=\/wp\/v2\/posts\/20829","targetHints":{"allow":["GET"]}}],"collection":[{"href":"http:\/\/muzykabeztajemnic.info.pl\/index.php?rest_route=\/wp\/v2\/posts"}],"about":[{"href":"http:\/\/muzykabeztajemnic.info.pl\/index.php?rest_route=\/wp\/v2\/types\/post"}],"author":[{"embeddable":true,"href":"http:\/\/muzykabeztajemnic.info.pl\/index.php?rest_route=\/wp\/v2\/users\/1"}],"replies":[{"embeddable":true,"href":"http:\/\/muzykabeztajemnic.info.pl\/index.php?rest_route=%2Fwp%2Fv2%2Fcomments&post=20829"}],"version-history":[{"count":0,"href":"http:\/\/muzykabeztajemnic.info.pl\/index.php?rest_route=\/wp\/v2\/posts\/20829\/revisions"}],"wp:featuredmedia":[{"embeddable":true,"href":"http:\/\/muzykabeztajemnic.info.pl\/index.php?rest_route=\/wp\/v2\/media\/20830"}],"wp:attachment":[{"href":"http:\/\/muzykabeztajemnic.info.pl\/index.php?rest_route=%2Fwp%2Fv2%2Fmedia&parent=20829"}],"wp:term":[{"taxonomy":"category","embeddable":true,"href":"http:\/\/muzykabeztajemnic.info.pl\/index.php?rest_route=%2Fwp%2Fv2%2Fcategories&post=20829"},{"taxonomy":"post_tag","embeddable":true,"href":"http:\/\/muzykabeztajemnic.info.pl\/index.php?rest_route=%2Fwp%2Fv2%2Ftags&post=20829"}],"curies":[{"name":"wp","href":"https:\/\/api.w.org\/{rel}","templated":true}]}}