{"id":20816,"date":"2020-09-03T18:58:07","date_gmt":"2020-09-03T18:58:07","guid":{"rendered":"https:\/\/muzykabeztajemnic.info.pl\/?p=20816"},"modified":"2020-09-03T18:59:23","modified_gmt":"2020-09-03T18:59:23","slug":"atom-string-quartet-w-sobotniej-domowce-z-dwojka","status":"publish","type":"post","link":"http:\/\/muzykabeztajemnic.info.pl\/?p=20816","title":{"rendered":"Atom String Quartet W SOBOTNIEJ \u201eDOM\u00d3WCE Z DW\u00d3JK\u0104\u201d"},"content":{"rendered":"\n<figure class=\"wp-block-image size-large\"><img loading=\"lazy\" decoding=\"async\" width=\"800\" height=\"261\" src=\"https:\/\/muzykabeztajemnic.info.pl\/wp-content\/uploads\/2020\/09\/dwojkalogo-800x261.jpg\" alt=\"\" class=\"wp-image-20819\" srcset=\"http:\/\/muzykabeztajemnic.info.pl\/wp-content\/uploads\/2020\/09\/dwojkalogo-800x261.jpg 800w, http:\/\/muzykabeztajemnic.info.pl\/wp-content\/uploads\/2020\/09\/dwojkalogo-500x163.jpg 500w, http:\/\/muzykabeztajemnic.info.pl\/wp-content\/uploads\/2020\/09\/dwojkalogo-768x251.jpg 768w, http:\/\/muzykabeztajemnic.info.pl\/wp-content\/uploads\/2020\/09\/dwojkalogo.jpg 836w\" sizes=\"auto, (max-width: 800px) 100vw, 800px\" \/><\/figure>\n\n\n\n<p>Jeden z najbardziej intryguj\u0105cych kwartet\u00f3w smyczkowych na \u015bwiecie, nale\u017c\u0105cy do grona najlepszych wykonawc\u00f3w jazzowych w Polsce. W wyj\u0105tkowy spos\u00f3b potrafi \u0142\u0105czy\u0107 si\u0119gaj\u0105c\u0105 XVIII stulecia tradycj\u0119 muzykowania w kwartecie smyczkowym z improwizacj\u0105 i wsp\u00f3\u0142czesnymi stylami. W sobot\u0119 5 wrze\u015bnia o godzinie 19.00 gospodarzem najbli\u017cszej \u201eDom\u00f3wki z Dw\u00f3jk\u0105\u201d b\u0119dzie Atom String Quartet. Transmisja na antenie radiowej Dw\u00f3jki, stronie internetowej, YouTube oraz Facebooku stacji.<\/p>\n\n\n\n<p><br>Krzysztof Lenczowski (wiolonczela), Dawid Lubowicz (skrzypce), Mateusz Smoczy\u0144ski (skrzypce) oraz Micha\u0142 Zaborski (alt\u00f3wka) \u0142\u0105cz\u0105 mo\u017cliwo\u015bci kwartetu smyczkowego z szeroko rozumian\u0105 improwizacj\u0105. Ten najbardziej klasyczny i utrwalony w tradycji muzycznej sk\u0142ad zespo\u0142u kameralnego to dla nich punkt wyj\u015bcia do poszukiwa\u0144 nowych rozwi\u0105za\u0144 brzmieniowych i formalnych. Trudno w spos\u00f3b jednoznaczny okre\u015bli\u0107 styl muzyczny grupy. W jej tw\u00f3rczo\u015bci \u2013 opr\u00f3cz jazzu \u2013 s\u0142ycha\u0107 inspiracje polskim folklorem, muzyk\u0105 z r\u00f3\u017cnych region\u00f3w \u015bwiata, a tak\u017ce muzyk\u0105 wsp\u00f3\u0142czesn\u0105 i klasyczn\u0105.<\/p>\n\n\n\n<p><br>\u2013 Sesja nagraniowa \u201eDom\u00f3wki z Dw\u00f3jk\u0105\u201d przynios\u0142a nam wiele rado\u015bci! Po miesi\u0105cach sp\u0119dzonych w izolacji przyjemnie by\u0142o nam zn\u00f3w wsp\u00f3lnie zagra\u0107 \u2013 m\u00f3wi\u0105 muzycy.\u00a0 \u2013 W programie naszego koncertu znalaz\u0142o si\u0119 po jednej kompozycji ka\u017cdego z nas oraz Aria z \u201eTrzech utwor\u00f3w w dawnym stylu\u201d Krzysztofa Pendereckiego. Rok temu ukaza\u0142a si\u0119 p\u0142yta z naszymi interpretacjami utwor\u00f3w tego wybitnego kompozytora i na sta\u0142e wprowadzili\u015bmy je do repertuaru koncertowego. Mamy nadziej\u0119, \u017ce program ten przypadnie s\u0142uchaczom Dw\u00f3jki do gustu! \u2013 zaprasza kwartet.<\/p>\n\n\n\n<p><br>\u2794 Transmisja koncertu w \u201eDom\u00f3wce z Dw\u00f3jk\u0105\u201d w sobot\u0119 5 wrze\u015bnia o godz. 19.00 \u2013 na antenie, <a href=\"https:\/\/www.polskieradio.pl\/8,Dwojka\">stronie internetowej<\/a> oraz <a href=\"https:\/\/www.facebook.com\/Dwojka.PolskieRadio\">Facebooku<\/a> i <a href=\"https:\/\/www.youtube.com\/playlist?list=PLZTuUgCmeGG7nraplLl10M8Kmbh33Qt_1\">YouTube stacji<\/a>.<\/p>\n","protected":false},"excerpt":{"rendered":"<p>Jeden z najbardziej intryguj\u0105cych kwartet\u00f3w smyczkowych na \u015bwiecie, nale\u017c\u0105cy do grona najlepszych wykonawc\u00f3w jazzowych w Polsce. W wyj\u0105tkowy spos\u00f3b potrafi \u0142\u0105czy\u0107 si\u0119gaj\u0105c\u0105 XVIII stulecia tradycj\u0119 muzykowania w kwartecie smyczkowym z improwizacj\u0105 i wsp\u00f3\u0142czesnymi stylami. W sobot\u0119 5 wrze\u015bnia o godzinie 19.00 gospodarzem najbli\u017cszej \u201eDom\u00f3wki z Dw\u00f3jk\u0105\u201d b\u0119dzie Atom String Quartet. Transmisja na antenie radiowej Dw\u00f3jki, [&hellip;]<\/p>\n","protected":false},"author":1,"featured_media":20819,"comment_status":"closed","ping_status":"open","sticky":false,"template":"","format":"standard","meta":{"jetpack_post_was_ever_published":false,"_jetpack_newsletter_access":"","_jetpack_dont_email_post_to_subs":false,"_jetpack_newsletter_tier_id":0,"_jetpack_memberships_contains_paywalled_content":false,"_jetpack_memberships_contains_paid_content":false,"footnotes":"","jetpack_publicize_message":"","jetpack_publicize_feature_enabled":true,"jetpack_social_post_already_shared":true,"jetpack_social_options":{"image_generator_settings":{"template":"highway","default_image_id":0,"enabled":false},"version":2}},"categories":[1],"tags":[],"class_list":["post-20816","post","type-post","status-publish","format-standard","has-post-thumbnail","hentry","category-uncategorized"],"jetpack_publicize_connections":[],"jetpack_featured_media_url":"http:\/\/muzykabeztajemnic.info.pl\/wp-content\/uploads\/2020\/09\/dwojkalogo.jpg","jetpack_sharing_enabled":true,"jetpack_shortlink":"https:\/\/wp.me\/p67auQ-5pK","_links":{"self":[{"href":"http:\/\/muzykabeztajemnic.info.pl\/index.php?rest_route=\/wp\/v2\/posts\/20816","targetHints":{"allow":["GET"]}}],"collection":[{"href":"http:\/\/muzykabeztajemnic.info.pl\/index.php?rest_route=\/wp\/v2\/posts"}],"about":[{"href":"http:\/\/muzykabeztajemnic.info.pl\/index.php?rest_route=\/wp\/v2\/types\/post"}],"author":[{"embeddable":true,"href":"http:\/\/muzykabeztajemnic.info.pl\/index.php?rest_route=\/wp\/v2\/users\/1"}],"replies":[{"embeddable":true,"href":"http:\/\/muzykabeztajemnic.info.pl\/index.php?rest_route=%2Fwp%2Fv2%2Fcomments&post=20816"}],"version-history":[{"count":0,"href":"http:\/\/muzykabeztajemnic.info.pl\/index.php?rest_route=\/wp\/v2\/posts\/20816\/revisions"}],"wp:featuredmedia":[{"embeddable":true,"href":"http:\/\/muzykabeztajemnic.info.pl\/index.php?rest_route=\/wp\/v2\/media\/20819"}],"wp:attachment":[{"href":"http:\/\/muzykabeztajemnic.info.pl\/index.php?rest_route=%2Fwp%2Fv2%2Fmedia&parent=20816"}],"wp:term":[{"taxonomy":"category","embeddable":true,"href":"http:\/\/muzykabeztajemnic.info.pl\/index.php?rest_route=%2Fwp%2Fv2%2Fcategories&post=20816"},{"taxonomy":"post_tag","embeddable":true,"href":"http:\/\/muzykabeztajemnic.info.pl\/index.php?rest_route=%2Fwp%2Fv2%2Ftags&post=20816"}],"curies":[{"name":"wp","href":"https:\/\/api.w.org\/{rel}","templated":true}]}}