{"id":20811,"date":"2020-09-03T18:53:24","date_gmt":"2020-09-03T18:53:24","guid":{"rendered":"https:\/\/muzykabeztajemnic.info.pl\/?p=20811"},"modified":"2020-09-03T18:53:27","modified_gmt":"2020-09-03T18:53:27","slug":"chopin-odloty-przyloty-krzysztof-teodorowicz-%e2%80%a8z-autorska-audycja-w-polskim-radiu-chopin","status":"publish","type":"post","link":"http:\/\/muzykabeztajemnic.info.pl\/?p=20811","title":{"rendered":"\u201eChopin. odloty \u2013 Przyloty\u201d. Krzysztof Teodorowicz \u2028z autorsk\u0105 audycj\u0105 w POLSKIm RADIu CHOPIN"},"content":{"rendered":"\n<figure class=\"wp-block-image size-large\"><img loading=\"lazy\" decoding=\"async\" width=\"123\" height=\"85\" src=\"https:\/\/muzykabeztajemnic.info.pl\/wp-content\/uploads\/2020\/03\/polskieradiochopin.jpg\" alt=\"\" class=\"wp-image-19859\"\/><\/figure>\n\n\n\n<p>Cho\u0107 nowa ram\u00f3wka Polskiego Radia Chopin obowi\u0105zuje ju\u017c od lipca, to jednak nie koniec mi\u0142ych niespodzianek dla meloman\u00f3w. Ju\u017c w najbli\u017csz\u0105 sobot\u0119 na antenie zadebiutuje autorska audycja Krzysztofa Teodorowicza, w kt\u00f3rej ceniony dyrygent, kompozytor i krytyk b\u0119dzie snu\u0142 opowie\u015b\u0107 na temat bli\u017cszych i dalszych inspiracji chopinowskich w muzyce polskiej i europejskiej. Premiera ju\u017c 5 wrze\u015bnia o godzinie 17.00. Na anten\u0119 powraca te\u017c cykl koncertowy \u201eW salonie Polskiego Radia Chopin\u201d.<\/p>\n\n\n\n<p>W pierwszym odcinku pasma \u201eChopin. Odloty \u2013 przyloty\u201d (sobota, godz. 17.00) Krzysztof Teodorowicz zaprezentuje s\u0142uchaczom wybrane pie\u015bni Fryderyka Chopina oraz ich transkrypcje na fortepian solo dokonane przez Ferenca Liszta. Krzysztofa Teodorowicza mo\u017cna by\u0142o pos\u0142ucha\u0107 w ubieg\u0142orocznej audycji \u201e\u015awiat muzyki symfonicznej\u201d, kt\u00f3r\u0105 na antenie Polskiego Radia Chopin prowadzi\u0142 wsp\u00f3lnie z Gra\u017cyn\u0105 Teodorowicz.<br>R\u00f3wnie\u017c w sobot\u0119, po wakacyjnej przerwie na anten\u0119 powr\u00f3ci pasmo koncertowe obfituj\u0105ce w liczne streamingi, czyli cykl audycji \u201eW salonie Polskiego Radia Chopin\u201d (godz. 22.00), w kt\u00f3rym prezentowane s\u0105 najlepsze koncerty z Festiwalu Polskiego Radia Chopin w Antoninie oraz z cyklu \u00c0 la polonaise. W sobot\u0119 wys\u0142uchamy wi\u0119c koncertu inauguruj\u0105cego ten cykl w grudniu 2017 roku, podczas kt\u00f3rego zagrali finalista Konkursu Chopinowskiego z 2010 r. Pawe\u0142 Wakarecy i jego student Marcin Wieczorek. To wyb\u00f3r nieprzypadkowy: Marcin Wieczorek w\u0142a\u015bnie okaza\u0142 si\u0119 zwyci\u0119zc\u0105 (wsp\u00f3lnie z pianist\u0105 brytyjskim) dopiero co zako\u0144czonego IV Mi\u0119dzynarodowego Konkursu im. Teodora Leszetyckiego w Hamburgu.<\/p>\n\n\n\n<p><br>\u2794 Przypominamy tak\u017ce o cotygodniowych serwisach kulturalnych z zapowiedziami najciekawszych propozycji Polskiego Radia Chopin w ka\u017cd\u0105 \u015brod\u0119 na Facebooku i stronie programu.<\/p>\n\n\n\n<p><br>\u272a\u272a\u272a<\/p>\n\n\n\n<p><br>Polskiego Radia Chopin mo\u017cna s\u0142ucha\u0107 dzi\u0119ki odbiornikom z technologi\u0105 DAB+, na stronie internetowej, na Facebooku oraz w urz\u0105dzeniach mobilnych z systemem iOS oraz Android przez now\u0105 aplikacj\u0119 Polskie Radio.<\/p>\n","protected":false},"excerpt":{"rendered":"<p>Cho\u0107 nowa ram\u00f3wka Polskiego Radia Chopin obowi\u0105zuje ju\u017c od lipca, to jednak nie koniec mi\u0142ych niespodzianek dla meloman\u00f3w. Ju\u017c w najbli\u017csz\u0105 sobot\u0119 na antenie zadebiutuje autorska audycja Krzysztofa Teodorowicza, w kt\u00f3rej ceniony dyrygent, kompozytor i krytyk b\u0119dzie snu\u0142 opowie\u015b\u0107 na temat bli\u017cszych i dalszych inspiracji chopinowskich w muzyce polskiej i europejskiej. Premiera ju\u017c 5 wrze\u015bnia [&hellip;]<\/p>\n","protected":false},"author":1,"featured_media":19859,"comment_status":"closed","ping_status":"open","sticky":false,"template":"","format":"standard","meta":{"jetpack_post_was_ever_published":false,"_jetpack_newsletter_access":"","_jetpack_dont_email_post_to_subs":false,"_jetpack_newsletter_tier_id":0,"_jetpack_memberships_contains_paywalled_content":false,"_jetpack_memberships_contains_paid_content":false,"footnotes":"","jetpack_publicize_message":"","jetpack_publicize_feature_enabled":true,"jetpack_social_post_already_shared":true,"jetpack_social_options":{"image_generator_settings":{"template":"highway","default_image_id":0,"enabled":false},"version":2}},"categories":[1],"tags":[],"class_list":["post-20811","post","type-post","status-publish","format-standard","has-post-thumbnail","hentry","category-uncategorized"],"jetpack_publicize_connections":[],"jetpack_featured_media_url":"http:\/\/muzykabeztajemnic.info.pl\/wp-content\/uploads\/2020\/03\/polskieradiochopin.jpg","jetpack_sharing_enabled":true,"jetpack_shortlink":"https:\/\/wp.me\/p67auQ-5pF","_links":{"self":[{"href":"http:\/\/muzykabeztajemnic.info.pl\/index.php?rest_route=\/wp\/v2\/posts\/20811","targetHints":{"allow":["GET"]}}],"collection":[{"href":"http:\/\/muzykabeztajemnic.info.pl\/index.php?rest_route=\/wp\/v2\/posts"}],"about":[{"href":"http:\/\/muzykabeztajemnic.info.pl\/index.php?rest_route=\/wp\/v2\/types\/post"}],"author":[{"embeddable":true,"href":"http:\/\/muzykabeztajemnic.info.pl\/index.php?rest_route=\/wp\/v2\/users\/1"}],"replies":[{"embeddable":true,"href":"http:\/\/muzykabeztajemnic.info.pl\/index.php?rest_route=%2Fwp%2Fv2%2Fcomments&post=20811"}],"version-history":[{"count":0,"href":"http:\/\/muzykabeztajemnic.info.pl\/index.php?rest_route=\/wp\/v2\/posts\/20811\/revisions"}],"wp:featuredmedia":[{"embeddable":true,"href":"http:\/\/muzykabeztajemnic.info.pl\/index.php?rest_route=\/wp\/v2\/media\/19859"}],"wp:attachment":[{"href":"http:\/\/muzykabeztajemnic.info.pl\/index.php?rest_route=%2Fwp%2Fv2%2Fmedia&parent=20811"}],"wp:term":[{"taxonomy":"category","embeddable":true,"href":"http:\/\/muzykabeztajemnic.info.pl\/index.php?rest_route=%2Fwp%2Fv2%2Fcategories&post=20811"},{"taxonomy":"post_tag","embeddable":true,"href":"http:\/\/muzykabeztajemnic.info.pl\/index.php?rest_route=%2Fwp%2Fv2%2Ftags&post=20811"}],"curies":[{"name":"wp","href":"https:\/\/api.w.org\/{rel}","templated":true}]}}