{"id":20767,"date":"2020-08-28T09:18:19","date_gmt":"2020-08-28T09:18:19","guid":{"rendered":"https:\/\/muzykabeztajemnic.info.pl\/?p=20767"},"modified":"2020-08-28T09:18:21","modified_gmt":"2020-08-28T09:18:21","slug":"zuza-jablonska-wierna-odwazna-i-prawa","status":"publish","type":"post","link":"http:\/\/muzykabeztajemnic.info.pl\/?p=20767","title":{"rendered":"Zuza Jab\u0142o\u0144ska &#8211; &#8222;Wierna, odwa\u017cna i prawa&#8221;"},"content":{"rendered":"\n<figure class=\"wp-block-image size-large is-resized\"><img loading=\"lazy\" decoding=\"async\" src=\"https:\/\/muzykabeztajemnic.info.pl\/wp-content\/uploads\/2020\/08\/mulanJPG.jpg\" alt=\"\" class=\"wp-image-20768\" width=\"579\" height=\"579\" srcset=\"http:\/\/muzykabeztajemnic.info.pl\/wp-content\/uploads\/2020\/08\/mulanJPG.jpg 471w, http:\/\/muzykabeztajemnic.info.pl\/wp-content\/uploads\/2020\/08\/mulanJPG-150x150.jpg 150w\" sizes=\"auto, (max-width: 579px) 100vw, 579px\" \/><\/figure>\n\n\n\n<p>11 wrze\u015bnia na ekranach kin zadebiutuje aktorska wersja kultowej animacji<strong> Disneya \u201eMulan\u201d<\/strong>.Jedn\u0105 z filmowych piosenek za\u015bpiewa\u0142a nale\u017c\u0105ca do grona najciekawszych m\u0142odych artystek<strong> Zuza Jab\u0142o\u0144ska<\/strong>, kt\u00f3ra ma na swoim koncie m.in. platyn\u0119 za singiel <strong>\u201ePowiedz mi to w twarz\u201d<\/strong>, czy wsp\u00f3\u0142prac\u0119 z takimi artystami jak <strong>Jan-rapowanie<\/strong>, <strong>Siles<\/strong> i <strong>Kuba Kara\u015b<\/strong> z <strong>The Dumplings<\/strong>. Utw\u00f3r zatytu\u0142owany <strong>\u201eWierna, odwa\u017cna i prawa\u201d <\/strong>b\u0119dzie mo\u017cna us\u0142ysze\u0107 m.in. na napisach ko\u0144cowych filmu, a ju\u017c dzi\u015b mo\u017cna go pos\u0142ucha\u0107 w serwisach muzycznych: <a href=\"https:\/\/UmusicPL.lnk.to\/ZuzaMulan\">https:\/\/UmusicPL.lnk.to\/ZuzaMulan<\/a>.<\/p>\n\n\n\n<figure class=\"wp-block-embed-youtube wp-block-embed is-type-video is-provider-youtube wp-embed-aspect-16-9 wp-has-aspect-ratio\"><div class=\"wp-block-embed__wrapper\">\n<iframe loading=\"lazy\" title=\"Zuza Jab\u0142o\u0144ska - Wierna, odwa\u017cna i prawa (z filmu \u201eMulan\u201d)\" width=\"800\" height=\"450\" src=\"https:\/\/www.youtube.com\/embed\/2wwNqRjnEq0?feature=oembed\" frameborder=\"0\" allow=\"accelerometer; autoplay; clipboard-write; encrypted-media; gyroscope; picture-in-picture; web-share\" referrerpolicy=\"strict-origin-when-cross-origin\" allowfullscreen><\/iframe>\n<\/div><\/figure>\n\n\n\n<p>\u201eMulan\u201d opowiada histori\u0119 niez\u0142omnej dziewczyny, kt\u00f3ra przywdziewa m\u0119ska zbroj\u0119 i staje si\u0119 jednym z najwi\u0119kszych wojownik\u00f3w w historii swojego kraju.<\/p>\n\n\n\n<p><em>\u2013 Wzi\u0119\u0142am udzia\u0142 w tym projekcie, poniewa\u017c bohaterka Mulan to taka troch\u0119 ja. Jest waleczna i odwa\u017cna, ale stoi te\u017c przed ci\u0119\u017ckimi wyborami. Utw\u00f3r m\u00f3wi o tym, \u017ce mimo pora\u017cek i zawaha\u0144, zawsze po deszczu wychodzi s\u0142o\u0144ce. Poza tym jest to kolejne wyzwanie i ciekawe do\u015bwiadczenie. Jestem z tych co lubi\u0105 podnosi\u0107 sobie poprzeczk\u0119 coraz wy\u017cej. Czuj\u0119 si\u0119 r\u00f3wnie\u017c bardzo wyr\u00f3\u017cniona i zaszczycona, \u017ce zosta\u0142am zaproszona przez Disneya do za\u015bpiewania tego utworu<\/em> \u2013 wspomina Zuza.<\/p>\n\n\n\n<p>Warto doda\u0107, \u017ce debiutancki album Zuzy Jab\u0142o\u0144skiej pt. <strong>\u201ePsycho\u201d <\/strong>uka\u017ce si\u0119 ju\u017c 9 pa\u017adziernika 2020 roku.<\/p>\n","protected":false},"excerpt":{"rendered":"<p>11 wrze\u015bnia na ekranach kin zadebiutuje aktorska wersja kultowej animacji Disneya \u201eMulan\u201d.Jedn\u0105 z filmowych piosenek za\u015bpiewa\u0142a nale\u017c\u0105ca do grona najciekawszych m\u0142odych artystek Zuza Jab\u0142o\u0144ska, kt\u00f3ra ma na swoim koncie m.in. platyn\u0119 za singiel \u201ePowiedz mi to w twarz\u201d, czy wsp\u00f3\u0142prac\u0119 z takimi artystami jak Jan-rapowanie, Siles i Kuba Kara\u015b z The Dumplings. Utw\u00f3r zatytu\u0142owany \u201eWierna, [&hellip;]<\/p>\n","protected":false},"author":1,"featured_media":20768,"comment_status":"closed","ping_status":"open","sticky":false,"template":"","format":"standard","meta":{"jetpack_post_was_ever_published":false,"_jetpack_newsletter_access":"","_jetpack_dont_email_post_to_subs":false,"_jetpack_newsletter_tier_id":0,"_jetpack_memberships_contains_paywalled_content":false,"_jetpack_memberships_contains_paid_content":false,"footnotes":"","jetpack_publicize_message":"","jetpack_publicize_feature_enabled":true,"jetpack_social_post_already_shared":true,"jetpack_social_options":{"image_generator_settings":{"template":"highway","default_image_id":0,"enabled":false},"version":2}},"categories":[6],"tags":[],"class_list":["post-20767","post","type-post","status-publish","format-standard","has-post-thumbnail","hentry","category-klipy"],"jetpack_publicize_connections":[],"jetpack_featured_media_url":"http:\/\/muzykabeztajemnic.info.pl\/wp-content\/uploads\/2020\/08\/mulanJPG.jpg","jetpack_sharing_enabled":true,"jetpack_shortlink":"https:\/\/wp.me\/p67auQ-5oX","_links":{"self":[{"href":"http:\/\/muzykabeztajemnic.info.pl\/index.php?rest_route=\/wp\/v2\/posts\/20767","targetHints":{"allow":["GET"]}}],"collection":[{"href":"http:\/\/muzykabeztajemnic.info.pl\/index.php?rest_route=\/wp\/v2\/posts"}],"about":[{"href":"http:\/\/muzykabeztajemnic.info.pl\/index.php?rest_route=\/wp\/v2\/types\/post"}],"author":[{"embeddable":true,"href":"http:\/\/muzykabeztajemnic.info.pl\/index.php?rest_route=\/wp\/v2\/users\/1"}],"replies":[{"embeddable":true,"href":"http:\/\/muzykabeztajemnic.info.pl\/index.php?rest_route=%2Fwp%2Fv2%2Fcomments&post=20767"}],"version-history":[{"count":0,"href":"http:\/\/muzykabeztajemnic.info.pl\/index.php?rest_route=\/wp\/v2\/posts\/20767\/revisions"}],"wp:featuredmedia":[{"embeddable":true,"href":"http:\/\/muzykabeztajemnic.info.pl\/index.php?rest_route=\/wp\/v2\/media\/20768"}],"wp:attachment":[{"href":"http:\/\/muzykabeztajemnic.info.pl\/index.php?rest_route=%2Fwp%2Fv2%2Fmedia&parent=20767"}],"wp:term":[{"taxonomy":"category","embeddable":true,"href":"http:\/\/muzykabeztajemnic.info.pl\/index.php?rest_route=%2Fwp%2Fv2%2Fcategories&post=20767"},{"taxonomy":"post_tag","embeddable":true,"href":"http:\/\/muzykabeztajemnic.info.pl\/index.php?rest_route=%2Fwp%2Fv2%2Ftags&post=20767"}],"curies":[{"name":"wp","href":"https:\/\/api.w.org\/{rel}","templated":true}]}}