{"id":20730,"date":"2020-08-22T08:27:30","date_gmt":"2020-08-22T08:27:30","guid":{"rendered":"https:\/\/muzykabeztajemnic.info.pl\/?p=20730"},"modified":"2020-08-22T08:28:04","modified_gmt":"2020-08-22T08:28:04","slug":"daylight-nowy-utwor-klaudii-jaroszewskiej","status":"publish","type":"post","link":"http:\/\/muzykabeztajemnic.info.pl\/?p=20730","title":{"rendered":"\u201eDaylight\u201d \u2013 nowy utw\u00f3r Klaudii Jaroszewskiej"},"content":{"rendered":"\n<figure class=\"wp-block-image size-large\"><img loading=\"lazy\" decoding=\"async\" width=\"800\" height=\"800\" src=\"https:\/\/muzykabeztajemnic.info.pl\/wp-content\/uploads\/2020\/08\/daylight-okladka-800x800.jpg\" alt=\"\" class=\"wp-image-20731\" srcset=\"http:\/\/muzykabeztajemnic.info.pl\/wp-content\/uploads\/2020\/08\/daylight-okladka.jpg 800w, http:\/\/muzykabeztajemnic.info.pl\/wp-content\/uploads\/2020\/08\/daylight-okladka-500x500.jpg 500w, http:\/\/muzykabeztajemnic.info.pl\/wp-content\/uploads\/2020\/08\/daylight-okladka-150x150.jpg 150w, http:\/\/muzykabeztajemnic.info.pl\/wp-content\/uploads\/2020\/08\/daylight-okladka-768x768.jpg 768w\" sizes=\"auto, (max-width: 800px) 100vw, 800px\" \/><\/figure>\n\n\n\n<p>\u201eDaylight\u201d to debiutancki singiel, mieszkaj\u0105cej w P\u0142ocku, wokalistki Klaudii Jaroszewskiej. Piosenka wpisuje si\u0119 w konwencj\u0119 nowoczesnego popu i ma du\u017c\u0105 szans\u0119 na zaw\u0142adni\u0119cie \u015bwiadomo\u015bci s\u0142uchaczy w czasie nieub\u0142aganie ko\u0144cz\u0105cych si\u0119 wakacji.<\/p>\n\n\n\n<p><br>Klaudia Jaroszewska napisa\u0142a r\u00f3wnie\u017c tekst do \u201eDaylight\u201d, jest tak\u017ce odpowiedzialna za kompozycj\u0119. Mimo bardzo melodyjnej oprawy, utw\u00f3r traktuje o powa\u017cnych sprawach. To utw\u00f3r o relacji z drugim cz\u0142owiekiem. O rozczarowuj\u0105cej relacji, kiedy to jedna osoba stara si\u0119 budowa\u0107 za dwoje, a druga ci\u0105gle gdzie\u015b jej umyka. Piosenka opisuje konkretn\u0105 histori\u0119, jednak my\u015bl\u0119, \u017ce temat jest tak uniwersalny, i\u017c mog\u0105 pojawi\u0107 si\u0119 indywidualne interpretacje, na co ogromnie licz\u0119 i ju\u017c jestem ciekawa, jakie obrazy b\u0119d\u0105 jawi\u0142y si\u0119 w g\u0142owach s\u0142uchaczy \u201eDaylight\u201d \u2013 m\u00f3wi Klaudia.<\/p>\n\n\n\n<figure class=\"wp-block-embed-youtube wp-block-embed is-type-video is-provider-youtube wp-embed-aspect-16-9 wp-has-aspect-ratio\"><div class=\"wp-block-embed__wrapper\">\n<iframe loading=\"lazy\" title=\"Klaudia Jaroszewska - Daylight\" width=\"800\" height=\"450\" src=\"https:\/\/www.youtube.com\/embed\/X-fpLG3ORUo?feature=oembed\" frameborder=\"0\" allow=\"accelerometer; autoplay; clipboard-write; encrypted-media; gyroscope; picture-in-picture; web-share\" referrerpolicy=\"strict-origin-when-cross-origin\" allowfullscreen><\/iframe>\n<\/div><\/figure>\n\n\n\n<p>Praca przy debiutanckich utworach zazwyczaj bywa dla Artysty fascynuj\u0105ca i wyj\u0105tkowa. Tak by\u0142o r\u00f3wnie\u017c w tym przypadku. Jak opowiada wokalistka: Poniewa\u017c w piosence, opr\u00f3cz walor\u00f3w muzycznych, bardzo wa\u017cna jest dla mnie jej tre\u015b\u0107, cz\u0119sto jako pierwszy pojawia si\u0119 jej tekst. Tak by\u0142o te\u017c tym razem. Najpierw pojawi\u0142a si\u0119 historia, nast\u0119pnie wzbogacona zosta\u0142a d\u017awi\u0119kami, \u017ceby na koniec trafi\u0107 w r\u0119ce jedynego w swoim rodzaju \u0141ukasza Chyli\u0144skiego \u2013 producenta muzycznego, kt\u00f3ry nada\u0142 jej ostateczn\u0105 form\u0119.<\/p>\n\n\n\n<p><br>\u201eDaylight\u201d to pocz\u0105tek artystycznej drogi Klaudii Jaroszewskiej, ju\u017c nied\u0142ugo mo\u017cemy spodziewa\u0107 si\u0119 od niej znacznie wi\u0119cej. Dlatego poproszona o zdradzenie plan\u00f3w odpowiada: Obecnie, razem z \u0141ukaszem Chyli\u0144skim, pracuj\u0119 nad kolejnymi piosenkami i docelowo, na horyzoncie jawi si\u0119 wydanie EPki, kt\u00f3ra b\u0119dzie esencj\u0105 mojej dotychczasowej tw\u00f3rczo\u015bci. Chcia\u0142abym, aby pozostaj\u0105c sp\u00f3jnymi, prezentowane przeze mnie utwory by\u0142y jednak nieco r\u00f3\u017cnorodne i odzwierciedla\u0142y r\u00f3\u017cne etapy i kolory \u017cycia. Nieoceniona jest tu pomoc \u0141ukasza, kt\u00f3ry balansuje nostalgi\u0119 moich piosenek i pomaga mi odkrywa\u0107 nowe obszary wra\u017cliwo\u015bci muzycznej. Kolejne utwory powstaj\u0105 na bie\u017c\u0105co. Jest to niezwykle dynamiczny proces, w du\u017cej mierze uwarunkowany tym, co akurat dzieje si\u0119 w moim \u017cyciu i w g\u0142owie, a poniewa\u017c ostatnimi czasy dzieje si\u0119 naprawd\u0119 du\u017co, sama jestem ciekawa, jak b\u0119dzie wygl\u0105da\u0142 finalny efekt.<br>Czekamy na wi\u0119cej, tymczasem \u201eDaylight\u201d jest ju\u017c do sprawdzenia na kanale YT Klaudii oraz we wszystkich serwisach streamingowych. \u017beby by\u0107 na bie\u017c\u0105co i nie przegapi\u0107 kolejnych premier, zach\u0119camy do obserwowania fanpage\u2019a Klaudii Jaroszewskiej.<\/p>\n","protected":false},"excerpt":{"rendered":"<p>\u201eDaylight\u201d to debiutancki singiel, mieszkaj\u0105cej w P\u0142ocku, wokalistki Klaudii Jaroszewskiej. Piosenka wpisuje si\u0119 w konwencj\u0119 nowoczesnego popu i ma du\u017c\u0105 szans\u0119 na zaw\u0142adni\u0119cie \u015bwiadomo\u015bci s\u0142uchaczy w czasie nieub\u0142aganie ko\u0144cz\u0105cych si\u0119 wakacji. Klaudia Jaroszewska napisa\u0142a r\u00f3wnie\u017c tekst do \u201eDaylight\u201d, jest tak\u017ce odpowiedzialna za kompozycj\u0119. Mimo bardzo melodyjnej oprawy, utw\u00f3r traktuje o powa\u017cnych sprawach. To utw\u00f3r o [&hellip;]<\/p>\n","protected":false},"author":1,"featured_media":20731,"comment_status":"closed","ping_status":"open","sticky":false,"template":"","format":"standard","meta":{"jetpack_post_was_ever_published":false,"_jetpack_newsletter_access":"","_jetpack_dont_email_post_to_subs":false,"_jetpack_newsletter_tier_id":0,"_jetpack_memberships_contains_paywalled_content":false,"_jetpack_memberships_contains_paid_content":false,"footnotes":"","jetpack_publicize_message":"","jetpack_publicize_feature_enabled":true,"jetpack_social_post_already_shared":true,"jetpack_social_options":{"image_generator_settings":{"template":"highway","default_image_id":0,"enabled":false},"version":2}},"categories":[6],"tags":[],"class_list":["post-20730","post","type-post","status-publish","format-standard","has-post-thumbnail","hentry","category-klipy"],"jetpack_publicize_connections":[],"jetpack_featured_media_url":"http:\/\/muzykabeztajemnic.info.pl\/wp-content\/uploads\/2020\/08\/daylight-okladka.jpg","jetpack_sharing_enabled":true,"jetpack_shortlink":"https:\/\/wp.me\/p67auQ-5om","_links":{"self":[{"href":"http:\/\/muzykabeztajemnic.info.pl\/index.php?rest_route=\/wp\/v2\/posts\/20730","targetHints":{"allow":["GET"]}}],"collection":[{"href":"http:\/\/muzykabeztajemnic.info.pl\/index.php?rest_route=\/wp\/v2\/posts"}],"about":[{"href":"http:\/\/muzykabeztajemnic.info.pl\/index.php?rest_route=\/wp\/v2\/types\/post"}],"author":[{"embeddable":true,"href":"http:\/\/muzykabeztajemnic.info.pl\/index.php?rest_route=\/wp\/v2\/users\/1"}],"replies":[{"embeddable":true,"href":"http:\/\/muzykabeztajemnic.info.pl\/index.php?rest_route=%2Fwp%2Fv2%2Fcomments&post=20730"}],"version-history":[{"count":0,"href":"http:\/\/muzykabeztajemnic.info.pl\/index.php?rest_route=\/wp\/v2\/posts\/20730\/revisions"}],"wp:featuredmedia":[{"embeddable":true,"href":"http:\/\/muzykabeztajemnic.info.pl\/index.php?rest_route=\/wp\/v2\/media\/20731"}],"wp:attachment":[{"href":"http:\/\/muzykabeztajemnic.info.pl\/index.php?rest_route=%2Fwp%2Fv2%2Fmedia&parent=20730"}],"wp:term":[{"taxonomy":"category","embeddable":true,"href":"http:\/\/muzykabeztajemnic.info.pl\/index.php?rest_route=%2Fwp%2Fv2%2Fcategories&post=20730"},{"taxonomy":"post_tag","embeddable":true,"href":"http:\/\/muzykabeztajemnic.info.pl\/index.php?rest_route=%2Fwp%2Fv2%2Ftags&post=20730"}],"curies":[{"name":"wp","href":"https:\/\/api.w.org\/{rel}","templated":true}]}}