{"id":20692,"date":"2020-08-10T08:00:50","date_gmt":"2020-08-10T08:00:50","guid":{"rendered":"https:\/\/muzykabeztajemnic.info.pl\/?p=20692"},"modified":"2020-08-10T08:00:51","modified_gmt":"2020-08-10T08:00:51","slug":"ira-prezentuje-rockowy-utwor-za-pozno-juz","status":"publish","type":"post","link":"http:\/\/muzykabeztajemnic.info.pl\/?p=20692","title":{"rendered":"IRA prezentuje rockowy utw\u00f3r &#8222;Za p\u00f3\u017ano ju\u017c&#8221;"},"content":{"rendered":"\n<figure class=\"wp-block-image size-large\"><img loading=\"lazy\" decoding=\"async\" width=\"700\" height=\"700\" src=\"https:\/\/muzykabeztajemnic.info.pl\/wp-content\/uploads\/2020\/08\/Ira-Za-p\u00f3\u017ano-ju\u017c.jpg\" alt=\"\" class=\"wp-image-20693\" srcset=\"http:\/\/muzykabeztajemnic.info.pl\/wp-content\/uploads\/2020\/08\/Ira-Za-p\u00f3\u017ano-ju\u017c.jpg 700w, http:\/\/muzykabeztajemnic.info.pl\/wp-content\/uploads\/2020\/08\/Ira-Za-p\u00f3\u017ano-ju\u017c-500x500.jpg 500w, http:\/\/muzykabeztajemnic.info.pl\/wp-content\/uploads\/2020\/08\/Ira-Za-p\u00f3\u017ano-ju\u017c-150x150.jpg 150w\" sizes=\"auto, (max-width: 700px) 100vw, 700px\" \/><\/figure>\n\n\n\n<p>Je\u015bli spodziewali\u015bcie si\u0119, \u017ce <strong>IRA <\/strong>wr\u00f3ci tylko z samymi balladami, to sprawd\u017acie koniecznie premierowy utw\u00f3r <strong>\u201eZa p\u00f3\u017ano ju\u017c\u201d<\/strong>. Zesp\u00f3\u0142 od 33 lat \u015bwietnie sobie radzi na polskiej scenie i po raz kolejny udowadnia, \u017ce mocne, gitarowe granie bez zmian p\u0142ynie w ich \u017cy\u0142ach. Tekst napisa\u0142 wokalista <strong>Artur Gadowski<\/strong> wraz z <strong>Wojciechem Byrskim<\/strong>, a muzyk\u0119 skomponowa\u0142 basista grupy <strong>Piotr Sujka<\/strong>.<\/p>\n\n\n\n<figure class=\"wp-block-embed-youtube wp-block-embed is-type-video is-provider-youtube wp-embed-aspect-16-9 wp-has-aspect-ratio\"><div class=\"wp-block-embed__wrapper\">\n<iframe loading=\"lazy\" title=\"IRA - Za P\u00f3\u017ano Ju\u017c (Audio)\" width=\"800\" height=\"450\" src=\"https:\/\/www.youtube.com\/embed\/AEKsC8RQkkA?feature=oembed\" frameborder=\"0\" allow=\"accelerometer; autoplay; clipboard-write; encrypted-media; gyroscope; picture-in-picture; web-share\" referrerpolicy=\"strict-origin-when-cross-origin\" allowfullscreen><\/iframe>\n<\/div><\/figure>\n\n\n\n<p>Utw\u00f3r zapowiada 12-t\u0105 studyjn\u0105 p\u0142yt\u0119 zespo\u0142u, kt\u00f3ra uka\u017ce si\u0119 ju\u017c w pa\u017adzierniku 2020 roku. Na albumie nie zabraknie pi\u0119knych ballad oraz ci\u0119\u017ckich, gitarowych riff\u00f3w.<\/p>\n\n\n\n<p>Utw\u00f3r dost\u0119pny w serwisach muzycznych: <a href=\"https:\/\/UmusicPL.lnk.to\/IRAzapoznojuz\">https:\/\/UmusicPL.lnk.to\/IRAzapoznojuz<\/a><\/p>\n","protected":false},"excerpt":{"rendered":"<p>Je\u015bli spodziewali\u015bcie si\u0119, \u017ce IRA wr\u00f3ci tylko z samymi balladami, to sprawd\u017acie koniecznie premierowy utw\u00f3r \u201eZa p\u00f3\u017ano ju\u017c\u201d. Zesp\u00f3\u0142 od 33 lat \u015bwietnie sobie radzi na polskiej scenie i po raz kolejny udowadnia, \u017ce mocne, gitarowe granie bez zmian p\u0142ynie w ich \u017cy\u0142ach. Tekst napisa\u0142 wokalista Artur Gadowski wraz z Wojciechem Byrskim, a muzyk\u0119 skomponowa\u0142 [&hellip;]<\/p>\n","protected":false},"author":1,"featured_media":20693,"comment_status":"closed","ping_status":"open","sticky":false,"template":"","format":"standard","meta":{"jetpack_post_was_ever_published":false,"_jetpack_newsletter_access":"","_jetpack_dont_email_post_to_subs":false,"_jetpack_newsletter_tier_id":0,"_jetpack_memberships_contains_paywalled_content":false,"_jetpack_memberships_contains_paid_content":false,"footnotes":"","jetpack_publicize_message":"","jetpack_publicize_feature_enabled":true,"jetpack_social_post_already_shared":true,"jetpack_social_options":{"image_generator_settings":{"template":"highway","default_image_id":0,"enabled":false},"version":2}},"categories":[6],"tags":[],"class_list":["post-20692","post","type-post","status-publish","format-standard","has-post-thumbnail","hentry","category-klipy"],"jetpack_publicize_connections":[],"jetpack_featured_media_url":"http:\/\/muzykabeztajemnic.info.pl\/wp-content\/uploads\/2020\/08\/Ira-Za-p\u00f3\u017ano-ju\u017c.jpg","jetpack_sharing_enabled":true,"jetpack_shortlink":"https:\/\/wp.me\/p67auQ-5nK","_links":{"self":[{"href":"http:\/\/muzykabeztajemnic.info.pl\/index.php?rest_route=\/wp\/v2\/posts\/20692","targetHints":{"allow":["GET"]}}],"collection":[{"href":"http:\/\/muzykabeztajemnic.info.pl\/index.php?rest_route=\/wp\/v2\/posts"}],"about":[{"href":"http:\/\/muzykabeztajemnic.info.pl\/index.php?rest_route=\/wp\/v2\/types\/post"}],"author":[{"embeddable":true,"href":"http:\/\/muzykabeztajemnic.info.pl\/index.php?rest_route=\/wp\/v2\/users\/1"}],"replies":[{"embeddable":true,"href":"http:\/\/muzykabeztajemnic.info.pl\/index.php?rest_route=%2Fwp%2Fv2%2Fcomments&post=20692"}],"version-history":[{"count":0,"href":"http:\/\/muzykabeztajemnic.info.pl\/index.php?rest_route=\/wp\/v2\/posts\/20692\/revisions"}],"wp:featuredmedia":[{"embeddable":true,"href":"http:\/\/muzykabeztajemnic.info.pl\/index.php?rest_route=\/wp\/v2\/media\/20693"}],"wp:attachment":[{"href":"http:\/\/muzykabeztajemnic.info.pl\/index.php?rest_route=%2Fwp%2Fv2%2Fmedia&parent=20692"}],"wp:term":[{"taxonomy":"category","embeddable":true,"href":"http:\/\/muzykabeztajemnic.info.pl\/index.php?rest_route=%2Fwp%2Fv2%2Fcategories&post=20692"},{"taxonomy":"post_tag","embeddable":true,"href":"http:\/\/muzykabeztajemnic.info.pl\/index.php?rest_route=%2Fwp%2Fv2%2Ftags&post=20692"}],"curies":[{"name":"wp","href":"https:\/\/api.w.org\/{rel}","templated":true}]}}