{"id":20680,"date":"2020-08-04T18:37:08","date_gmt":"2020-08-04T18:37:08","guid":{"rendered":"https:\/\/muzykabeztajemnic.info.pl\/?p=20680"},"modified":"2020-08-04T18:37:10","modified_gmt":"2020-08-04T18:37:10","slug":"wracaj-nowa-piosenka-pawla-domagaly","status":"publish","type":"post","link":"http:\/\/muzykabeztajemnic.info.pl\/?p=20680","title":{"rendered":"Wracaj. Nowa piosenka Paw\u0142a Domaga\u0142y"},"content":{"rendered":"\n<p>Na kanale YouTube Paw\u0142a Domaga\u0142y pojawi\u0142 si\u0119 nowy klip \u2013 lyric video do utworu \u201eWracaj\u201d. Piosenka zapowiada p\u0142yt\u0119 o tym samym tytule, kt\u00f3ra uka\u017ce si\u0119 20 listopada 2020 roku.<\/p>\n\n\n\n<figure class=\"wp-block-embed-youtube wp-block-embed is-type-video is-provider-youtube wp-embed-aspect-4-3 wp-has-aspect-ratio\"><div class=\"wp-block-embed__wrapper\">\n<iframe loading=\"lazy\" title=\"PAWE\u0141 DOMAGA\u0141A - Wracaj (Official Lyric Video)\" width=\"800\" height=\"600\" src=\"https:\/\/www.youtube.com\/embed\/G3LkbTm8FXA?feature=oembed\" frameborder=\"0\" allow=\"accelerometer; autoplay; clipboard-write; encrypted-media; gyroscope; picture-in-picture; web-share\" referrerpolicy=\"strict-origin-when-cross-origin\" allowfullscreen><\/iframe>\n<\/div><\/figure>\n\n\n\n<p>Autorem tekstu jest Pawe\u0142 Domaga\u0142a, muzyk\u0119 skomponowali Pawe\u0142 Domaga\u0142a i \u0141ukasz Borowiecki, kt\u00f3ry jest r\u00f3wnie\u017c producentem muzycznym utworu. Za re\u017cyseri\u0119, zdj\u0119cia i monta\u017c teledysku odpowiada Pawe\u0142 \u0141ukomski, tw\u00f3rca wideo do \u201eWe\u017a nie pytaj\u201d, \u201eWystarcz\u0119 ja\u201d i \u201ePopatrz na mnie\u201d.<br>\u2028\u201eWracaj\u201d to trzecia p\u0142yta w dorobku duetu Domaga\u0142a i Borowiecki.<\/p>\n\n\n\n<ul class=\"wp-block-list\"><li>To powr\u00f3t do pierwszych dojrza\u0142ych uczu\u0107, do bezczelnej odwagi, kt\u00f3ra domaga si\u0119, by i\u015b\u0107 po swoje bez kompromis\u00f3w ze \u015bwiatem &#8211; m\u00f3wi Pawe\u0142 Domaga\u0142a.<\/li><li>\u201eWracaj\u201d to te\u017c powr\u00f3t do muzycznej prostoty. B\u0119d\u0105 te\u017c nawi\u0105zania do ameryka\u0144skiej muzyki gitarowej i folku &#8211; dodaje \u0141ukasz Borowiecki.<br>W lyric video \u201eWracaj\u201d zadebiutowa\u0142 pies Ari, kt\u00f3ry od dawna domaga\u0142 si\u0119 wyst\u0119pu w teledysku Paw\u0142a.<\/li><\/ul>\n\n\n\n<p>31 lipca Pawe\u0142 Domaga\u0142a i \u0141ukasz Borowiecki zamykaj\u0105 przedsprzeda\u017c albumu \u201eWracaj\u201d w wersji z bonusami \u2013 filmem dokumentalnym i koncertem akustycznym.<br>P\u0142yt\u0119 mo\u017cna zam\u00f3wi\u0107 na stronie: https:\/\/paweldomagala.pl\/ostatnia-szansa-na-zamowienie-pre-orderu\/<\/p>\n","protected":false},"excerpt":{"rendered":"<p>Na kanale YouTube Paw\u0142a Domaga\u0142y pojawi\u0142 si\u0119 nowy klip \u2013 lyric video do utworu \u201eWracaj\u201d. Piosenka zapowiada p\u0142yt\u0119 o tym samym tytule, kt\u00f3ra uka\u017ce si\u0119 20 listopada 2020 roku. Autorem tekstu jest Pawe\u0142 Domaga\u0142a, muzyk\u0119 skomponowali Pawe\u0142 Domaga\u0142a i \u0141ukasz Borowiecki, kt\u00f3ry jest r\u00f3wnie\u017c producentem muzycznym utworu. Za re\u017cyseri\u0119, zdj\u0119cia i monta\u017c teledysku odpowiada Pawe\u0142 [&hellip;]<\/p>\n","protected":false},"author":1,"featured_media":0,"comment_status":"closed","ping_status":"open","sticky":false,"template":"","format":"standard","meta":{"jetpack_post_was_ever_published":false,"_jetpack_newsletter_access":"","_jetpack_dont_email_post_to_subs":false,"_jetpack_newsletter_tier_id":0,"_jetpack_memberships_contains_paywalled_content":false,"_jetpack_memberships_contains_paid_content":false,"footnotes":"","jetpack_publicize_message":"","jetpack_publicize_feature_enabled":true,"jetpack_social_post_already_shared":true,"jetpack_social_options":{"image_generator_settings":{"template":"highway","default_image_id":0,"enabled":false},"version":2}},"categories":[1],"tags":[],"class_list":["post-20680","post","type-post","status-publish","format-standard","hentry","category-uncategorized"],"jetpack_publicize_connections":[],"jetpack_featured_media_url":"","jetpack_sharing_enabled":true,"jetpack_shortlink":"https:\/\/wp.me\/p67auQ-5ny","_links":{"self":[{"href":"http:\/\/muzykabeztajemnic.info.pl\/index.php?rest_route=\/wp\/v2\/posts\/20680","targetHints":{"allow":["GET"]}}],"collection":[{"href":"http:\/\/muzykabeztajemnic.info.pl\/index.php?rest_route=\/wp\/v2\/posts"}],"about":[{"href":"http:\/\/muzykabeztajemnic.info.pl\/index.php?rest_route=\/wp\/v2\/types\/post"}],"author":[{"embeddable":true,"href":"http:\/\/muzykabeztajemnic.info.pl\/index.php?rest_route=\/wp\/v2\/users\/1"}],"replies":[{"embeddable":true,"href":"http:\/\/muzykabeztajemnic.info.pl\/index.php?rest_route=%2Fwp%2Fv2%2Fcomments&post=20680"}],"version-history":[{"count":0,"href":"http:\/\/muzykabeztajemnic.info.pl\/index.php?rest_route=\/wp\/v2\/posts\/20680\/revisions"}],"wp:attachment":[{"href":"http:\/\/muzykabeztajemnic.info.pl\/index.php?rest_route=%2Fwp%2Fv2%2Fmedia&parent=20680"}],"wp:term":[{"taxonomy":"category","embeddable":true,"href":"http:\/\/muzykabeztajemnic.info.pl\/index.php?rest_route=%2Fwp%2Fv2%2Fcategories&post=20680"},{"taxonomy":"post_tag","embeddable":true,"href":"http:\/\/muzykabeztajemnic.info.pl\/index.php?rest_route=%2Fwp%2Fv2%2Ftags&post=20680"}],"curies":[{"name":"wp","href":"https:\/\/api.w.org\/{rel}","templated":true}]}}