{"id":20353,"date":"2020-06-02T09:47:37","date_gmt":"2020-06-02T09:47:37","guid":{"rendered":"https:\/\/muzykabeztajemnic.info.pl\/?p=20353"},"modified":"2020-06-02T09:47:39","modified_gmt":"2020-06-02T09:47:39","slug":"klasyka-w-porze-lunchu-czyli-wielki-powrot-koncertow-w-wigmore-hall-transmisje-z-londynu-w-dwojce","status":"publish","type":"post","link":"http:\/\/muzykabeztajemnic.info.pl\/?p=20353","title":{"rendered":"KLASYKA W PORZE LUNCHU, CZYLI WIELKI POWR\u00d3T KONCERT\u00d3W W WIGMORE HALL \u2013 TRANSMISJE Z LONDYNU W DW\u00d3JCE"},"content":{"rendered":"\n<figure class=\"wp-block-image size-large\"><img loading=\"lazy\" decoding=\"async\" width=\"303\" height=\"166\" src=\"https:\/\/muzykabeztajemnic.info.pl\/wp-content\/uploads\/2020\/04\/images-2.jpeg\" alt=\"\" class=\"wp-image-20190\"\/><\/figure>\n\n\n\n<p>\u2013 Jeszcze bez publiczno\u015bci i oklask\u00f3w, ale wracamy do koncertowego \u017cycia! \u2013 m\u00f3wi Magdalena \u0141o\u015b z Programu 2 Polskiego Radia zapraszaj\u0105c na pierwsz\u0105 \u2013 po epidemii koronawirusa \u2013 transmisj\u0119 z londy\u0144skiej Wigmore Hall. W poniedzia\u0142ek 1 czerwca cykl koncert\u00f3w granych na \u017cywo wczesnym popo\u0142udniem rozpocznie Stephen Hough \u2013 brytyjski pianista, kompozytor, pisarz i malarz, kt\u00f3ry wykona utwory Bacha i Schumanna. Pocz\u0105tek o godz. 14.00.<\/p>\n\n\n\n<p>\u2013 T\u0119sknili\u015bmy za koncertowymi emocjami i mo\u017cliwo\u015bci\u0105 dzielenia ich z Pa\u0144stwem. Czerwcowe poniedzia\u0142ki przywr\u00f3c\u0105 cho\u0107 w cz\u0119\u015bci koncertowo-transmisyjn\u0105 normalno\u015b\u0107, kt\u00f3ra kojarzy si\u0119 nam wszystkim z najpi\u0119kniejszymi prze\u017cyciami kolejnych letnich sezon\u00f3w \u2013 dodaje Magdalena \u0141o\u015b, dziennikarka radiowej Dw\u00f3jki.<\/p>\n\n\n\n<p><br>Program 2 Polskiego Radia do\u0142\u0105cza do inicjatywy Programu BBC 3, kt\u00f3ry w poprzednich sezonach oferowa\u0142 transmisje poniedzia\u0142kowych koncert\u00f3w w porze lunchu nadawcom zrzeszonym Europejskiej Unii Radiowej. Przerwany z powodu pandemii sezon organizatorzy reaktywuj\u0105 w nowej formule. Specjalna seria, w kt\u00f3rej inauguracji b\u0119d\u0105 mogli uczestniczy\u0107 s\u0142uchacze Dw\u00f3jki, obejmuje 20 wydarze\u0144 odbywaj\u0105cych si\u0119 codziennie (od poniedzia\u0142ku do pi\u0105tku). W program znajd\u0105 si\u0119 wy\u0142\u0105cznie recitale b\u0105d\u017a wyst\u0119py duet\u00f3w, kt\u00f3re organizowane b\u0119d\u0105 z zachowaniem zasad bezpiecze\u0144stwa sanitarnego. Wi\u0119kszo\u015b\u0107 muzyk\u00f3w, kt\u00f3rzy wyst\u0105pi\u0105 w czerwcu w Wigmore Hall, to arty\u015bci mieszkaj\u0105cy w Londynie: Imogen Cooper, Angela Hewitt, Stephen Hough, Pavel Kolesnikov, Mark Padmore, Ailish Tynan, Mitsuko Uchida.<\/p>\n\n\n\n<p><br>\u2013 Zdrowie i bezpiecze\u0144stwo pracownik\u00f3w i muzyk\u00f3w jest najwa\u017cniejsz\u0105 trosk\u0105 organizator\u00f3w, a zaproszeni arty\u015bci obiecali dotrze\u0107 na miejsce pieszo lub rowerem unikaj\u0105c transportu publicznego \u2013 zapewnia John Gilhooly, dyrektor Wigmore Hall. Obs\u0142uga radiowej transmisji ograniczona zostanie do niezb\u0119dnego minimum \u2013 prowadz\u0105cy j\u0105 dziennikarz BBC 3 b\u0119dzie jedynym widzem w s\u0142yn\u0105cej z doskona\u0142ej akustyki i licz\u0105cej 545 miejsc sali z pocz\u0105tku XX wieku. A na zapleczu pracowa\u0107 b\u0119d\u0105 dwie osoby \u2013 producent i re\u017cyser d\u017awi\u0119ku.<\/p>\n\n\n\n<p><br>Seri\u0119 rozpocznie Stephen Hough (na zdj\u0119ciu) \u2013 brytyjski pianista, pisarz, kompozytor i malarz. Na \u017cywo w Londynie i dla s\u0142uchaczy Dw\u00f3jki wykona on muzyk\u0119 Bacha i Schumanna.<\/p>\n\n\n\n<p><br>Kolejne transmisje z Wigmore Hall w radiowej Dw\u00f3jce w ka\u017cdy poniedzia\u0142ek czerwca. Program 2 Polskiego Radia b\u0119dzie jedyn\u0105 radiofoni\u0105, kt\u00f3ra obok BBC 3 b\u0119dzie transmitowa\u0107 poniedzia\u0142kowy koncert (w innych krajach b\u0119dzie on retransmitowany).<\/p>\n\n\n\n<p><br>Pocz\u0105tek transmisji w poniedzia\u0142ek 1 czerwca o godz. 14.00.<br>W programie: Jan Sebastian Bach (opr. Ferruccio Busoni) \u2013 Chaconne z Partity d-moll BWV 1004; Robert Schumann \u2013 Fantazja C-dur op. 17, wyk. Stephen Hough \u2013 fortepian.<\/p>\n","protected":false},"excerpt":{"rendered":"<p>\u2013 Jeszcze bez publiczno\u015bci i oklask\u00f3w, ale wracamy do koncertowego \u017cycia! \u2013 m\u00f3wi Magdalena \u0141o\u015b z Programu 2 Polskiego Radia zapraszaj\u0105c na pierwsz\u0105 \u2013 po epidemii koronawirusa \u2013 transmisj\u0119 z londy\u0144skiej Wigmore Hall. W poniedzia\u0142ek 1 czerwca cykl koncert\u00f3w granych na \u017cywo wczesnym popo\u0142udniem rozpocznie Stephen Hough \u2013 brytyjski pianista, kompozytor, pisarz i malarz, kt\u00f3ry [&hellip;]<\/p>\n","protected":false},"author":1,"featured_media":20190,"comment_status":"closed","ping_status":"open","sticky":false,"template":"","format":"standard","meta":{"jetpack_post_was_ever_published":false,"_jetpack_newsletter_access":"","_jetpack_dont_email_post_to_subs":false,"_jetpack_newsletter_tier_id":0,"_jetpack_memberships_contains_paywalled_content":false,"_jetpack_memberships_contains_paid_content":false,"footnotes":"","jetpack_publicize_message":"","jetpack_publicize_feature_enabled":true,"jetpack_social_post_already_shared":true,"jetpack_social_options":{"image_generator_settings":{"template":"highway","default_image_id":0,"enabled":false},"version":2}},"categories":[1],"tags":[],"class_list":["post-20353","post","type-post","status-publish","format-standard","has-post-thumbnail","hentry","category-uncategorized"],"jetpack_publicize_connections":[],"jetpack_featured_media_url":"http:\/\/muzykabeztajemnic.info.pl\/wp-content\/uploads\/2020\/04\/images-2.jpeg","jetpack_sharing_enabled":true,"jetpack_shortlink":"https:\/\/wp.me\/p67auQ-5ih","_links":{"self":[{"href":"http:\/\/muzykabeztajemnic.info.pl\/index.php?rest_route=\/wp\/v2\/posts\/20353","targetHints":{"allow":["GET"]}}],"collection":[{"href":"http:\/\/muzykabeztajemnic.info.pl\/index.php?rest_route=\/wp\/v2\/posts"}],"about":[{"href":"http:\/\/muzykabeztajemnic.info.pl\/index.php?rest_route=\/wp\/v2\/types\/post"}],"author":[{"embeddable":true,"href":"http:\/\/muzykabeztajemnic.info.pl\/index.php?rest_route=\/wp\/v2\/users\/1"}],"replies":[{"embeddable":true,"href":"http:\/\/muzykabeztajemnic.info.pl\/index.php?rest_route=%2Fwp%2Fv2%2Fcomments&post=20353"}],"version-history":[{"count":0,"href":"http:\/\/muzykabeztajemnic.info.pl\/index.php?rest_route=\/wp\/v2\/posts\/20353\/revisions"}],"wp:featuredmedia":[{"embeddable":true,"href":"http:\/\/muzykabeztajemnic.info.pl\/index.php?rest_route=\/wp\/v2\/media\/20190"}],"wp:attachment":[{"href":"http:\/\/muzykabeztajemnic.info.pl\/index.php?rest_route=%2Fwp%2Fv2%2Fmedia&parent=20353"}],"wp:term":[{"taxonomy":"category","embeddable":true,"href":"http:\/\/muzykabeztajemnic.info.pl\/index.php?rest_route=%2Fwp%2Fv2%2Fcategories&post=20353"},{"taxonomy":"post_tag","embeddable":true,"href":"http:\/\/muzykabeztajemnic.info.pl\/index.php?rest_route=%2Fwp%2Fv2%2Ftags&post=20353"}],"curies":[{"name":"wp","href":"https:\/\/api.w.org\/{rel}","templated":true}]}}