{"id":20350,"date":"2020-06-02T09:45:43","date_gmt":"2020-06-02T09:45:43","guid":{"rendered":"https:\/\/muzykabeztajemnic.info.pl\/?p=20350"},"modified":"2020-06-02T09:45:46","modified_gmt":"2020-06-02T09:45:46","slug":"plejada-gwiazd-w-charytatywnym-singlu-razem","status":"publish","type":"post","link":"http:\/\/muzykabeztajemnic.info.pl\/?p=20350","title":{"rendered":"Plejada gwiazd w charytatywnym singlu &#8222;Razem&#8221;"},"content":{"rendered":"\n<figure class=\"wp-block-image size-large\"><img loading=\"lazy\" decoding=\"async\" width=\"700\" height=\"700\" src=\"https:\/\/muzykabeztajemnic.info.pl\/wp-content\/uploads\/2020\/06\/ok\u0142adka_3000x3000.jpg\" alt=\"\" class=\"wp-image-20351\" srcset=\"http:\/\/muzykabeztajemnic.info.pl\/wp-content\/uploads\/2020\/06\/ok\u0142adka_3000x3000.jpg 700w, http:\/\/muzykabeztajemnic.info.pl\/wp-content\/uploads\/2020\/06\/ok\u0142adka_3000x3000-500x500.jpg 500w, http:\/\/muzykabeztajemnic.info.pl\/wp-content\/uploads\/2020\/06\/ok\u0142adka_3000x3000-150x150.jpg 150w\" sizes=\"auto, (max-width: 700px) 100vw, 700px\" \/><\/figure>\n\n\n\n<p>W dziwnym czasie spo\u0142ecznej izolacji sprawdzeni tw\u00f3rcy hit\u00f3w oraz ikony polskiej sceny postanowili w mi\u0119dzypokoleniowym sk\u0142adzie stworzy\u0107 wyj\u0105tkow\u0105 piosenk\u0119. Co wa\u017cne, nie jest to kolejna \u201ecovidowa\u201d produkcja, lecz utw\u00f3r w poprockowej stylistyce, z przebojowym potencja\u0142em, nios\u0105cy g\u0142\u0119bsze, ponadczasowe przes\u0142anie.<\/p>\n\n\n\n<figure class=\"wp-block-embed-youtube wp-block-embed is-type-video is-provider-youtube wp-embed-aspect-16-9 wp-has-aspect-ratio\"><div class=\"wp-block-embed__wrapper\">\n<iframe loading=\"lazy\" title=\"Razem | Roxie W\u0119giel, Urszula, Markowska, Ostrowska, Jab\u0142o\u0144ska, Zast\u0119pa, Andrzejczak, Gadowski i in\" width=\"800\" height=\"450\" src=\"https:\/\/www.youtube.com\/embed\/z9-I-t0dBJg?feature=oembed\" frameborder=\"0\" allow=\"accelerometer; autoplay; clipboard-write; encrypted-media; gyroscope; picture-in-picture; web-share\" referrerpolicy=\"strict-origin-when-cross-origin\" allowfullscreen><\/iframe>\n<\/div><\/figure>\n\n\n\n<p><strong>Utw\u00f3r dost\u0119pny w serwisach muzycznych: <a href=\"https:\/\/umusicpl.lnk.to\/RazemRobimyDobro\">https:\/\/umusicpl.lnk.to\/RazemRobimyDobro<\/a><\/strong><\/p>\n\n\n\n<p>Zar\u00f3wno tekst, jak i sk\u0142ad wykonawczy podkre\u015blaj\u0105 ide\u0119 wsp\u00f3lnoty ponad podzia\u0142ami. Proste s\u0142owa \u201eWarto razem trzyma\u0107 si\u0119\u201d brzmi\u0105 z nieprawdopodobn\u0105 moc\u0105 wy\u015bpiewane przez takich artyst\u00f3w, jak: <strong>Roksana W\u0119giel<\/strong>, <strong>Zuza Jab\u0142o\u0144ska<\/strong>, <strong>Natalia Zast\u0119pa<\/strong>, <strong>Patrycja Markowska<\/strong>, <strong>Ma\u0142gorzata Ostrowska<\/strong>, <strong>Urszula<\/strong>, <strong>\u017belka<\/strong>, <strong>Adam Wolski<\/strong> (Golden Life), <strong>Artur Gadowski<\/strong> (IRA), <strong>Grzegorz Kupczyk<\/strong> (CETI), <strong>Felicjan Andrzejczak<\/strong>, <strong>Andrzej Krzywy<\/strong> (De Mono), czy <strong>Staszek Karpiel-Bu\u0142ecka<\/strong>. S\u0142owa i tekst napisali: <strong>Micha\u0142 Pietrzak<\/strong> oraz <strong>Juliusz Kamil<\/strong>.<\/p>\n\n\n\n<p>Piosenka \u201eRazem\u201d to pierwsza ods\u0142ona akcji <strong>\u201eRazem Robimy Dobro\u201d<\/strong>. RRD obejmie cykl wydarze\u0144 promocyjnych: koncert\u00f3w, spotka\u0144 online, challenge w mediach spo\u0142eczno\u015bciowych oraz wywiad\u00f3w, a wszystko po to, by krzepi\u0107 serca i zara\u017ca\u0107 pozytywn\u0105 energi\u0105 oraz pasj\u0105 do dobra!<\/p>\n\n\n\n<p>Doch\u00f3d ze sprzeda\u017cy utworu zostanie przeznaczony na doposa\u017cenie oddzia\u0142\u00f3w rehabilitacyjnych Fundacji Dzieciom \u201eZd\u0105\u017cy\u0107 z pomoc\u0105\u201d.<\/p>\n","protected":false},"excerpt":{"rendered":"<p>W dziwnym czasie spo\u0142ecznej izolacji sprawdzeni tw\u00f3rcy hit\u00f3w oraz ikony polskiej sceny postanowili w mi\u0119dzypokoleniowym sk\u0142adzie stworzy\u0107 wyj\u0105tkow\u0105 piosenk\u0119. Co wa\u017cne, nie jest to kolejna \u201ecovidowa\u201d produkcja, lecz utw\u00f3r w poprockowej stylistyce, z przebojowym potencja\u0142em, nios\u0105cy g\u0142\u0119bsze, ponadczasowe przes\u0142anie. Utw\u00f3r dost\u0119pny w serwisach muzycznych: https:\/\/umusicpl.lnk.to\/RazemRobimyDobro Zar\u00f3wno tekst, jak i sk\u0142ad wykonawczy podkre\u015blaj\u0105 ide\u0119 wsp\u00f3lnoty ponad [&hellip;]<\/p>\n","protected":false},"author":1,"featured_media":20351,"comment_status":"closed","ping_status":"open","sticky":false,"template":"","format":"standard","meta":{"jetpack_post_was_ever_published":false,"_jetpack_newsletter_access":"","_jetpack_dont_email_post_to_subs":false,"_jetpack_newsletter_tier_id":0,"_jetpack_memberships_contains_paywalled_content":false,"_jetpack_memberships_contains_paid_content":false,"footnotes":"","jetpack_publicize_message":"","jetpack_publicize_feature_enabled":true,"jetpack_social_post_already_shared":true,"jetpack_social_options":{"image_generator_settings":{"template":"highway","default_image_id":0,"enabled":false},"version":2}},"categories":[1],"tags":[],"class_list":["post-20350","post","type-post","status-publish","format-standard","has-post-thumbnail","hentry","category-uncategorized"],"jetpack_publicize_connections":[],"jetpack_featured_media_url":"http:\/\/muzykabeztajemnic.info.pl\/wp-content\/uploads\/2020\/06\/ok\u0142adka_3000x3000.jpg","jetpack_sharing_enabled":true,"jetpack_shortlink":"https:\/\/wp.me\/p67auQ-5ie","_links":{"self":[{"href":"http:\/\/muzykabeztajemnic.info.pl\/index.php?rest_route=\/wp\/v2\/posts\/20350","targetHints":{"allow":["GET"]}}],"collection":[{"href":"http:\/\/muzykabeztajemnic.info.pl\/index.php?rest_route=\/wp\/v2\/posts"}],"about":[{"href":"http:\/\/muzykabeztajemnic.info.pl\/index.php?rest_route=\/wp\/v2\/types\/post"}],"author":[{"embeddable":true,"href":"http:\/\/muzykabeztajemnic.info.pl\/index.php?rest_route=\/wp\/v2\/users\/1"}],"replies":[{"embeddable":true,"href":"http:\/\/muzykabeztajemnic.info.pl\/index.php?rest_route=%2Fwp%2Fv2%2Fcomments&post=20350"}],"version-history":[{"count":0,"href":"http:\/\/muzykabeztajemnic.info.pl\/index.php?rest_route=\/wp\/v2\/posts\/20350\/revisions"}],"wp:featuredmedia":[{"embeddable":true,"href":"http:\/\/muzykabeztajemnic.info.pl\/index.php?rest_route=\/wp\/v2\/media\/20351"}],"wp:attachment":[{"href":"http:\/\/muzykabeztajemnic.info.pl\/index.php?rest_route=%2Fwp%2Fv2%2Fmedia&parent=20350"}],"wp:term":[{"taxonomy":"category","embeddable":true,"href":"http:\/\/muzykabeztajemnic.info.pl\/index.php?rest_route=%2Fwp%2Fv2%2Fcategories&post=20350"},{"taxonomy":"post_tag","embeddable":true,"href":"http:\/\/muzykabeztajemnic.info.pl\/index.php?rest_route=%2Fwp%2Fv2%2Ftags&post=20350"}],"curies":[{"name":"wp","href":"https:\/\/api.w.org\/{rel}","templated":true}]}}