{"id":20297,"date":"2020-05-26T14:26:38","date_gmt":"2020-05-26T14:26:38","guid":{"rendered":"https:\/\/muzykabeztajemnic.info.pl\/?p=20297"},"modified":"2020-05-26T14:26:49","modified_gmt":"2020-05-26T14:26:49","slug":"marika-wraca-pierwszy-singiel-po-5-latach","status":"publish","type":"post","link":"http:\/\/muzykabeztajemnic.info.pl\/?p=20297","title":{"rendered":"MARIKA WRACA! PIERWSZY SINGIEL PO 5 LATACH"},"content":{"rendered":"\n<figure class=\"wp-block-image size-large\"><img loading=\"lazy\" decoding=\"async\" width=\"700\" height=\"700\" src=\"https:\/\/muzykabeztajemnic.info.pl\/wp-content\/uploads\/2020\/05\/k9OXddWA.jpeg\" alt=\"\" class=\"wp-image-20298\" srcset=\"http:\/\/muzykabeztajemnic.info.pl\/wp-content\/uploads\/2020\/05\/k9OXddWA.jpeg 700w, http:\/\/muzykabeztajemnic.info.pl\/wp-content\/uploads\/2020\/05\/k9OXddWA-500x500.jpeg 500w, http:\/\/muzykabeztajemnic.info.pl\/wp-content\/uploads\/2020\/05\/k9OXddWA-150x150.jpeg 150w\" sizes=\"auto, (max-width: 700px) 100vw, 700px\" \/><\/figure>\n\n\n\n<p>Nowa piosenka Mariki&nbsp;\u201eJak na moje oko\u201d&nbsp;to efekt wsp\u00f3\u0142pracy z producentem Kub\u0105 Karasiem. Singiel nie kontynuuje stylistyki znanej z ostatniego albumu Mariki wydanego w 2015 roku, a zatytu\u0142owanego \u201eMarta Kosakowska\u201d.<\/p>\n\n\n\n<p><strong>Lyric video stworzy\u0142 Pawe\u0142 Jan Nowak: <\/strong><\/p>\n\n\n\n<figure class=\"wp-block-embed-youtube wp-block-embed is-type-video is-provider-youtube wp-embed-aspect-16-9 wp-has-aspect-ratio\"><div class=\"wp-block-embed__wrapper\">\n<iframe loading=\"lazy\" title=\"Marika - Jak na moje oko (Official Music Video)\" width=\"800\" height=\"450\" src=\"https:\/\/www.youtube.com\/embed\/0ISGREsAlTY?feature=oembed\" frameborder=\"0\" allow=\"accelerometer; autoplay; clipboard-write; encrypted-media; gyroscope; picture-in-picture; web-share\" referrerpolicy=\"strict-origin-when-cross-origin\" allowfullscreen><\/iframe>\n<\/div><\/figure>\n\n\n\n<p><strong>Serwisy streamingowe:<\/strong> <a href=\"https:\/\/ffm.to\/MarikaOko\">https:\/\/ffm.to\/MarikaOko<\/a><\/p>\n\n\n\n<p>Jaka wi\u0119c b\u0119dzie nowa p\u0142yta? Jak m\u00f3wi sama artystka, to tajemnica.&nbsp;<\/p>\n\n\n\n<p>S\u0142uchaj\u0105c premierowego utworu mo\u017cna jednak przypuszcza\u0107, \u017ce na nowej p\u0142ycie Marika zaprezentuje swoje najmocniejsze atuty: taneczny rytm, silny wokal i anga\u017cuj\u0105cy intelektualnie tekst. \u201eTo muzyka, kt\u00f3ra wskakuje w ucho wielkimi susami.&#8221; &#8211; stwierdza artystka.&nbsp;<\/p>\n\n\n\n<p>Marika rozpocz\u0119\u0142a karier\u0119 w 2002 roku i dotychczas wyda\u0142a 5 p\u0142yt. W 2016 zadebiutowa\u0142a ksi\u0105\u017ck\u0105 \u201eAntydepresanty\u201d. Jest tak\u017ce autork\u0105 tekst\u00f3w swoich piosenek. Przez wiele lat prowadzi\u0142a audycje radiowe i telewizyjne (<a href=\"http:\/\/m.in\/\">m.in<\/a>. program The Voice of Poland).&nbsp;Nominowana do Fryderyk\u00f3w i Superjedynek. Zagra\u0142a setki koncert\u00f3w w Polsce i za granic\u0105&nbsp;<a href=\"http:\/\/m.in\/\">m.in<\/a>.&nbsp;we Francji, UK, USA, Indiach, Chinach.&nbsp;<\/p>\n","protected":false},"excerpt":{"rendered":"<p>Nowa piosenka Mariki&nbsp;\u201eJak na moje oko\u201d&nbsp;to efekt wsp\u00f3\u0142pracy z producentem Kub\u0105 Karasiem. Singiel nie kontynuuje stylistyki znanej z ostatniego albumu Mariki wydanego w 2015 roku, a zatytu\u0142owanego \u201eMarta Kosakowska\u201d. Lyric video stworzy\u0142 Pawe\u0142 Jan Nowak: Serwisy streamingowe: https:\/\/ffm.to\/MarikaOko Jaka wi\u0119c b\u0119dzie nowa p\u0142yta? Jak m\u00f3wi sama artystka, to tajemnica.&nbsp; S\u0142uchaj\u0105c premierowego utworu mo\u017cna jednak przypuszcza\u0107, [&hellip;]<\/p>\n","protected":false},"author":1,"featured_media":20298,"comment_status":"closed","ping_status":"open","sticky":false,"template":"","format":"standard","meta":{"jetpack_post_was_ever_published":false,"_jetpack_newsletter_access":"","_jetpack_dont_email_post_to_subs":false,"_jetpack_newsletter_tier_id":0,"_jetpack_memberships_contains_paywalled_content":false,"_jetpack_memberships_contains_paid_content":false,"footnotes":"","jetpack_publicize_message":"","jetpack_publicize_feature_enabled":true,"jetpack_social_post_already_shared":true,"jetpack_social_options":{"image_generator_settings":{"template":"highway","default_image_id":0,"enabled":false},"version":2}},"categories":[1],"tags":[],"class_list":["post-20297","post","type-post","status-publish","format-standard","has-post-thumbnail","hentry","category-uncategorized"],"jetpack_publicize_connections":[],"jetpack_featured_media_url":"http:\/\/muzykabeztajemnic.info.pl\/wp-content\/uploads\/2020\/05\/k9OXddWA.jpeg","jetpack_sharing_enabled":true,"jetpack_shortlink":"https:\/\/wp.me\/p67auQ-5hn","_links":{"self":[{"href":"http:\/\/muzykabeztajemnic.info.pl\/index.php?rest_route=\/wp\/v2\/posts\/20297","targetHints":{"allow":["GET"]}}],"collection":[{"href":"http:\/\/muzykabeztajemnic.info.pl\/index.php?rest_route=\/wp\/v2\/posts"}],"about":[{"href":"http:\/\/muzykabeztajemnic.info.pl\/index.php?rest_route=\/wp\/v2\/types\/post"}],"author":[{"embeddable":true,"href":"http:\/\/muzykabeztajemnic.info.pl\/index.php?rest_route=\/wp\/v2\/users\/1"}],"replies":[{"embeddable":true,"href":"http:\/\/muzykabeztajemnic.info.pl\/index.php?rest_route=%2Fwp%2Fv2%2Fcomments&post=20297"}],"version-history":[{"count":0,"href":"http:\/\/muzykabeztajemnic.info.pl\/index.php?rest_route=\/wp\/v2\/posts\/20297\/revisions"}],"wp:featuredmedia":[{"embeddable":true,"href":"http:\/\/muzykabeztajemnic.info.pl\/index.php?rest_route=\/wp\/v2\/media\/20298"}],"wp:attachment":[{"href":"http:\/\/muzykabeztajemnic.info.pl\/index.php?rest_route=%2Fwp%2Fv2%2Fmedia&parent=20297"}],"wp:term":[{"taxonomy":"category","embeddable":true,"href":"http:\/\/muzykabeztajemnic.info.pl\/index.php?rest_route=%2Fwp%2Fv2%2Fcategories&post=20297"},{"taxonomy":"post_tag","embeddable":true,"href":"http:\/\/muzykabeztajemnic.info.pl\/index.php?rest_route=%2Fwp%2Fv2%2Ftags&post=20297"}],"curies":[{"name":"wp","href":"https:\/\/api.w.org\/{rel}","templated":true}]}}