{"id":20289,"date":"2020-05-22T08:43:39","date_gmt":"2020-05-22T08:43:39","guid":{"rendered":"https:\/\/muzykabeztajemnic.info.pl\/?p=20289"},"modified":"2020-05-22T08:43:41","modified_gmt":"2020-05-22T08:43:41","slug":"baryton-andrzej-filonczyk-i-slynne-arie-operowe%e2%80%a8w-domowce-z-dwojka","status":"publish","type":"post","link":"http:\/\/muzykabeztajemnic.info.pl\/?p=20289","title":{"rendered":"BARYTON ANDRZEJ FILO\u0143CZYK I S\u0141YNNE ARIE OPEROWE\u2028W \u201eDOM\u00d3WCE Z DW\u00d3JK\u0104\u201d"},"content":{"rendered":"\n<figure class=\"wp-block-image size-large is-resized\"><img loading=\"lazy\" decoding=\"async\" src=\"https:\/\/muzykabeztajemnic.info.pl\/wp-content\/uploads\/2020\/04\/images-2.jpeg\" alt=\"\" class=\"wp-image-20190\" width=\"592\" height=\"324\"\/><\/figure>\n\n\n\n<p>Kolejny wiecz\u00f3r w \u201eDom\u00f3wce z Dw\u00f3jk\u0105\u201d odb\u0119dzie si\u0119 w najbli\u017csz\u0105 sobot\u0119 23 maja. W sz\u00f3stej ju\u017c ods\u0142onie audycji, w kt\u00f3rej zaprzyja\u017anieni z Programem 2 Polskiego Radia arty\u015bci koncertuj\u0105 dla s\u0142uchaczy i internaut\u00f3w, wyst\u0105pi \u015bpiewak operowy Andrzej Filo\u0144czyk. M\u0142ody, ale robi\u0105cy osza\u0142amiaj\u0105c\u0105 karier\u0119 baryton zaprezentuje przebojowe arie, a akompaniowa\u0107 mu b\u0119dzie na fortepianie Katarzyna Sienkiewicz. Transmisja koncertu na antenie Dw\u00f3jki oraz \u2013 w formie wideo \u2013 na stronie internetowej oraz Facebooku stacji. Pocz\u0105tek o godz. 19.00.<\/p>\n\n\n\n<p>W listopadzie wyst\u0119powa\u0142 w Bawarskiej Operze Narodowej, a w styczniu w Royal Opera House. Metropolitan Opera w Nowym Jorku zaplanowa\u0142a jego debiut na kwiecie\u0144 tego roku. Gdyby do niego dosz\u0142o, sta\u0142by si\u0119 najm\u0142odszym polskim \u015bpiewakiem w historii, kt\u00f3ry wyst\u0105pi\u0142 na jednej z najs\u0142ynniejszych scen operowych \u015bwiata. Niestety epidemia koronawirusa pokrzy\u017cowa\u0142a te plany.<\/p>\n\n\n\n<p><br>Andrzej Filo\u0144czyk za\u015bpiewa w cyklu \u201eDom\u00f3wka z Dw\u00f3jk\u0105\u201d, w kt\u00f3rym zaprzyja\u017anieni ze stacj\u0105 muzycy zapraszaj\u0105 s\u0142uchaczy i internaut\u00f3w do swoich mieszka\u0144 i dom\u00f3w, z kt\u00f3rych transmitowane s\u0105 kr\u00f3tkie, bo p\u00f3\u0142godzinne, ale zawsze pe\u0142ne niespodzianek recitale. A wszystko po to, by cieszy\u0107 si\u0119 \u2013 w czasie spowodowanej pandemi\u0105 izolacji \u2013 kontaktem z kultur\u0105 w najlepszym artystycznym wydaniu. Cho\u0107by w wersji on-line.<br>Andrzej Filo\u0144czyk \u2013 25-letni baryton znajduj\u0105cy si\u0119 obecnie u progu wielkiej mi\u0119dzynarodowej kariery. W maju 2016 roku otrzyma\u0142 pierwsz\u0105 nagrod\u0119 oraz nagrod\u0119 dla najlepszego polskiego g\u0142osu w\u00a0Mi\u0119dzynarodowym Konkursie Wokalnym im. Stanis\u0142awa Moniuszki w Warszawie.. Jeden z najcz\u0119\u015bciej i najch\u0119tniej zapraszanych przez wielkie teatry operowe polskich \u015bpiewak\u00f3w m\u0142odego pokolenia wykona \u2013 wraz z pianistk\u0105 Katarzyn\u0105 Sienkiewicz \u2013 s\u0142ynne arie z oper Mozarta, Donizettiego, Rossiniego i Moniuszki.<\/p>\n\n\n\n<p><br>\u2013 Musz\u0119 przyzna\u0107, \u017ce mia\u0142em du\u017co szcz\u0119\u015bcia. Spotka\u0142em odpowiednich ludzi w odpowiednim momencie swojego \u017cycia. Czy to by\u0142 profesor Bogdan Makal, profesor Eytan Pessen, czy inni nauczyciele oraz dyrektorzy festiwali i oper \u2013 ka\u017cda z tych os\u00f3b przygotowywa\u0142a mnie do coraz wa\u017cniejszych przes\u0142ucha\u0144. Zatem kiedy przychodzi\u0142y naprawd\u0119 wa\u017cne wyst\u0119py, to gdzie\u015b czu\u0142em z ty\u0142u g\u0142owy, \u017ce to mo\u017ce by\u0107 ten prze\u0142om, kt\u00f3ry rozpocznie na powa\u017cnie moj\u0105 karier\u0119 \u2013 m\u00f3wi\u0142 Andrzej Filo\u0144czyk w radiowej Dw\u00f3jce zapowiadaj\u0105c sw\u00f3j koncert.<\/p>\n\n\n\n<p><br>Transmisja w \u201eDom\u00f3wce z Dw\u00f3jk\u0105\u201d w sobot\u0119 23 maja o godz. 19.00 \u2013 na antenie, stronie internetowej oraz Facebooku stacji.<\/p>\n","protected":false},"excerpt":{"rendered":"<p>Kolejny wiecz\u00f3r w \u201eDom\u00f3wce z Dw\u00f3jk\u0105\u201d odb\u0119dzie si\u0119 w najbli\u017csz\u0105 sobot\u0119 23 maja. W sz\u00f3stej ju\u017c ods\u0142onie audycji, w kt\u00f3rej zaprzyja\u017anieni z Programem 2 Polskiego Radia arty\u015bci koncertuj\u0105 dla s\u0142uchaczy i internaut\u00f3w, wyst\u0105pi \u015bpiewak operowy Andrzej Filo\u0144czyk. M\u0142ody, ale robi\u0105cy osza\u0142amiaj\u0105c\u0105 karier\u0119 baryton zaprezentuje przebojowe arie, a akompaniowa\u0107 mu b\u0119dzie na fortepianie Katarzyna Sienkiewicz. Transmisja [&hellip;]<\/p>\n","protected":false},"author":1,"featured_media":20190,"comment_status":"closed","ping_status":"open","sticky":false,"template":"","format":"standard","meta":{"jetpack_post_was_ever_published":false,"_jetpack_newsletter_access":"","_jetpack_dont_email_post_to_subs":false,"_jetpack_newsletter_tier_id":0,"_jetpack_memberships_contains_paywalled_content":false,"_jetpack_memberships_contains_paid_content":false,"footnotes":"","jetpack_publicize_message":"","jetpack_publicize_feature_enabled":true,"jetpack_social_post_already_shared":true,"jetpack_social_options":{"image_generator_settings":{"template":"highway","default_image_id":0,"enabled":false},"version":2}},"categories":[1],"tags":[],"class_list":["post-20289","post","type-post","status-publish","format-standard","has-post-thumbnail","hentry","category-uncategorized"],"jetpack_publicize_connections":[],"jetpack_featured_media_url":"http:\/\/muzykabeztajemnic.info.pl\/wp-content\/uploads\/2020\/04\/images-2.jpeg","jetpack_sharing_enabled":true,"jetpack_shortlink":"https:\/\/wp.me\/p67auQ-5hf","_links":{"self":[{"href":"http:\/\/muzykabeztajemnic.info.pl\/index.php?rest_route=\/wp\/v2\/posts\/20289","targetHints":{"allow":["GET"]}}],"collection":[{"href":"http:\/\/muzykabeztajemnic.info.pl\/index.php?rest_route=\/wp\/v2\/posts"}],"about":[{"href":"http:\/\/muzykabeztajemnic.info.pl\/index.php?rest_route=\/wp\/v2\/types\/post"}],"author":[{"embeddable":true,"href":"http:\/\/muzykabeztajemnic.info.pl\/index.php?rest_route=\/wp\/v2\/users\/1"}],"replies":[{"embeddable":true,"href":"http:\/\/muzykabeztajemnic.info.pl\/index.php?rest_route=%2Fwp%2Fv2%2Fcomments&post=20289"}],"version-history":[{"count":0,"href":"http:\/\/muzykabeztajemnic.info.pl\/index.php?rest_route=\/wp\/v2\/posts\/20289\/revisions"}],"wp:featuredmedia":[{"embeddable":true,"href":"http:\/\/muzykabeztajemnic.info.pl\/index.php?rest_route=\/wp\/v2\/media\/20190"}],"wp:attachment":[{"href":"http:\/\/muzykabeztajemnic.info.pl\/index.php?rest_route=%2Fwp%2Fv2%2Fmedia&parent=20289"}],"wp:term":[{"taxonomy":"category","embeddable":true,"href":"http:\/\/muzykabeztajemnic.info.pl\/index.php?rest_route=%2Fwp%2Fv2%2Fcategories&post=20289"},{"taxonomy":"post_tag","embeddable":true,"href":"http:\/\/muzykabeztajemnic.info.pl\/index.php?rest_route=%2Fwp%2Fv2%2Ftags&post=20289"}],"curies":[{"name":"wp","href":"https:\/\/api.w.org\/{rel}","templated":true}]}}