{"id":20262,"date":"2020-05-15T15:25:04","date_gmt":"2020-05-15T15:25:04","guid":{"rendered":"https:\/\/muzykabeztajemnic.info.pl\/?p=20262"},"modified":"2020-05-15T15:25:07","modified_gmt":"2020-05-15T15:25:07","slug":"premiera-albumu-polskiego-radia-bylem-z-wami-z-homiliami-i-wierszami-sw-jana-pawla-ii","status":"publish","type":"post","link":"http:\/\/muzykabeztajemnic.info.pl\/?p=20262","title":{"rendered":"Premiera albumu Polskiego Radia &#8222;By\u0142em z Wami&#8221; z homiliami i wierszami \u015aw. Jana Paw\u0142a II."},"content":{"rendered":"\n<figure class=\"wp-block-image size-large\"><img loading=\"lazy\" decoding=\"async\" width=\"605\" height=\"220\" src=\"https:\/\/muzykabeztajemnic.info.pl\/wp-content\/uploads\/2020\/05\/image006.jpg\" alt=\"\" class=\"wp-image-20263\" srcset=\"http:\/\/muzykabeztajemnic.info.pl\/wp-content\/uploads\/2020\/05\/image006.jpg 605w, http:\/\/muzykabeztajemnic.info.pl\/wp-content\/uploads\/2020\/05\/image006-500x182.jpg 500w\" sizes=\"auto, (max-width: 605px) 100vw, 605px\" \/><\/figure>\n\n\n\n<p><strong>Dwup\u0142ytowy album \u201eBy\u0142em z Wami\u201d to wyj\u0105tkowe wydawnictwo Polskiego Radia przygotowane specjalnie z okazji 100. rocznicy urodzin Jana Paw\u0142a II. Zawiera wyb\u00f3r najwa\u017cniejszych, a zarazem zawsze aktualnych fragment\u00f3w homilii i wypowiedzi\u00a0 Papie\u017ca wyg\u0142oszonych podczas oficjalnych spotka\u0144, kt\u00f3re znalaz\u0142y si\u0119 w programach jego pielgrzymek\u00a0 do Ojczyzny.\u00a0 Dope\u0142niaj\u0105 go nagrania wierszy pisanych\u00a0 w latach 50. \u2013 70 w interpretacjach wybitnych aktor\u00f3w oraz pie\u015bni \u015bpiewane w czasie najbardziej emocjonalnych spotka\u0144 z Papie\u017cem Polakiem, \u015bw. Janem Paw\u0142em II.<\/strong><\/p>\n\n\n\n<p>Dla uczczenia 100. rocznicy urodzin Karola Wojty\u0142y, Papie\u017ca Polaka, Polskie Radio przygotowa\u0142o wyj\u0105tkowe wydawnictwo: dwup\u0142ytowy album, zawieraj\u0105cy fragmenty najwa\u017cniejszych homilii, oficjalnych wypowiedzi i pie\u015bni \u015bpiewanych podczas pielgrzymek&nbsp; Jana Paw\u0142a II do Ojczyzny, a tak\u017ce nagrania jego wierszy pisanych&nbsp; w latach 50. \u2013 70 w interpretacjach wybitnych aktor\u00f3w.<\/p>\n\n\n\n<p>Poprzez to wydawnictwo Polskie Radia zach\u0119ca do ws\u0142uchania si\u0119 w s\u0142owa, kt\u00f3re porusza\u0142y serca Polak\u00f3w, podnosi\u0142y na duchu, przypomina\u0142y o najwa\u017cniejszych warto\u015bciach: mi\u0142o\u015bci, godno\u015bci, wierze, o znaczeniu rodziny, tw\u00f3rczego \u017cycia, pracy, troski o przyrod\u0119 i \u015bwiat, czyli przes\u0142anie, kt\u00f3re od pocz\u0105tku pontyfikatu Papie\u017c Polak kierowa\u0142 do swoich rodak\u00f3w. Album <strong>\u201eBy\u0142em z Wami\u201d<\/strong> ma charakter szczeg\u00f3lny: zawiera dwie p\u0142yty <strong>\u201eMy\u015bl\u0105c Ojczyzna\u201d<\/strong> (CD1) oraz <strong>\u201eMy\u015bl\u0105c rodzina\u201d<\/strong> (CD2), na kt\u00f3rych fragmenty najbardziej poruszaj\u0105cych homilii i przem\u00f3wie\u0144 s\u0105 dope\u0142niane fragmentami poezji Karola Wojty\u0142y, wywo\u0142uj\u0105cymi u odbiorcy wra\u017cenie osobistego komentarza. P\u0142yty ukazuj\u0105 posta\u0107 Papie\u017ca jako intelektualisty o ogromnej wra\u017cliwo\u015bci na s\u0142owo, drugiego cz\u0142owieka i jego potrzeby, ale tak\u017ce zawsze patrz\u0105cego dalej i widz\u0105cego wi\u0119cej ni\u017c inni.<\/p>\n\n\n\n<p>Taki uk\u0142ad fragment\u00f3w homilii i wierszy pokazuje w przejrzysty spos\u00f3b ci\u0105g\u0142o\u015b\u0107 my\u015bli Papie\u017ca &#8211; Proroka, jak we wst\u0119pie do albumu nazywa go <strong>Tadeusz Fredro-Boniecki<\/strong>, wieloletni dziennikarz Polskiego Radia, kt\u00f3ry relacjonowa\u0142 wszystkie pielgrzymki Jana Paw\u0142a II do Ojczyzny. &#8211; <em>Przysz\u0142o\u015b\u0107 Polski zale\u017cy od was i musi od was zale\u017ce\u0107. To jest nasza Ojczyzna \u2014 to jest nasze \u201eby\u0107\u201d i nasze \u201emie\u0107\u201d. I nic nie mo\u017ce pozbawi\u0107 nas prawa, a\u017ceby przysz\u0142o\u015b\u0107 tego naszego \u201eby\u0107\u201d i \u201emie\u0107\u201d zale\u017ca\u0142a od nas<\/em> &#8211; m\u00f3wi\u0142 Ojciec \u015awi\u0119ty na Westerplatte 12 czerwca 1987 roku. Na p\u0142ytach us\u0142yszymy te\u017c fragmenty \u015bwiadcz\u0105ce o ogromnym poczuciu humoru papie\u017ca, jego spontaniczno\u015bci i otwarto\u015bci podczas spotka\u0144 z m\u0142odzie\u017c\u0105, z mieszka\u0144cami Wadowic czy g\u00f3ralami.&nbsp;<\/p>\n\n\n\n<p>Poezja Karola Wojty\u0142y wielokrotnie ukazywa\u0142a si\u0119 drukiem, tym razem jednak odbiorcy mog\u0105 pos\u0142ucha\u0107 jej w interpretacjach wybitnych polskich aktor\u00f3w: <strong>Henryka Bouko\u0142owskiego<\/strong>, <strong>Andrzeja Ferenca<\/strong>, <strong>Gustawa Holoubka<\/strong>, <strong>Krzysztofa Wakuli\u0144skiego<\/strong>, <strong>Jerzego Zelnika<\/strong> oraz <strong>Micha<\/strong><strong>\u0142a \u017bebrowskiego <\/strong>(nagrania pochodz\u0105 z Archiwum Polskiego Radia).<\/p>\n\n\n\n<p>W albumie znalaz\u0142y si\u0119 tak\u017ce pie\u015bni \u015bpiewane w czasie najbardziej emocjonalnych spotka\u0144 z Papie\u017cem Polakiem: \u201eWadowice, moje miasto\u201d, \u201eBarka\u201d czy te \u015bpiewane przez g\u00f3rali&nbsp; na zako\u0144czenie jego pobytu w Zakopanem. &#8211; <em>To wyb<\/em><em>\u00f3<\/em><em>r bardzo subiektywny<\/em> &#8211; m\u00f3wi redaktor wydania <strong>Gra\u017cyna Adamska<\/strong> z <strong>Archiwum Polskiego Radia<\/strong> &#8211; <em>zale\u017ca\u0142o nam na ukazaniu sp<\/em><em>\u00f3<\/em><em>jno\u015bci my\u015blenia poety i intelektualisty, kt<\/em><em>\u00f3<\/em><em>ry zostaj\u0105c papie\u017cem, pozosta\u0142 wierny swoim przekonaniom i wyznawanym warto\u015bciom. Albumy u\u0142o\u017cyli\u015bmy z kr<\/em><em>\u00f3<\/em><em>tkich fragment<\/em><em>\u00f3<\/em><em>w wyst\u0105pie\u0144 i poezji, tak aby do wys\u0142uchania ka\u017cdego z nich wystarczy\u0142o kilka minut w ci\u0105gu dnia, a jednocze\u015bnie pokazuj\u0105cych g\u0142\u0119bi\u0119 przes\u0142ania Ojca \u015awi\u0119tego, jego wi\u0119\u017a z rodakami, poczucie humoru&nbsp; i nadzwyczajn\u0105 umiej\u0119tno\u015b\u0107 budowania relacji &#8211; <\/em>dodaje<em>. <\/em>&nbsp;&nbsp;<\/p>\n\n\n\n<p>Nale\u017cy doda\u0107, \u017ce ten wyj\u0105tkowy, unikalny Album powsta\u0142&nbsp; w 100 rocznic\u0119 urodzin Karola Wojty\u0142y, Papie\u017ca Polaka oraz w roku 95-lecia Polskiego Radia, kt\u00f3re towarzyszy\u0142o Janowi Paw\u0142owi II, relacjonuj\u0105c wszystkie wydarzenia tego pontyfikatu i przekazuj\u0105c jego przes\u0142anie.<\/p>\n","protected":false},"excerpt":{"rendered":"<p>Dwup\u0142ytowy album \u201eBy\u0142em z Wami\u201d to wyj\u0105tkowe wydawnictwo Polskiego Radia przygotowane specjalnie z okazji 100. rocznicy urodzin Jana Paw\u0142a II. Zawiera wyb\u00f3r najwa\u017cniejszych, a zarazem zawsze aktualnych fragment\u00f3w homilii i wypowiedzi\u00a0 Papie\u017ca wyg\u0142oszonych podczas oficjalnych spotka\u0144, kt\u00f3re znalaz\u0142y si\u0119 w programach jego pielgrzymek\u00a0 do Ojczyzny.\u00a0 Dope\u0142niaj\u0105 go nagrania wierszy pisanych\u00a0 w latach 50. \u2013 70 [&hellip;]<\/p>\n","protected":false},"author":1,"featured_media":20263,"comment_status":"closed","ping_status":"open","sticky":false,"template":"","format":"standard","meta":{"jetpack_post_was_ever_published":false,"_jetpack_newsletter_access":"","_jetpack_dont_email_post_to_subs":false,"_jetpack_newsletter_tier_id":0,"_jetpack_memberships_contains_paywalled_content":false,"_jetpack_memberships_contains_paid_content":false,"footnotes":"","jetpack_publicize_message":"","jetpack_publicize_feature_enabled":true,"jetpack_social_post_already_shared":true,"jetpack_social_options":{"image_generator_settings":{"template":"highway","default_image_id":0,"enabled":false},"version":2}},"categories":[2],"tags":[],"class_list":["post-20262","post","type-post","status-publish","format-standard","has-post-thumbnail","hentry","category-albumy"],"jetpack_publicize_connections":[],"jetpack_featured_media_url":"http:\/\/muzykabeztajemnic.info.pl\/wp-content\/uploads\/2020\/05\/image006.jpg","jetpack_sharing_enabled":true,"jetpack_shortlink":"https:\/\/wp.me\/p67auQ-5gO","_links":{"self":[{"href":"http:\/\/muzykabeztajemnic.info.pl\/index.php?rest_route=\/wp\/v2\/posts\/20262","targetHints":{"allow":["GET"]}}],"collection":[{"href":"http:\/\/muzykabeztajemnic.info.pl\/index.php?rest_route=\/wp\/v2\/posts"}],"about":[{"href":"http:\/\/muzykabeztajemnic.info.pl\/index.php?rest_route=\/wp\/v2\/types\/post"}],"author":[{"embeddable":true,"href":"http:\/\/muzykabeztajemnic.info.pl\/index.php?rest_route=\/wp\/v2\/users\/1"}],"replies":[{"embeddable":true,"href":"http:\/\/muzykabeztajemnic.info.pl\/index.php?rest_route=%2Fwp%2Fv2%2Fcomments&post=20262"}],"version-history":[{"count":0,"href":"http:\/\/muzykabeztajemnic.info.pl\/index.php?rest_route=\/wp\/v2\/posts\/20262\/revisions"}],"wp:featuredmedia":[{"embeddable":true,"href":"http:\/\/muzykabeztajemnic.info.pl\/index.php?rest_route=\/wp\/v2\/media\/20263"}],"wp:attachment":[{"href":"http:\/\/muzykabeztajemnic.info.pl\/index.php?rest_route=%2Fwp%2Fv2%2Fmedia&parent=20262"}],"wp:term":[{"taxonomy":"category","embeddable":true,"href":"http:\/\/muzykabeztajemnic.info.pl\/index.php?rest_route=%2Fwp%2Fv2%2Fcategories&post=20262"},{"taxonomy":"post_tag","embeddable":true,"href":"http:\/\/muzykabeztajemnic.info.pl\/index.php?rest_route=%2Fwp%2Fv2%2Ftags&post=20262"}],"curies":[{"name":"wp","href":"https:\/\/api.w.org\/{rel}","templated":true}]}}