{"id":20259,"date":"2020-05-15T15:23:30","date_gmt":"2020-05-15T15:23:30","guid":{"rendered":"https:\/\/muzykabeztajemnic.info.pl\/?p=20259"},"modified":"2020-05-15T15:23:31","modified_gmt":"2020-05-15T15:23:31","slug":"w-gore-patrz-nowy-singiel-zespolu-ira","status":"publish","type":"post","link":"http:\/\/muzykabeztajemnic.info.pl\/?p=20259","title":{"rendered":"&#8222;W g\u00f3r\u0119 patrz\u201d &#8211; nowy singiel zespo\u0142u IRA"},"content":{"rendered":"\n<figure class=\"wp-block-image size-large is-resized\"><img loading=\"lazy\" decoding=\"async\" src=\"https:\/\/muzykabeztajemnic.info.pl\/wp-content\/uploads\/2020\/05\/image004-2.jpg\" alt=\"\" class=\"wp-image-20260\" width=\"595\" height=\"595\" srcset=\"http:\/\/muzykabeztajemnic.info.pl\/wp-content\/uploads\/2020\/05\/image004-2.jpg 320w, http:\/\/muzykabeztajemnic.info.pl\/wp-content\/uploads\/2020\/05\/image004-2-150x150.jpg 150w\" sizes=\"auto, (max-width: 595px) 100vw, 595px\" \/><\/figure>\n\n\n\n<p>Z pewno\u015bci\u0105 jest to dobra wiadomo\u015b\u0107 dla fan\u00f3w zespo\u0142u <strong>IRA<\/strong>! Po 4 latach grupa wydaje nowy singiel pt. <strong>\u201eW g\u00f3r\u0119 patrz\u201d<\/strong>, do kt\u00f3rego tekst stworzy\u0142 wokalista <strong>Artur Gadowski<\/strong> wraz z <strong>Wojciechem Byrskim<\/strong>, a muzyk\u0119 skomponowali muzycy <strong>Sebastian Piekarek<\/strong>, <strong>Piotr Konca<\/strong> oraz <strong>Piotr Sujka<\/strong>.<\/p>\n\n\n\n<figure class=\"wp-block-embed-youtube wp-block-embed is-type-video is-provider-youtube wp-embed-aspect-16-9 wp-has-aspect-ratio\"><div class=\"wp-block-embed__wrapper\">\n<iframe loading=\"lazy\" title=\"IRA - W G\u00f3r\u0119 Patrz\" width=\"800\" height=\"450\" src=\"https:\/\/www.youtube.com\/embed\/bOCTX0_LT48?feature=oembed\" frameborder=\"0\" allow=\"accelerometer; autoplay; clipboard-write; encrypted-media; gyroscope; picture-in-picture; web-share\" referrerpolicy=\"strict-origin-when-cross-origin\" allowfullscreen><\/iframe>\n<\/div><\/figure>\n\n\n\n<p>Piosenka zapowiada nadej\u015bcie kolejnego albumu zespo\u0142u, kt\u00f3rego premiera ma mie\u0107 miejsce jesieni\u0105 2020 roku.<\/p>\n\n\n\n<p>Utw\u00f3r &#8222;W g\u00f3r\u0119 patrz\u201d nawi\u0105zuje swoim charakterem do rockowego brzmienia zespo\u0142u znanego ju\u017c jego fanom.<\/p>\n\n\n\n<p>Teledysk do klipu wyre\u017cyserowa\u0142 i wyprodukowa\u0142 sam Artur Gadowski, co zapewne mo\u017ce by\u0107 du\u017cym zaskoczeniem. Pojawia si\u0119 w nim nowe m\u0142ode pokolenie fan\u00f3w zespo\u0142u, zebranych przez Julk\u0119 Grabowsk\u0105. <em>\u201eWielkie podzi\u0119kowania dla ekipy Julki\u201d<\/em> &#8211; m\u00f3wi Artur Gadowski. <em>\u201eTo fajne uczucie, \u017ce s\u0142uchaj\u0105 nas te\u017c m\u0142odzi ludzie\u2026 to nas odm\u0142adza\u201d<\/em> &#8211;\u00a0 \u017cartuje wokalista.<\/p>\n\n\n\n<p>Utw\u00f3r dost\u0119pny w serwisach muzycznych: <a href=\"http:\/\/umusicpl.lnk.to\/IRAWGorePatrz\">http:\/\/umusicpl.lnk.to\/IRAWGorePatrz<\/a><\/p>\n","protected":false},"excerpt":{"rendered":"<p>Z pewno\u015bci\u0105 jest to dobra wiadomo\u015b\u0107 dla fan\u00f3w zespo\u0142u IRA! Po 4 latach grupa wydaje nowy singiel pt. \u201eW g\u00f3r\u0119 patrz\u201d, do kt\u00f3rego tekst stworzy\u0142 wokalista Artur Gadowski wraz z Wojciechem Byrskim, a muzyk\u0119 skomponowali muzycy Sebastian Piekarek, Piotr Konca oraz Piotr Sujka. Piosenka zapowiada nadej\u015bcie kolejnego albumu zespo\u0142u, kt\u00f3rego premiera ma mie\u0107 miejsce jesieni\u0105 [&hellip;]<\/p>\n","protected":false},"author":1,"featured_media":20260,"comment_status":"closed","ping_status":"open","sticky":false,"template":"","format":"standard","meta":{"jetpack_post_was_ever_published":false,"_jetpack_newsletter_access":"","_jetpack_dont_email_post_to_subs":false,"_jetpack_newsletter_tier_id":0,"_jetpack_memberships_contains_paywalled_content":false,"_jetpack_memberships_contains_paid_content":false,"footnotes":"","jetpack_publicize_message":"","jetpack_publicize_feature_enabled":true,"jetpack_social_post_already_shared":true,"jetpack_social_options":{"image_generator_settings":{"template":"highway","default_image_id":0,"enabled":false},"version":2}},"categories":[1],"tags":[],"class_list":["post-20259","post","type-post","status-publish","format-standard","has-post-thumbnail","hentry","category-uncategorized"],"jetpack_publicize_connections":[],"jetpack_featured_media_url":"http:\/\/muzykabeztajemnic.info.pl\/wp-content\/uploads\/2020\/05\/image004-2.jpg","jetpack_sharing_enabled":true,"jetpack_shortlink":"https:\/\/wp.me\/p67auQ-5gL","_links":{"self":[{"href":"http:\/\/muzykabeztajemnic.info.pl\/index.php?rest_route=\/wp\/v2\/posts\/20259","targetHints":{"allow":["GET"]}}],"collection":[{"href":"http:\/\/muzykabeztajemnic.info.pl\/index.php?rest_route=\/wp\/v2\/posts"}],"about":[{"href":"http:\/\/muzykabeztajemnic.info.pl\/index.php?rest_route=\/wp\/v2\/types\/post"}],"author":[{"embeddable":true,"href":"http:\/\/muzykabeztajemnic.info.pl\/index.php?rest_route=\/wp\/v2\/users\/1"}],"replies":[{"embeddable":true,"href":"http:\/\/muzykabeztajemnic.info.pl\/index.php?rest_route=%2Fwp%2Fv2%2Fcomments&post=20259"}],"version-history":[{"count":0,"href":"http:\/\/muzykabeztajemnic.info.pl\/index.php?rest_route=\/wp\/v2\/posts\/20259\/revisions"}],"wp:featuredmedia":[{"embeddable":true,"href":"http:\/\/muzykabeztajemnic.info.pl\/index.php?rest_route=\/wp\/v2\/media\/20260"}],"wp:attachment":[{"href":"http:\/\/muzykabeztajemnic.info.pl\/index.php?rest_route=%2Fwp%2Fv2%2Fmedia&parent=20259"}],"wp:term":[{"taxonomy":"category","embeddable":true,"href":"http:\/\/muzykabeztajemnic.info.pl\/index.php?rest_route=%2Fwp%2Fv2%2Fcategories&post=20259"},{"taxonomy":"post_tag","embeddable":true,"href":"http:\/\/muzykabeztajemnic.info.pl\/index.php?rest_route=%2Fwp%2Fv2%2Ftags&post=20259"}],"curies":[{"name":"wp","href":"https:\/\/api.w.org\/{rel}","templated":true}]}}