{"id":20257,"date":"2020-05-15T15:22:11","date_gmt":"2020-05-15T15:22:11","guid":{"rendered":"https:\/\/muzykabeztajemnic.info.pl\/?p=20257"},"modified":"2020-05-15T15:22:13","modified_gmt":"2020-05-15T15:22:13","slug":"rszawskie-combo-taneczne-w-klubokawiarni-no-problem","status":"publish","type":"post","link":"http:\/\/muzykabeztajemnic.info.pl\/?p=20257","title":{"rendered":"RSZAWSKIE COMBO TANECZNE w klubokawiarni NO PROBLEM"},"content":{"rendered":"\n<p><strong>No Problem\/Bracka 20 i Mystic Production<\/strong> zapraszaj\u0105 na koncert zespo\u0142u Warszawskie Combo Taneczne 16 maja o godz. 20! Koncert b\u0119dzie mo\u017cna obejrze\u0107 na FB klubokawiarni No Problem.<\/p>\n\n\n\n<p><a href=\"https:\/\/www.facebook.com\/events\/692315314883764\/\">https:\/\/www.facebook.com\/events\/692315314883764\/<\/a><\/p>\n\n\n\n<p>O zespole:<\/p>\n\n\n\n<p>Jest ich siedmioro. Postanowili ocali\u0107 od zapomnienia pi\u0119kne piosenki warszawskie, prezentuj\u0105c je we wsp\u00f3\u0142czesnym brzmieniu i aran\u017cacjach bliskich orygina\u0142om. Repertuar Warszawskiego Combo Tanecznego to w przewa\u017caj\u0105cej mierze piosenki przedwojenne, kt\u00f3re 80 i wi\u0119cej lat temu bawi\u0142y i wzrusza\u0142y publiczno\u015b\u0107 na rewiach, dansingach, a tak\u017ce na sto\u0142ecznych ulicach i podw\u00f3rkach.&nbsp;<br><br>Zesp\u00f3\u0142 narodzi\u0142 si\u0119 spontanicznie, a za jego powstanie odpowiedzialny jest Jan Emil M\u0142ynarski. Wraz z przyjaci\u00f3\u0142mi powo\u0142a\u0142 do \u017cycia grup\u0119, kieruj\u0105c si\u0119 mi\u0142o\u015bci\u0105, pasj\u0105 i poczuciem obowi\u0105zku wobec tradycji, w jakiej si\u0119 wychowa\u0142. Szlify Warszawskie Combo Taneczne zdobywa\u0142o graj\u0105c na podw\u00f3rkach Mokotowa, Pragi, \u015ar\u00f3dmie\u015bcia i w warszawskich lokalach. Wzorem muzyk\u00f3w sprzed lat wychowali sobie swoj\u0105 publiczno\u015b\u0107, a koncertuj\u0105c wypracowali ciekawy, trafiaj\u0105cy do ludzi repertuar.<\/p>\n\n\n\n<p>Koncerty WCT s\u0105 wyj\u0105tkowym spotkaniem z&nbsp;przesz\u0142o\u015bci\u0105, tradycj\u0105 i nowym spojrzeniem.<\/p>\n\n\n\n<p>Klip do utworu \u201eU Bronki wstawa\u201d &#8211;\u00a0<\/p>\n\n\n\n<figure class=\"wp-block-embed-youtube wp-block-embed is-type-video is-provider-youtube wp-embed-aspect-16-9 wp-has-aspect-ratio\"><div class=\"wp-block-embed__wrapper\">\n<iframe loading=\"lazy\" title=\"Warszawskie Combo Taneczne &quot;U Bronki wstawa&quot;\" width=\"800\" height=\"450\" src=\"https:\/\/www.youtube.com\/embed\/ydRQ3-IziGw?feature=oembed\" frameborder=\"0\" allow=\"accelerometer; autoplay; clipboard-write; encrypted-media; gyroscope; picture-in-picture; web-share\" referrerpolicy=\"strict-origin-when-cross-origin\" allowfullscreen><\/iframe>\n<\/div><\/figure>\n\n\n\n<p>Klip do utworu \u201eAch te Rumunki\u201d\u00a0 <strong>&#8211;\u00a0<\/strong> <\/p>\n\n\n\n<figure class=\"wp-block-embed-youtube wp-block-embed is-type-video is-provider-youtube wp-embed-aspect-16-9 wp-has-aspect-ratio\"><div class=\"wp-block-embed__wrapper\">\n<iframe loading=\"lazy\" title=\"Warszawskie Combo Taneczne - Ach te Rumunki [Official Music Video]\" width=\"800\" height=\"450\" src=\"https:\/\/www.youtube.com\/embed\/m9OHKFOKcl0?feature=oembed\" frameborder=\"0\" allow=\"accelerometer; autoplay; clipboard-write; encrypted-media; gyroscope; picture-in-picture; web-share\" referrerpolicy=\"strict-origin-when-cross-origin\" allowfullscreen><\/iframe>\n<\/div><\/figure>\n\n\n\n<p>Klip do utworu \u201eWarszawo Ma\u201d &#8211;<\/p>\n\n\n\n<figure class=\"wp-block-embed-youtube wp-block-embed is-type-video is-provider-youtube wp-embed-aspect-16-9 wp-has-aspect-ratio\"><div class=\"wp-block-embed__wrapper\">\n<iframe loading=\"lazy\" title=\"Warszawskie Combo Taneczne - Warszawo Ma feat. Joanna H. Soko\u0142owska &amp; Amos Hoffman\" width=\"800\" height=\"450\" src=\"https:\/\/www.youtube.com\/embed\/5I7t468gRG4?feature=oembed\" frameborder=\"0\" allow=\"accelerometer; autoplay; clipboard-write; encrypted-media; gyroscope; picture-in-picture; web-share\" referrerpolicy=\"strict-origin-when-cross-origin\" allowfullscreen><\/iframe>\n<\/div><\/figure>\n\n\n\n<p><em>Ani cepeliada orkiestry ulicznej, ani folklor miejski opakowany na nowo w&nbsp;stylu Szwagierkolaski. Piosenki starej Warszawy mo\u017cna wykona\u0107 fascynuj\u0105co, \u015bpiewaj\u0105c je i&nbsp;graj\u0105c ot tak, po prostu, wystarczy brzmieniem odda\u0107 klimat lokalu rozrywkowego sprzed wojny i&nbsp;zgromadzi\u0107 grup\u0119 muzyk\u00f3w, kt\u00f3rzy t\u0119 knajp\u0119 odegraj\u0105 pi\u0119knie. Janowi Emilowi M\u0142ynarskiemu, synowi Wojciecha, perkusi\u015bcie jazzowemu i&nbsp;liderowi r\u00f3\u017cnych muzycznych eskapad, ta sztuka si\u0119 uda\u0142a\u201c<\/em><\/p>\n\n\n\n<p><em>Bartek Chaci\u0144ski \u201ePolityka\u201d<\/em><\/p>\n\n\n\n<p><em>Zesp\u00f3\u0142 wyst\u0105pi w sk\u0142adzie:<\/em><em>&nbsp;<\/em><\/p>\n\n\n\n<p>Jan M\u0142ynarski \u2013 \u015bpiew\/gitara\/band\u017cola\/tamburyno<\/p>\n\n\n\n<p>Piotr Zabrodzki \u2013 \u015bpiew\/banjo\/band\u017cola\/melodika<br>Anna Bojara \u2013 pi\u0142a<br>Sebastian Jastrz\u0119bski- gitara<br>Tomasz Duda \u2013 baryton sax\/klarnet<br>Wojtek Traczyk \u2013 kontrabas<br>Maurycy Idzikowski &#8211; tr\u0105bka<\/p>\n","protected":false},"excerpt":{"rendered":"<p>No Problem\/Bracka 20 i Mystic Production zapraszaj\u0105 na koncert zespo\u0142u Warszawskie Combo Taneczne 16 maja o godz. 20! Koncert b\u0119dzie mo\u017cna obejrze\u0107 na FB klubokawiarni No Problem. https:\/\/www.facebook.com\/events\/692315314883764\/ O zespole: Jest ich siedmioro. Postanowili ocali\u0107 od zapomnienia pi\u0119kne piosenki warszawskie, prezentuj\u0105c je we wsp\u00f3\u0142czesnym brzmieniu i aran\u017cacjach bliskich orygina\u0142om. Repertuar Warszawskiego Combo Tanecznego to w [&hellip;]<\/p>\n","protected":false},"author":1,"featured_media":0,"comment_status":"closed","ping_status":"open","sticky":false,"template":"","format":"standard","meta":{"jetpack_post_was_ever_published":false,"_jetpack_newsletter_access":"","_jetpack_dont_email_post_to_subs":false,"_jetpack_newsletter_tier_id":0,"_jetpack_memberships_contains_paywalled_content":false,"_jetpack_memberships_contains_paid_content":false,"footnotes":"","jetpack_publicize_message":"","jetpack_publicize_feature_enabled":true,"jetpack_social_post_already_shared":true,"jetpack_social_options":{"image_generator_settings":{"template":"highway","default_image_id":0,"enabled":false},"version":2}},"categories":[1],"tags":[],"class_list":["post-20257","post","type-post","status-publish","format-standard","hentry","category-uncategorized"],"jetpack_publicize_connections":[],"jetpack_featured_media_url":"","jetpack_sharing_enabled":true,"jetpack_shortlink":"https:\/\/wp.me\/p67auQ-5gJ","_links":{"self":[{"href":"http:\/\/muzykabeztajemnic.info.pl\/index.php?rest_route=\/wp\/v2\/posts\/20257","targetHints":{"allow":["GET"]}}],"collection":[{"href":"http:\/\/muzykabeztajemnic.info.pl\/index.php?rest_route=\/wp\/v2\/posts"}],"about":[{"href":"http:\/\/muzykabeztajemnic.info.pl\/index.php?rest_route=\/wp\/v2\/types\/post"}],"author":[{"embeddable":true,"href":"http:\/\/muzykabeztajemnic.info.pl\/index.php?rest_route=\/wp\/v2\/users\/1"}],"replies":[{"embeddable":true,"href":"http:\/\/muzykabeztajemnic.info.pl\/index.php?rest_route=%2Fwp%2Fv2%2Fcomments&post=20257"}],"version-history":[{"count":0,"href":"http:\/\/muzykabeztajemnic.info.pl\/index.php?rest_route=\/wp\/v2\/posts\/20257\/revisions"}],"wp:attachment":[{"href":"http:\/\/muzykabeztajemnic.info.pl\/index.php?rest_route=%2Fwp%2Fv2%2Fmedia&parent=20257"}],"wp:term":[{"taxonomy":"category","embeddable":true,"href":"http:\/\/muzykabeztajemnic.info.pl\/index.php?rest_route=%2Fwp%2Fv2%2Fcategories&post=20257"},{"taxonomy":"post_tag","embeddable":true,"href":"http:\/\/muzykabeztajemnic.info.pl\/index.php?rest_route=%2Fwp%2Fv2%2Ftags&post=20257"}],"curies":[{"name":"wp","href":"https:\/\/api.w.org\/{rel}","templated":true}]}}