{"id":20252,"date":"2020-05-14T16:47:37","date_gmt":"2020-05-14T16:47:37","guid":{"rendered":"https:\/\/muzykabeztajemnic.info.pl\/?p=20252"},"modified":"2020-05-14T16:47:39","modified_gmt":"2020-05-14T16:47:39","slug":"domowka-z-dwojka-wiolonczelista-tomasz-zdunik-%e2%80%a8z-premierowa-niespodzianka","status":"publish","type":"post","link":"http:\/\/muzykabeztajemnic.info.pl\/?p=20252","title":{"rendered":"\u201eDOM\u00d3WKA Z DW\u00d3JK\u0104\u201d \u2013 WIOLONCZELISTA TOMASZ ZDUNIK \u2028Z PREMIEROW\u0104 NIESPODZIANK\u0104"},"content":{"rendered":"\n<figure class=\"wp-block-image size-large\"><img loading=\"lazy\" decoding=\"async\" width=\"303\" height=\"166\" src=\"https:\/\/muzykabeztajemnic.info.pl\/wp-content\/uploads\/2020\/04\/images-2.jpeg\" alt=\"\" class=\"wp-image-20190\"\/><\/figure>\n\n\n\n<p>W cyklu \u201eDom\u00f3wka z Dw\u00f3jk\u0105\u201d odby\u0142y si\u0119 ju\u017c cztery koncerty, podczas kt\u00f3rych arty\u015bci zaprzyja\u017anieni z Programem 2 Polskiego Radia zapraszali s\u0142uchaczy do swoich dom\u00f3w, by w trudnych czasach izolacji dzieli\u0107 si\u0119 z nimi swoj\u0105 muzyk\u0105. W kolejnej ods\u0142onie audycji, czyli w sobot\u0119 16 maja, b\u0119dzie mo\u017cna pos\u0142ucha\u0107 i zobaczy\u0107 Marcina Zdunika. Znakomity wiolonczelista, solista i kameralista zagra od godz. 19.00. Koncert transmitowany b\u0119dzie na antenie Dw\u00f3jki oraz \u2013 w formie wideo \u2013 na stronie internetowej oraz Facebooku stacji.<\/p>\n\n\n\n<p>Pi\u0105ty wiecz\u00f3r w ramach \u201eDom\u00f3wki z Dw\u00f3jk\u0105\u201d wype\u0142ni program specjalnie przygotowany przez artyst\u0119 \u2013 na co dzie\u0144 wykonuje on muzyk\u0119 od renesansu po dzie\u0142a najnowsze i tak\u0105 te\u017c r\u00f3\u017cnorodno\u015b\u0107 zaproponuje podczas sobotniego koncertu. B\u0119d\u0105 wi\u0119c utwory na wiolonczel\u0119 solo, wiolonczelowe aran\u017cacje znanych utwor\u00f3w z repertuaru muzyki powa\u017cnej i\u2026 niespodzianka \u2013 kompozycja napisana przez Marcina Zdunika z my\u015bl\u0105 o tym recitalu.<\/p>\n\n\n\n<p><br>\u2013 Bardzo si\u0119 ciesz\u0119, \u017ce mog\u0119 wyst\u0105pi\u0107 w ramach \u201eDom\u00f3wki z Dw\u00f3jk\u0105\u201d. To wielka rado\u015b\u0107 zn\u00f3w gra\u0107 dla Pa\u0144stwa! \u2013 m\u00f3wi artysta. \u2013 Podoba mi si\u0119 ogromnie idea \u201eDom\u00f3wki\u201d. Powo\u0142ana do \u017cycia jako remedium na zawieszenie \u017cycia koncertowego, w kr\u00f3tkim czasie zyska\u0142a renom\u0119 powa\u017cnego cyklu prezentuj\u0105cego wyst\u0119py na \u017cywo. Zaproszenie do wykonania solowego recitalu w ramach \u201eDom\u00f3wki z Dw\u00f3jk\u0105\u201d zainspirowa\u0142o mnie do zrealizowania kilku nowych pomys\u0142\u00f3w artystycznych. Przygotowa\u0142em nowe aran\u017cacje i improwizacje, napisa\u0142em tak\u017ce nowy, solowy utw\u00f3r, kt\u00f3ry zatytu\u0142owa\u0142em \u201eObrazki z kwarantanny\u201d. Obrazki \u2013 czyli r\u00f3\u017cne postawy i emocje ludzkie, kt\u00f3re w tej nowej rzeczywisto\u015bci obserwujemy i poddajemy dyskusji, \u017cycie nie przesta\u0142o by\u0107 przecie\u017c fascynuj\u0105ce \u2013 dodaje muzyk.<\/p>\n\n\n\n<p><br>Transmisja jego koncertu w \u201eDom\u00f3wce z Dw\u00f3jk\u0105\u201d w sobot\u0119 16 maja o godz. 19.00 \u2013 na antenie, stronie internetowej oraz Facebooku stacji.<\/p>\n","protected":false},"excerpt":{"rendered":"<p>W cyklu \u201eDom\u00f3wka z Dw\u00f3jk\u0105\u201d odby\u0142y si\u0119 ju\u017c cztery koncerty, podczas kt\u00f3rych arty\u015bci zaprzyja\u017anieni z Programem 2 Polskiego Radia zapraszali s\u0142uchaczy do swoich dom\u00f3w, by w trudnych czasach izolacji dzieli\u0107 si\u0119 z nimi swoj\u0105 muzyk\u0105. W kolejnej ods\u0142onie audycji, czyli w sobot\u0119 16 maja, b\u0119dzie mo\u017cna pos\u0142ucha\u0107 i zobaczy\u0107 Marcina Zdunika. Znakomity wiolonczelista, solista i [&hellip;]<\/p>\n","protected":false},"author":1,"featured_media":20190,"comment_status":"closed","ping_status":"open","sticky":false,"template":"","format":"standard","meta":{"jetpack_post_was_ever_published":false,"_jetpack_newsletter_access":"","_jetpack_dont_email_post_to_subs":false,"_jetpack_newsletter_tier_id":0,"_jetpack_memberships_contains_paywalled_content":false,"_jetpack_memberships_contains_paid_content":false,"footnotes":"","jetpack_publicize_message":"","jetpack_publicize_feature_enabled":true,"jetpack_social_post_already_shared":true,"jetpack_social_options":{"image_generator_settings":{"template":"highway","default_image_id":0,"enabled":false},"version":2}},"categories":[1],"tags":[],"class_list":["post-20252","post","type-post","status-publish","format-standard","has-post-thumbnail","hentry","category-uncategorized"],"jetpack_publicize_connections":[],"jetpack_featured_media_url":"http:\/\/muzykabeztajemnic.info.pl\/wp-content\/uploads\/2020\/04\/images-2.jpeg","jetpack_sharing_enabled":true,"jetpack_shortlink":"https:\/\/wp.me\/p67auQ-5gE","_links":{"self":[{"href":"http:\/\/muzykabeztajemnic.info.pl\/index.php?rest_route=\/wp\/v2\/posts\/20252","targetHints":{"allow":["GET"]}}],"collection":[{"href":"http:\/\/muzykabeztajemnic.info.pl\/index.php?rest_route=\/wp\/v2\/posts"}],"about":[{"href":"http:\/\/muzykabeztajemnic.info.pl\/index.php?rest_route=\/wp\/v2\/types\/post"}],"author":[{"embeddable":true,"href":"http:\/\/muzykabeztajemnic.info.pl\/index.php?rest_route=\/wp\/v2\/users\/1"}],"replies":[{"embeddable":true,"href":"http:\/\/muzykabeztajemnic.info.pl\/index.php?rest_route=%2Fwp%2Fv2%2Fcomments&post=20252"}],"version-history":[{"count":0,"href":"http:\/\/muzykabeztajemnic.info.pl\/index.php?rest_route=\/wp\/v2\/posts\/20252\/revisions"}],"wp:featuredmedia":[{"embeddable":true,"href":"http:\/\/muzykabeztajemnic.info.pl\/index.php?rest_route=\/wp\/v2\/media\/20190"}],"wp:attachment":[{"href":"http:\/\/muzykabeztajemnic.info.pl\/index.php?rest_route=%2Fwp%2Fv2%2Fmedia&parent=20252"}],"wp:term":[{"taxonomy":"category","embeddable":true,"href":"http:\/\/muzykabeztajemnic.info.pl\/index.php?rest_route=%2Fwp%2Fv2%2Fcategories&post=20252"},{"taxonomy":"post_tag","embeddable":true,"href":"http:\/\/muzykabeztajemnic.info.pl\/index.php?rest_route=%2Fwp%2Fv2%2Ftags&post=20252"}],"curies":[{"name":"wp","href":"https:\/\/api.w.org\/{rel}","templated":true}]}}