{"id":20195,"date":"2020-04-29T16:23:31","date_gmt":"2020-04-29T16:23:31","guid":{"rendered":"https:\/\/muzykabeztajemnic.info.pl\/?p=20195"},"modified":"2020-04-29T16:23:33","modified_gmt":"2020-04-29T16:23:33","slug":"maj-miesiacem-polskiej-piosenki-w-radiowej-jedynce","status":"publish","type":"post","link":"http:\/\/muzykabeztajemnic.info.pl\/?p=20195","title":{"rendered":"Maj miesi\u0105cem polskiej piosenki w radiowej Jedynce."},"content":{"rendered":"\n<figure class=\"wp-block-image size-large\"><img loading=\"lazy\" decoding=\"async\" width=\"800\" height=\"440\" src=\"https:\/\/muzykabeztajemnic.info.pl\/wp-content\/uploads\/2020\/04\/1200x660_Maj-polskiej-piosenki-800x440.jpg\" alt=\"\" class=\"wp-image-20196\" srcset=\"http:\/\/muzykabeztajemnic.info.pl\/wp-content\/uploads\/2020\/04\/1200x660_Maj-polskiej-piosenki-800x440.jpg 800w, http:\/\/muzykabeztajemnic.info.pl\/wp-content\/uploads\/2020\/04\/1200x660_Maj-polskiej-piosenki-500x275.jpg 500w, http:\/\/muzykabeztajemnic.info.pl\/wp-content\/uploads\/2020\/04\/1200x660_Maj-polskiej-piosenki-768x422.jpg 768w, http:\/\/muzykabeztajemnic.info.pl\/wp-content\/uploads\/2020\/04\/1200x660_Maj-polskiej-piosenki.jpg 1200w\" sizes=\"auto, (max-width: 800px) 100vw, 800px\" \/><\/figure>\n\n\n\n<p><strong>W nadchodz\u0105cy weekend we wszystkich audycjach radiowej Jedynki i przez ca\u0142y maj w audycji \u201eMuzyczna Jedynka\u201d emitowane b\u0119d\u0105 wy\u0142\u0105cznie polskie piosenki. Znajd\u0105 si\u0119 w\u015br\u00f3d nich zar\u00f3wno utwory sprzed lat, wsp\u00f3\u0142czesne przeboje, jak i muzyczne premiery. \u201eMaj polskiej piosenki\u201d jest uk\u0142onem w stron\u0119 rodzimych kompozytor\u00f3w, autor\u00f3w i wykonawc\u00f3w. \u2013 <em>To wspania\u0142a tradycja Jedynki i nie wyobra\u017cam sobie, zw\u0142aszcza<\/em> <em>w tak trudnym dla artyst\u00f3w czasie, by do niej nie powr\u00f3ci\u0107 <\/em>\u2013 zapowiada Marcin Kusy, dyrektor i szef muzyczny radiowej Jedynki.\u200b<\/strong><\/p>\n\n\n\n<p>Jak co roku w maju&nbsp;na antenie Programu 1 Polskiego Radia&nbsp;kr\u00f3lowa\u0107 b\u0119d\u0105 polskie piosenki.&nbsp;<strong>&#8222;Maj polskiej piosenki&#8221;<\/strong>&nbsp;przed wielu laty wymy\u015blili dziennikarze muzyczni Jedynki, aby&nbsp;doceni\u0107 i&nbsp;promowa\u0107 polskich artyst\u00f3w. W czasie pandemii&nbsp;wszystkie stacje&nbsp;Polskiego Radia szczeg\u00f3lnie ich wspieraj\u0105.&nbsp;<\/p>\n\n\n\n<p><strong>&#8222;Maj polskiej piosenki&#8221;<\/strong> w Jedynce rozpocznie si\u0119&nbsp;mocno:<strong>&nbsp;1, 2 i 3 maja<\/strong>&nbsp;przez ca\u0142\u0105 dob\u0119,&nbsp;we wszystkich audycjach zabrzmi\u0105&nbsp;tylko polskie&nbsp;przeboje:&nbsp;i&nbsp;te sprzed lat,&nbsp;dobrze znane i kochane przez pokolenia Polak\u00f3w, i&nbsp;te najnowsze. Us\u0142yszymy tak\u017ce&nbsp;utwory debiutant\u00f3w, kt\u00f3re przebojami dopiero&nbsp;maj\u0105 szans\u0119 si\u0119 sta\u0107.&nbsp;\u2013<em>&nbsp;Maj w&nbsp;radiowej&nbsp;Jedynce tradycyjnie up\u0142ywa pod znakiem polskiej piosenki, ale&nbsp;na maj 2020&nbsp;przygotowali\u015bmy wyj\u0105tkowo du\u017co nowo\u015bci.&nbsp;Oczywi\u015bcie&nbsp;w planach&nbsp;mamy&nbsp;tak\u017ce&nbsp;mn\u00f3stwo cudownych&nbsp;muzycznych wspomnie\u0144&nbsp;<\/em>\u2013 zapowiada&nbsp;<strong>Marcin Kusy<\/strong>, dyrektor i szef muzyczny Programu 1 Polskiego Radia.<\/p>\n\n\n\n<p>Do ko\u0144ca maja tak\u017ce&nbsp;w audycji <strong>&#8222;Muzyczna Jedynka&#8221;<\/strong>&nbsp;<em>(poniedzia\u0142ek-pi\u0105tek, godz. 13.00-15.00; sobota, godz. 14.00-16.00; niedziela, godz. 15.00-16.00) <\/em>us\u0142yszymy wy\u0142\u0105cznie polskich wykonawc\u00f3w.&nbsp;Ka\u017cdy z prowadz\u0105cych wybierze swoje ulubione piosenki, zabieraj\u0105c&nbsp;s\u0142uchaczy w prawdziw\u0105 podr\u00f3\u017c przez poszczeg\u00f3lne style, dekady i gatunki rodzimej&nbsp;muzyki. W <strong>&#8222;Muzycznej Jedynce&#8221; <\/strong>pojawi\u0105 si\u0119 m.in. utwory z plebiscytu <strong>\u201ePiosenki 95-lecia Polskiego Radia&#8221;.<\/strong> Zaprezentowana zostanie te\u017c&nbsp;nowa p\u0142yta <strong>Krzysztofa Cugowskiego<\/strong> i najnowszy singiel<strong> Baranovskiego<\/strong>, kt\u00f3ry \u2013\u200b przypomnijmy \u2013&nbsp;zagra\u0142 ekskluzywny&nbsp;koncert dla s\u0142uchaczy Jedynki&nbsp;w Studiu Polskiego Radia&nbsp;im. W\u0142adys\u0142awa Szpilmana&nbsp;w listopadzie 2019 roku. O muzycznych planach na antenie&nbsp;opowie jeden z najciekawszych tw\u00f3rc\u00f3w m\u0142odego pokolenia&nbsp;<strong>Igor&nbsp;Herbut, <\/strong>kt\u00f3rego&nbsp;kolejne p\u0142yty szybko zyskiwa\u0142y status z\u0142otej lub platynowej.&nbsp;W maju p\u0142yta&nbsp;tygodnia w Jedynce wybierana b\u0119dzie&nbsp;spo\u015br\u00f3d najciekawszych polskich album\u00f3w. \u2013 <em>Tak szeroka prezentacja polskiej muzyki cieszy si\u0119&nbsp;zainteresowaniem s\u0142uchaczy, kt\u00f3rzy&nbsp;ciep\u0142o, nierzadko z entuzjazmem&nbsp;przyjmuj\u0105&nbsp;nasze muzyczne propozycje, ch\u0119tnie&nbsp;uczestnicz\u0105 w rozmowach z artystami, komentuj\u0105c je i przysy\u0142aj\u0105c pytania. Dlatego ju\u017c teraz cieszymy si\u0119 w Jedynce, \u017ce zn\u00f3w&nbsp;b\u0119dzie maj<\/em>&nbsp;\u2013 dodaje <strong>Marcin Kusy.<\/strong><\/p>\n\n\n\n<p>Przypomnijmy, \u017ce od pocz\u0105tku pandemii radiowa Jedynka znacz\u0105co zwi\u0119kszy\u0142a emisj\u0119 polskiej muzyki. W ramach wsparcia&nbsp; artyst\u00f3w i akcji <strong>#Zosta\u0144WDomu<\/strong>&nbsp;na antenie Programu 1 Polskiego Radia pojawi\u0142o si\u0119 m.in. nowe pasmo <strong>\u201eTu jest muzyka \u2013 tylko po polsku\u201d <\/strong>i retransmisje licznych koncert\u00f3w, kt\u00f3re premierowo odby\u0142y si\u0119 w ramach cyklu <strong>\u201eTo, co najpi\u0119kniejsze\u201d<\/strong>. Stacja ch\u0119tnie przypomina tak\u017ce kameralne wyst\u0119py artyst\u00f3w ze Studia Polskiego Radia im. W\u0142adys\u0142awa Szpilmana, s\u0142uchaczom doskonale znane pod nazw\u0105 <strong>\u201eScena Szpilmana \u2013 Jedynka Live!\u201d.<\/strong> Do tej pory Program 1 Polskiego Radia ponownie zaprosi\u0142 na koncerty: <strong>Urszuli Dudziak, Alicji Majewskiej, Ryszarda Rynkowskiego i Darii Zawia\u0142ow.<\/strong><br><\/p>\n\n\n\n<p>\ud83d\udd36 <strong>Wi\u0119cej informacji:<\/strong> <a href=\"http:\/\/www.jedynka.polskieradio.pl\/\">jedynka.polskieradio.pl<\/a>.<\/p>\n","protected":false},"excerpt":{"rendered":"<p>W nadchodz\u0105cy weekend we wszystkich audycjach radiowej Jedynki i przez ca\u0142y maj w audycji \u201eMuzyczna Jedynka\u201d emitowane b\u0119d\u0105 wy\u0142\u0105cznie polskie piosenki. Znajd\u0105 si\u0119 w\u015br\u00f3d nich zar\u00f3wno utwory sprzed lat, wsp\u00f3\u0142czesne przeboje, jak i muzyczne premiery. \u201eMaj polskiej piosenki\u201d jest uk\u0142onem w stron\u0119 rodzimych kompozytor\u00f3w, autor\u00f3w i wykonawc\u00f3w. \u2013 To wspania\u0142a tradycja Jedynki i nie wyobra\u017cam [&hellip;]<\/p>\n","protected":false},"author":1,"featured_media":19463,"comment_status":"closed","ping_status":"open","sticky":false,"template":"","format":"standard","meta":{"jetpack_post_was_ever_published":false,"_jetpack_newsletter_access":"","_jetpack_dont_email_post_to_subs":false,"_jetpack_newsletter_tier_id":0,"_jetpack_memberships_contains_paywalled_content":false,"_jetpack_memberships_contains_paid_content":false,"footnotes":"","jetpack_publicize_message":"","jetpack_publicize_feature_enabled":true,"jetpack_social_post_already_shared":true,"jetpack_social_options":{"image_generator_settings":{"template":"highway","default_image_id":0,"enabled":false},"version":2}},"categories":[1],"tags":[],"class_list":["post-20195","post","type-post","status-publish","format-standard","has-post-thumbnail","hentry","category-uncategorized"],"jetpack_publicize_connections":[],"jetpack_featured_media_url":"http:\/\/muzykabeztajemnic.info.pl\/wp-content\/uploads\/2019\/12\/image001-2.jpg","jetpack_sharing_enabled":true,"jetpack_shortlink":"https:\/\/wp.me\/p67auQ-5fJ","_links":{"self":[{"href":"http:\/\/muzykabeztajemnic.info.pl\/index.php?rest_route=\/wp\/v2\/posts\/20195","targetHints":{"allow":["GET"]}}],"collection":[{"href":"http:\/\/muzykabeztajemnic.info.pl\/index.php?rest_route=\/wp\/v2\/posts"}],"about":[{"href":"http:\/\/muzykabeztajemnic.info.pl\/index.php?rest_route=\/wp\/v2\/types\/post"}],"author":[{"embeddable":true,"href":"http:\/\/muzykabeztajemnic.info.pl\/index.php?rest_route=\/wp\/v2\/users\/1"}],"replies":[{"embeddable":true,"href":"http:\/\/muzykabeztajemnic.info.pl\/index.php?rest_route=%2Fwp%2Fv2%2Fcomments&post=20195"}],"version-history":[{"count":0,"href":"http:\/\/muzykabeztajemnic.info.pl\/index.php?rest_route=\/wp\/v2\/posts\/20195\/revisions"}],"wp:featuredmedia":[{"embeddable":true,"href":"http:\/\/muzykabeztajemnic.info.pl\/index.php?rest_route=\/wp\/v2\/media\/19463"}],"wp:attachment":[{"href":"http:\/\/muzykabeztajemnic.info.pl\/index.php?rest_route=%2Fwp%2Fv2%2Fmedia&parent=20195"}],"wp:term":[{"taxonomy":"category","embeddable":true,"href":"http:\/\/muzykabeztajemnic.info.pl\/index.php?rest_route=%2Fwp%2Fv2%2Fcategories&post=20195"},{"taxonomy":"post_tag","embeddable":true,"href":"http:\/\/muzykabeztajemnic.info.pl\/index.php?rest_route=%2Fwp%2Fv2%2Ftags&post=20195"}],"curies":[{"name":"wp","href":"https:\/\/api.w.org\/{rel}","templated":true}]}}