{"id":20189,"date":"2020-04-29T16:20:38","date_gmt":"2020-04-29T16:20:38","guid":{"rendered":"https:\/\/muzykabeztajemnic.info.pl\/?p=20189"},"modified":"2020-04-29T16:20:40","modified_gmt":"2020-04-29T16:20:40","slug":"najlepsze-koncerty-oraz-rozmowy-z-polskimi-dyrygentami-%e2%80%a8i-solistami-w-filharmonii-dwojki","status":"publish","type":"post","link":"http:\/\/muzykabeztajemnic.info.pl\/?p=20189","title":{"rendered":"NAJLEPSZE KONCERTY ORAZ ROZMOWY Z POLSKIMI DYRYGENTAMI \u2028I SOLISTAMI W \u201eFILHARMONII DW\u00d3JKI\u201d"},"content":{"rendered":"\n<figure class=\"wp-block-image size-large is-resized\"><img loading=\"lazy\" decoding=\"async\" src=\"https:\/\/muzykabeztajemnic.info.pl\/wp-content\/uploads\/2020\/04\/images-2.jpeg\" alt=\"\" class=\"wp-image-20190\" width=\"592\" height=\"324\"\/><\/figure>\n\n\n\n<p>W ramach audycji \u201eFilharmonia w Dw\u00f3jce\u201d Program 2 Polskiego Radia proponuje s\u0142uchaczom a\u017c sze\u015b\u0107 muzycznych wieczor\u00f3w tygodniowo. Dodatkowo przed ka\u017cdym koncertem dziennikarze muzyczni stacji rozmawiaj\u0105 z dyrygentem lub solistami, a w programie cz\u0119sto znajduj\u0105 si\u0119 wykonania Polskiej Orkiestry Radiowej (obecnie Orkiestry Polskiego Radia w Warszawie). Emisja od poniedzia\u0142ku do pi\u0105tku od godz. 19.00, a w niedziele od godz. 18.00.<\/p>\n\n\n\n<p><br>\u201eFilharmonia Dw\u00f3jki\u201d to najwi\u0119ksza \u201esala koncertowa\u201d w kraju. Codziennie wyst\u0119puj\u0105 w niej gwiazdy. \u2013 Prezentujemy koncerty z najbardziej presti\u017cowych scen Europy i \u015bwiata, transmitujemy najwa\u017cniejsze wydarzenia polskich festiwali muzycznych \u2013 m\u00f3wi\u0105 prowadz\u0105cy audycj\u0119. W \u015brody najcz\u0119\u015bciej emitowana jest w niej muzyka dawna, a w czwartki \u2013 nowe nurty muzyki wsp\u00f3\u0142czesnej. Pi\u0105tki zarezerwowane s\u0105 na koncerty sezonu Narodowej Orkiestry Symfonicznej Polskiego Radia, a niedziele to czas Orkiestry Polskiego Radia w Warszawie. \u2013 Ale to tylko og\u00f3lne regu\u0142y \u2013 \u017cycie muzyczne jest wszak przebogate i rozwija si\u0119 dynamicznie \u2013 dodaj\u0105 dziennikarze Dw\u00f3jki, kt\u00f3rzy przypominaj\u0105, \u017ce tylko w tym pa\u015bmie mo\u017cna s\u0142ucha\u0107 koncert\u00f3w z Wielkanocnego Festiwalu Ludwiga van Beethovena, Sacrum Profanum, Misteri\u00f3w Paschali\u00f3w, czy Warszawskiej Jesieni.<br>Aktualnie Dw\u00f3jka w swojej flagowej audycji przypomina najlepsze koncerty w rodzimych wykonaniach \u2013 wszystko po to, by wesprze\u0107 polskich artyst\u00f3w, nie maj\u0105cych obecnie mo\u017cliwo\u015bci wyst\u0119powania przed publiczno\u015bci\u0105. Dodatkowo stacja zadba\u0142a o to, \u017ceby s\u0142uchacze mogli pos\u0142ucha\u0107 autorskiej zapowiedzi koncertu w wykonaniu bohater\u00f3w ka\u017cdego z muzycznych wieczor\u00f3w, czyli dyrygent\u00f3w lub solist\u00f3w. Takie telefoniczne, nagrane rozmowy poprzedzaj\u0105 ka\u017cdy koncert. Do tej pory wyemitowane zosta\u0142y rozmowy m.in. z Agnieszk\u0105 Duczmal, Jerzym Maksymiukiem, Antonim Witem, Jackiem Kaspszykiem, Paw\u0142em Mykietynem, Martyn\u0105 Pastuszk\u0105.<\/p>\n\n\n\n<p><br>W najbli\u017cszych dniach w \u201eFilharmonii Dw\u00f3jki\u201d wyemitowane zostan\u0105 m.in.:<\/p>\n\n\n\n<p><br>poniedzia\u0142ek 27 kwietnia (godz. 19.30): Koncert Inauguracyjny XI Mi\u0119dzynarodowego Konkursu Wiolonczelowego im. Witolda Lutos\u0142awskiego (2018): Witold Lutos\u0142awski Ma\u0142a suita na orkiestr\u0119 kameraln\u0105; J\u00f3zef Haydn Koncert wiolonczelowy D-dur; Piotr Czajkowski Wariacje na temat rokoko na wiolonczel\u0119 i orkiestr\u0119; David Popper Requiem-Adagio na trzy wiolonczele; wyk. Antonio Meneses, Kenji Nakagi, Zuzanna Sosnowska \u2013 wiolonczele, AUKSO Orkiestra Kameralna Miasta Tychy, dyr. Marek Mo\u015b. Koncert poprzedzi rozmowa z Zuzann\u0105 Sosnowsk\u0105.<br>wtorek 28 kwietnia (godz. 19.30): Koncert Polskiej Orkiestry Radiowej pod dyrekcj\u0105 \u0141ukasza Borowicza (2008): Robert Schumann I Symfonia B-dur op. 38 \u201eWiosenna\u201d, IV Symfonia d-moll op. 120. W audycji rozmowa z \u0141ukaszem Borowiczem.<\/p>\n\n\n\n<p><br>\u015broda 29 kwietnia (godz. 19.30): Koncert Polskiej Orkiestry Radiowej pod dyrekcj\u0105 \u0141ukasza Borowicza (2008): Robert Schumann II Symfonia C-dur op. 61, III Symfonia Es-dur op. 97 \u201eRe\u0144ska\u201d. W audycji rozmowa z \u0141ukaszem Borowiczem.<\/p>\n\n\n\n<p><br>czwartek 30 kwietnia (godz. 19.30): Koncert orkiestry Sinfonia Varsovia pod dyrekcj\u0105 Marca Minkowski\u2019ego, solista: Leszek Mo\u017cd\u017cer \u2013 fortepian (2009): Leonard Bernstein Kandyd \u2013uwertura do operetki, Ta\u0144ce symfoniczne z musicalu West Side Story; George Gershwin \u2013 B\u0142\u0119kitna rapsodia, Amerykanin w Pary\u017cu; John Adams \u2013 Fearfull symetries. W audycji rozmowa z Januszem Marynowskim, szefem Sinfonii Varsovii.<\/p>\n\n\n\n<p><br>pi\u0105tek 1 maja (godz. 19.30): Koncert Orkiestry Symfonicznej Filharmonii Narodowej pod dyrekcj\u0105 Kazimierza Korda, solista: Gil Shaham \u2013 skrzypce (1993\/1996): Johannes Brahms Koncert skrzypcowy D-dur op. 77, Piotr Czajkowski V Symfonia e-moll op. 64. W audycji rozmowa z Kazimierzem Kordem i Gilem Shahamem.<\/p>\n\n\n\n<p><br>niedziela 3 maja (godz. 18.00): Koncert muzyki polskiej z Filharmonii Narodowej (1996\/ 2001): Stanis\u0142aw Moniuszko Uwertura fantastyczna \u201eBajka\u201d; Ignacy Jan Paderewski Koncert fortepianowy a-moll op. 17; Wojciech Kilar Missa pro pace, wyk. Piotr Paleczny \u2013 fortepian, Izabela K\u0142osi\u0144ska \u2013 sopran, Jadwiga Rappe \u2013 alt, Charles Daniels \u2013 tenor, Romuald Tesarowicz \u2013 bas, Orkiestra Symfoniczna Filharmonii Narodowej, Ch\u00f3r Filharmonii Narodowej, dyr. Kazimierz Kord.<\/p>\n","protected":false},"excerpt":{"rendered":"<p>W ramach audycji \u201eFilharmonia w Dw\u00f3jce\u201d Program 2 Polskiego Radia proponuje s\u0142uchaczom a\u017c sze\u015b\u0107 muzycznych wieczor\u00f3w tygodniowo. Dodatkowo przed ka\u017cdym koncertem dziennikarze muzyczni stacji rozmawiaj\u0105 z dyrygentem lub solistami, a w programie cz\u0119sto znajduj\u0105 si\u0119 wykonania Polskiej Orkiestry Radiowej (obecnie Orkiestry Polskiego Radia w Warszawie). Emisja od poniedzia\u0142ku do pi\u0105tku od godz. 19.00, a w [&hellip;]<\/p>\n","protected":false},"author":1,"featured_media":20190,"comment_status":"closed","ping_status":"open","sticky":false,"template":"","format":"standard","meta":{"jetpack_post_was_ever_published":false,"_jetpack_newsletter_access":"","_jetpack_dont_email_post_to_subs":false,"_jetpack_newsletter_tier_id":0,"_jetpack_memberships_contains_paywalled_content":false,"_jetpack_memberships_contains_paid_content":false,"footnotes":"","jetpack_publicize_message":"","jetpack_publicize_feature_enabled":true,"jetpack_social_post_already_shared":true,"jetpack_social_options":{"image_generator_settings":{"template":"highway","default_image_id":0,"enabled":false},"version":2}},"categories":[1],"tags":[],"class_list":["post-20189","post","type-post","status-publish","format-standard","has-post-thumbnail","hentry","category-uncategorized"],"jetpack_publicize_connections":[],"jetpack_featured_media_url":"http:\/\/muzykabeztajemnic.info.pl\/wp-content\/uploads\/2020\/04\/images-2.jpeg","jetpack_sharing_enabled":true,"jetpack_shortlink":"https:\/\/wp.me\/p67auQ-5fD","_links":{"self":[{"href":"http:\/\/muzykabeztajemnic.info.pl\/index.php?rest_route=\/wp\/v2\/posts\/20189","targetHints":{"allow":["GET"]}}],"collection":[{"href":"http:\/\/muzykabeztajemnic.info.pl\/index.php?rest_route=\/wp\/v2\/posts"}],"about":[{"href":"http:\/\/muzykabeztajemnic.info.pl\/index.php?rest_route=\/wp\/v2\/types\/post"}],"author":[{"embeddable":true,"href":"http:\/\/muzykabeztajemnic.info.pl\/index.php?rest_route=\/wp\/v2\/users\/1"}],"replies":[{"embeddable":true,"href":"http:\/\/muzykabeztajemnic.info.pl\/index.php?rest_route=%2Fwp%2Fv2%2Fcomments&post=20189"}],"version-history":[{"count":0,"href":"http:\/\/muzykabeztajemnic.info.pl\/index.php?rest_route=\/wp\/v2\/posts\/20189\/revisions"}],"wp:featuredmedia":[{"embeddable":true,"href":"http:\/\/muzykabeztajemnic.info.pl\/index.php?rest_route=\/wp\/v2\/media\/20190"}],"wp:attachment":[{"href":"http:\/\/muzykabeztajemnic.info.pl\/index.php?rest_route=%2Fwp%2Fv2%2Fmedia&parent=20189"}],"wp:term":[{"taxonomy":"category","embeddable":true,"href":"http:\/\/muzykabeztajemnic.info.pl\/index.php?rest_route=%2Fwp%2Fv2%2Fcategories&post=20189"},{"taxonomy":"post_tag","embeddable":true,"href":"http:\/\/muzykabeztajemnic.info.pl\/index.php?rest_route=%2Fwp%2Fv2%2Ftags&post=20189"}],"curies":[{"name":"wp","href":"https:\/\/api.w.org\/{rel}","templated":true}]}}