{"id":20168,"date":"2020-04-25T11:57:34","date_gmt":"2020-04-25T11:57:34","guid":{"rendered":"https:\/\/muzykabeztajemnic.info.pl\/?p=20168"},"modified":"2020-04-25T11:57:36","modified_gmt":"2020-04-25T11:57:36","slug":"taki-prosty-singiel-zespolu-sami","status":"publish","type":"post","link":"http:\/\/muzykabeztajemnic.info.pl\/?p=20168","title":{"rendered":"Taki Prosty singiel zespo\u0142u Sami"},"content":{"rendered":"\n<figure class=\"wp-block-image size-large\"><img loading=\"lazy\" decoding=\"async\" width=\"600\" height=\"600\" src=\"https:\/\/muzykabeztajemnic.info.pl\/wp-content\/uploads\/2020\/04\/Kajetan_Balcer_ft._Sami_-_Taki_prosty_cover_photo.jpg\" alt=\"\" class=\"wp-image-20169\" srcset=\"http:\/\/muzykabeztajemnic.info.pl\/wp-content\/uploads\/2020\/04\/Kajetan_Balcer_ft._Sami_-_Taki_prosty_cover_photo.jpg 600w, http:\/\/muzykabeztajemnic.info.pl\/wp-content\/uploads\/2020\/04\/Kajetan_Balcer_ft._Sami_-_Taki_prosty_cover_photo-500x500.jpg 500w, http:\/\/muzykabeztajemnic.info.pl\/wp-content\/uploads\/2020\/04\/Kajetan_Balcer_ft._Sami_-_Taki_prosty_cover_photo-150x150.jpg 150w\" sizes=\"auto, (max-width: 600px) 100vw, 600px\" \/><\/figure>\n\n\n\n<p>Na YouTube trafi\u0142 w\u0142a\u015bnie pierwszy w historii tego serwisu klip fabularny do piosenki pop-rockowej w pe\u0142ni dost\u0119pny dla os\u00f3b g\u0142uchych i niedos\u0142ysz\u0105cych. Towarzyszy on singlowi pt. \u201eTaki prosty\u201d. To nowo\u015b\u0107 reprezentacji grupy Sami, a zarazem debiut jednego z jej wokalist\u00f3w, Kajetana Balcera<\/p>\n\n\n\n<p>\u015awi\u0119tuj\u0105 w tym roku swoje 20-lecie. Z tej okazji mieli zaprasza\u0107 na koncerty z wyj\u0105tkowymi go\u015b\u0107mi w wyj\u0105tkowych miejscach. Na drodze stan\u0105\u0142 im jednak go\u015b\u0107 wyj\u0105tkowo niechciany \u2013 koronawirus. I cho\u0107 pokrzy\u017cowa\u0142 plany koncertowe, z tymi wydawniczymi nie uda\u0142o mu si\u0119 wygra\u0107. W jubileuszowym roku swojej dzia\u0142alno\u015bci Sami prezentuj\u0105 nowy singiel. To utw\u00f3r ze specjaln\u0105 dedykacj\u0105. Towarzysz\u0105cy mu klip w spos\u00f3b symboliczny nawi\u0105zuje do pocz\u0105tk\u00f3w formacji. Sprawd\u017acie\u2026 Sami!<\/p>\n\n\n\n<figure class=\"wp-block-embed-youtube wp-block-embed is-type-video is-provider-youtube wp-embed-aspect-16-9 wp-has-aspect-ratio\"><div class=\"wp-block-embed__wrapper\">\n<iframe loading=\"lazy\" title=\"Kajetan Balcer ft. Sami - Taki prosty (official video)\" width=\"800\" height=\"450\" src=\"https:\/\/www.youtube.com\/embed\/Tcro2zPLatk?feature=oembed\" frameborder=\"0\" allow=\"accelerometer; autoplay; clipboard-write; encrypted-media; gyroscope; picture-in-picture; web-share\" referrerpolicy=\"strict-origin-when-cross-origin\" allowfullscreen><\/iframe>\n<\/div><\/figure>\n\n\n\n<p>\u2013 To utw\u00f3r o tym, co dobre i co pi\u0119kne, a co dzi\u015b niemodne i przereklamowane. I cho\u0107 nie by\u0142o to zamierzone, koresponduje z tym, co aktualnie dzieje si\u0119 w Polsce i na \u015bwiecie \u2013 m\u00f3wi\u0105 muzycy zespo\u0142u. \u2013 Mamy nadziej\u0119, \u017ce ta nowo\u015b\u0107 sk\u0142oni Was do refleksji i zapewni wiele muzycznych uniesie\u0144 w tym trudnym dla nas wszystkich czasie \u2013 dodaj\u0105.<\/p>\n\n\n\n<p>Autorami tekstu i muzyki tej klimatycznej ballady s\u0105: Micha\u0142 Laksa (szef zespo\u0142u Sami, graj\u0105cy w nim, a tak\u017ce w grupach: KAT &amp; Roman Kostrzewski i 032, na gitarze basowej) oraz Bartosz Bialik (frontman folk-rockowej formacji 032). Nie pojawia si\u0119 w niej g\u0142\u00f3wny wokalista Samych, Tomek Pluta. \u2013 Tomek niezmiennie pozostaje frontmanem naszego zespo\u0142u. Ust\u0105pi\u0142 mi w tym singlu miejsca okazjonalnie \u2013 uspokaja fan\u00f3w grupy Kajetan Balcer.<\/p>\n\n\n\n<p>Klip do \u201eTakiego prostego\u201d to pierwszy, je\u015bli chodzi o ballad\u0119 pop-rockow\u0105, fabularny obraz na YouTube\u2019ie w pe\u0142ni dostosowany do odbioru przez osoby nies\u0142ysz\u0105ce i niedos\u0142ysz\u0105ce. Przek\u0142adem z j\u0119zyka polskiego na polski j\u0119zyk migowy zaj\u0119\u0142a si\u0119 Joanna Huczy\u0144ska. Za realizacj\u0119 wideo odpowiada Rados\u0142aw Bere\u015b. Tytu\u0142ow\u0105 rol\u0119 w klipie odegra\u0142 Tomasz Kapica, pierwszy perkusista Samych. Jak mo\u017cna wywnioskowa\u0107 z ko\u0144cowej dedykacji, to w\u0142a\u015bnie jemu po\u015bwi\u0119cony zosta\u0142 ten singiel: \u201eMojemu przyjacielowi, Tomaszowi Kapicy \u2013 za trzy proste sny, dwie szczere \u0142zy, za wyj\u015bcie przez zamkni\u0119te drzwi \u2013 Micha\u0142 Laksa\u201d.<\/p>\n\n\n\n<p>\u0179r\u00f3d\u0142o: inf. prasowa<\/p>\n","protected":false},"excerpt":{"rendered":"<p>Na YouTube trafi\u0142 w\u0142a\u015bnie pierwszy w historii tego serwisu klip fabularny do piosenki pop-rockowej w pe\u0142ni dost\u0119pny dla os\u00f3b g\u0142uchych i niedos\u0142ysz\u0105cych. Towarzyszy on singlowi pt. \u201eTaki prosty\u201d. To nowo\u015b\u0107 reprezentacji grupy Sami, a zarazem debiut jednego z jej wokalist\u00f3w, Kajetana Balcera \u015awi\u0119tuj\u0105 w tym roku swoje 20-lecie. Z tej okazji mieli zaprasza\u0107 na koncerty [&hellip;]<\/p>\n","protected":false},"author":1,"featured_media":20169,"comment_status":"closed","ping_status":"open","sticky":false,"template":"","format":"standard","meta":{"jetpack_post_was_ever_published":false,"_jetpack_newsletter_access":"","_jetpack_dont_email_post_to_subs":false,"_jetpack_newsletter_tier_id":0,"_jetpack_memberships_contains_paywalled_content":false,"_jetpack_memberships_contains_paid_content":false,"footnotes":"","jetpack_publicize_message":"","jetpack_publicize_feature_enabled":true,"jetpack_social_post_already_shared":true,"jetpack_social_options":{"image_generator_settings":{"template":"highway","default_image_id":0,"enabled":false},"version":2}},"categories":[1],"tags":[],"class_list":["post-20168","post","type-post","status-publish","format-standard","has-post-thumbnail","hentry","category-uncategorized"],"jetpack_publicize_connections":[],"jetpack_featured_media_url":"http:\/\/muzykabeztajemnic.info.pl\/wp-content\/uploads\/2020\/04\/Kajetan_Balcer_ft._Sami_-_Taki_prosty_cover_photo.jpg","jetpack_sharing_enabled":true,"jetpack_shortlink":"https:\/\/wp.me\/p67auQ-5fi","_links":{"self":[{"href":"http:\/\/muzykabeztajemnic.info.pl\/index.php?rest_route=\/wp\/v2\/posts\/20168","targetHints":{"allow":["GET"]}}],"collection":[{"href":"http:\/\/muzykabeztajemnic.info.pl\/index.php?rest_route=\/wp\/v2\/posts"}],"about":[{"href":"http:\/\/muzykabeztajemnic.info.pl\/index.php?rest_route=\/wp\/v2\/types\/post"}],"author":[{"embeddable":true,"href":"http:\/\/muzykabeztajemnic.info.pl\/index.php?rest_route=\/wp\/v2\/users\/1"}],"replies":[{"embeddable":true,"href":"http:\/\/muzykabeztajemnic.info.pl\/index.php?rest_route=%2Fwp%2Fv2%2Fcomments&post=20168"}],"version-history":[{"count":0,"href":"http:\/\/muzykabeztajemnic.info.pl\/index.php?rest_route=\/wp\/v2\/posts\/20168\/revisions"}],"wp:featuredmedia":[{"embeddable":true,"href":"http:\/\/muzykabeztajemnic.info.pl\/index.php?rest_route=\/wp\/v2\/media\/20169"}],"wp:attachment":[{"href":"http:\/\/muzykabeztajemnic.info.pl\/index.php?rest_route=%2Fwp%2Fv2%2Fmedia&parent=20168"}],"wp:term":[{"taxonomy":"category","embeddable":true,"href":"http:\/\/muzykabeztajemnic.info.pl\/index.php?rest_route=%2Fwp%2Fv2%2Fcategories&post=20168"},{"taxonomy":"post_tag","embeddable":true,"href":"http:\/\/muzykabeztajemnic.info.pl\/index.php?rest_route=%2Fwp%2Fv2%2Ftags&post=20168"}],"curies":[{"name":"wp","href":"https:\/\/api.w.org\/{rel}","templated":true}]}}