{"id":20163,"date":"2020-04-25T11:55:14","date_gmt":"2020-04-25T11:55:14","guid":{"rendered":"https:\/\/muzykabeztajemnic.info.pl\/?p=20163"},"modified":"2020-04-25T11:55:16","modified_gmt":"2020-04-25T11:55:16","slug":"renata-przemyk-i-mezczyzni-premiera-plyty-przesunieta-na-jesien-2020","status":"publish","type":"post","link":"http:\/\/muzykabeztajemnic.info.pl\/?p=20163","title":{"rendered":"Renata Przemyk i M\u0119\u017cczy\u017ani&#8221; &#8211; premiera p\u0142yty przesuni\u0119ta na jesie\u0144 2020"},"content":{"rendered":"\n<figure class=\"wp-block-image size-large\"><img loading=\"lazy\" decoding=\"async\" width=\"600\" height=\"600\" src=\"https:\/\/muzykabeztajemnic.info.pl\/wp-content\/uploads\/2020\/04\/RenataPrzemyk_i_Mezczyzni_okladka.jpg\" alt=\"\" class=\"wp-image-20164\" srcset=\"http:\/\/muzykabeztajemnic.info.pl\/wp-content\/uploads\/2020\/04\/RenataPrzemyk_i_Mezczyzni_okladka.jpg 600w, http:\/\/muzykabeztajemnic.info.pl\/wp-content\/uploads\/2020\/04\/RenataPrzemyk_i_Mezczyzni_okladka-500x500.jpg 500w, http:\/\/muzykabeztajemnic.info.pl\/wp-content\/uploads\/2020\/04\/RenataPrzemyk_i_Mezczyzni_okladka-150x150.jpg 150w\" sizes=\"auto, (max-width: 600px) 100vw, 600px\" \/><\/figure>\n\n\n\n<p>Szanowni Pa\u0144stwo,<\/p>\n\n\n\n<p>wierzymy we wszystkich naszych Artyst\u00f3w i naszym celem jest zaprezentowanie pe\u0142nego potencja\u0142u ich tw\u00f3rczo\u015bci.&nbsp;W zwi\u0105zku z obecnym, ci\u0119\u017ckim dla nas wszystkich czasem pandemii, w porozumieniu z Artystk\u0105, podj\u0119li\u015bmy decyzj\u0119 o&nbsp;<strong>przesuni\u0119ciu premiery p\u0142yty &#8222;Renata Przemyk i M\u0119\u017cczy\u017ani&#8221;&nbsp;<\/strong>z 8 maja na jesie\u0144 2020 roku.&nbsp;<\/p>\n\n\n\n<p>Decyzja ta zosta\u0142a podj\u0119ta w trosce o dobro Artystki oraz fan\u00f3w, kt\u00f3rzy w obecnej, kryzysowej sytuacji, maj\u0105 ograniczony dost\u0119p do fizycznych no\u015bnik\u00f3w muzycznych. Pozostan\u0119 z Pa\u0144stwem w kontakcie w sprawie dzia\u0142a\u0144 promocyjnych zwi\u0105zanych z p\u0142yt\u0105 \u201eRenata Przemyk i M\u0119\u017cczy\u017ani\u201d, je\u015bli tylko zostan\u0105 wznowione, automatycznie Pa\u0144stwa o tym poinformuj\u0119 i do nich powr\u00f3cimy.<\/p>\n","protected":false},"excerpt":{"rendered":"<p>Szanowni Pa\u0144stwo, wierzymy we wszystkich naszych Artyst\u00f3w i naszym celem jest zaprezentowanie pe\u0142nego potencja\u0142u ich tw\u00f3rczo\u015bci.&nbsp;W zwi\u0105zku z obecnym, ci\u0119\u017ckim dla nas wszystkich czasem pandemii, w porozumieniu z Artystk\u0105, podj\u0119li\u015bmy decyzj\u0119 o&nbsp;przesuni\u0119ciu premiery p\u0142yty &#8222;Renata Przemyk i M\u0119\u017cczy\u017ani&#8221;&nbsp;z 8 maja na jesie\u0144 2020 roku.&nbsp; Decyzja ta zosta\u0142a podj\u0119ta w trosce o dobro Artystki oraz fan\u00f3w, [&hellip;]<\/p>\n","protected":false},"author":1,"featured_media":20164,"comment_status":"closed","ping_status":"open","sticky":false,"template":"","format":"standard","meta":{"jetpack_post_was_ever_published":false,"_jetpack_newsletter_access":"","_jetpack_dont_email_post_to_subs":false,"_jetpack_newsletter_tier_id":0,"_jetpack_memberships_contains_paywalled_content":false,"_jetpack_memberships_contains_paid_content":false,"footnotes":"","jetpack_publicize_message":"","jetpack_publicize_feature_enabled":true,"jetpack_social_post_already_shared":true,"jetpack_social_options":{"image_generator_settings":{"template":"highway","default_image_id":0,"enabled":false},"version":2}},"categories":[2],"tags":[],"class_list":["post-20163","post","type-post","status-publish","format-standard","has-post-thumbnail","hentry","category-albumy"],"jetpack_publicize_connections":[],"jetpack_featured_media_url":"http:\/\/muzykabeztajemnic.info.pl\/wp-content\/uploads\/2020\/04\/RenataPrzemyk_i_Mezczyzni_okladka.jpg","jetpack_sharing_enabled":true,"jetpack_shortlink":"https:\/\/wp.me\/p67auQ-5fd","_links":{"self":[{"href":"http:\/\/muzykabeztajemnic.info.pl\/index.php?rest_route=\/wp\/v2\/posts\/20163","targetHints":{"allow":["GET"]}}],"collection":[{"href":"http:\/\/muzykabeztajemnic.info.pl\/index.php?rest_route=\/wp\/v2\/posts"}],"about":[{"href":"http:\/\/muzykabeztajemnic.info.pl\/index.php?rest_route=\/wp\/v2\/types\/post"}],"author":[{"embeddable":true,"href":"http:\/\/muzykabeztajemnic.info.pl\/index.php?rest_route=\/wp\/v2\/users\/1"}],"replies":[{"embeddable":true,"href":"http:\/\/muzykabeztajemnic.info.pl\/index.php?rest_route=%2Fwp%2Fv2%2Fcomments&post=20163"}],"version-history":[{"count":0,"href":"http:\/\/muzykabeztajemnic.info.pl\/index.php?rest_route=\/wp\/v2\/posts\/20163\/revisions"}],"wp:featuredmedia":[{"embeddable":true,"href":"http:\/\/muzykabeztajemnic.info.pl\/index.php?rest_route=\/wp\/v2\/media\/20164"}],"wp:attachment":[{"href":"http:\/\/muzykabeztajemnic.info.pl\/index.php?rest_route=%2Fwp%2Fv2%2Fmedia&parent=20163"}],"wp:term":[{"taxonomy":"category","embeddable":true,"href":"http:\/\/muzykabeztajemnic.info.pl\/index.php?rest_route=%2Fwp%2Fv2%2Fcategories&post=20163"},{"taxonomy":"post_tag","embeddable":true,"href":"http:\/\/muzykabeztajemnic.info.pl\/index.php?rest_route=%2Fwp%2Fv2%2Ftags&post=20163"}],"curies":[{"name":"wp","href":"https:\/\/api.w.org\/{rel}","templated":true}]}}