{"id":20160,"date":"2020-04-25T11:52:19","date_gmt":"2020-04-25T11:52:19","guid":{"rendered":"https:\/\/muzykabeztajemnic.info.pl\/?p=20160"},"modified":"2020-04-25T11:52:22","modified_gmt":"2020-04-25T11:52:22","slug":"za-nowy-lepszy-dzien-premiera-najnowszego-singla-tomasza-karolaka-utwor-wspierajacy-walke-z-pandemia-koronawirusa","status":"publish","type":"post","link":"http:\/\/muzykabeztajemnic.info.pl\/?p=20160","title":{"rendered":"\u201eZa nowy lepszy dzie\u0144 &#8211; premiera najnowszego singla Tomasza Karolaka \/ Utw\u00f3r wspieraj\u0105cy walk\u0119 z pandemi\u0105 koronawirusa!"},"content":{"rendered":"\n<figure class=\"wp-block-image size-large\"><img loading=\"lazy\" decoding=\"async\" width=\"600\" height=\"600\" src=\"https:\/\/muzykabeztajemnic.info.pl\/wp-content\/uploads\/2020\/04\/Ok\u0142adka-singla-K_ZANOWYLEPSZYDZIEN.jpg\" alt=\"\" class=\"wp-image-20161\" srcset=\"http:\/\/muzykabeztajemnic.info.pl\/wp-content\/uploads\/2020\/04\/Ok\u0142adka-singla-K_ZANOWYLEPSZYDZIEN.jpg 600w, http:\/\/muzykabeztajemnic.info.pl\/wp-content\/uploads\/2020\/04\/Ok\u0142adka-singla-K_ZANOWYLEPSZYDZIEN-500x500.jpg 500w, http:\/\/muzykabeztajemnic.info.pl\/wp-content\/uploads\/2020\/04\/Ok\u0142adka-singla-K_ZANOWYLEPSZYDZIEN-150x150.jpg 150w\" sizes=\"auto, (max-width: 600px) 100vw, 600px\" \/><\/figure>\n\n\n\n<p>Tomasz Karolak swoj\u0105 now\u0105 piosenk\u0105 inicjuje akcj\u0119 o tej samej nazwie: <strong>#ZaNowyLepszyDzie\u0144<\/strong> i jednocze\u015bnie zach\u0119ca do do\u0142\u0105czenia do zbi\u00f3rki pieni\u0119dzy na rzecz walki z panuj\u0105c\u0105 pandemi\u0105 koronawirusa.<\/p>\n\n\n\n<figure class=\"wp-block-embed-youtube wp-block-embed is-type-video is-provider-youtube wp-embed-aspect-16-9 wp-has-aspect-ratio\"><div class=\"wp-block-embed__wrapper\">\n<iframe loading=\"lazy\" title=\"Tomasz Karolak &amp; PWT \u2013 Za Nowy Lepszy Dzie\u0144  (Official Music Video)\" width=\"800\" height=\"450\" src=\"https:\/\/www.youtube.com\/embed\/2XSX0OHKrtQ?feature=oembed\" frameborder=\"0\" allow=\"accelerometer; autoplay; clipboard-write; encrypted-media; gyroscope; picture-in-picture; web-share\" referrerpolicy=\"strict-origin-when-cross-origin\" allowfullscreen><\/iframe>\n<\/div><\/figure>\n\n\n\n<p>Tomek o swoim nowym singlu m\u00f3wi tak: <strong><em>\u201ePiosenk\u0119 #Za Nowy Lepszy Dzie\u0144 nagra\u0142em w ubieg\u0142ym roku. Mia\u0142a mie\u0107 swoj\u0105 premier\u0119 w kolejnym sezonie serialu \u201e39 i p\u00f3\u0142 tygodnia\u201d. Zwa\u017cywszy na obecn\u0105 sytuacj\u0119 postanowi\u0142em udost\u0119pni\u0107 ten szczeg\u00f3lny i bardzo bliski mi kawa\u0142ek ju\u017c teraz\u201d.<\/em><\/strong><\/p>\n\n\n\n<p>Premierze utworu towarzyszy zbi\u00f3rka na rzecz &nbsp;Centralnego Szpitala Klinicznego MSWiA w Warszawie. Na stronie <a href=\"https:\/\/sklep.musicart.pl\/product-category\/tomek-karolak\/\"><strong>https:\/\/sklep.musicart.pl\/product-category\/tomek-karolak\/<\/strong><\/a> dost\u0119pne s\u0105 2 wersje utworu w formie MP3, kt\u00f3re mo\u017cna pobra\u0107 wp\u0142acaj\u0105c dowoln\u0105 kwot\u0119 na szczytny cel. \u201e<strong><em>Zach\u0119cam ka\u017cdego do do\u0142o\u017cenia cegie\u0142ki na rzecz wsparcia dla bohaterskich pracownik\u00f3w s\u0142u\u017cby zdrowia w ich ci\u0119\u017ckiej, pe\u0142nej po\u015bwi\u0119cenia pracy<\/em><\/strong><em>\u201d &#8211; <\/em>pisze w oficjalnym komunikacie Tomek.<strong><em>\u201eTo oni, lekarze, piel\u0119gniarki, ratownicy i pozosta\u0142y personel medyczny nara\u017caj\u0105c samych siebie walcz\u0105 na pierwszej \u201elinii frontu\u201do zdrowie i \u017cycie pacjent\u00f3w\u201d.<\/em><\/strong><\/p>\n\n\n\n<p>Tomasz Karolak zaproponowa\u0142 dla uczestnik\u00f3w akcji niecodzienn\u0105 nagrod\u0119: <strong><em>\u201eZbi\u00f3rka pieni\u0119dzy potrwa do 24 maja i ju\u017c w ostatnim tygodniu maja br. osiem najbardziej hojnych os\u00f3b zapraszam na wsp\u00f3ln\u0105 e-kolacj\u0119 ze mn\u0105 oczywi\u015bcie- ja stawiam!!! Ka\u017cdej z 8 os\u00f3b w tym samym czasie dostarczona zostanie kolacja na wskazany adres. O szczeg\u00f3\u0142ach poinformuj\u0119 Was za pomoc\u0105 swoich social medi\u00f3w\u201d.<\/em><\/strong><\/p>\n\n\n\n<p>Do akcji #ZaNowyLepszyDzie\u0144 przy\u0142\u0105czy\u0142o si\u0119 grono przyjaci\u00f3\u0142 Tomka, m.in. Weronika Ksi\u0105\u017ckiewicz, Maciej Musia\u0142 czy Adam Zdr\u00f3jkowski, wspieraj\u0105c akcj\u0119 nagranymi filmikami popieraj\u0105cymi inicjatyw\u0119 aktora.<\/p>\n\n\n\n<p>Tw\u00f3rcami piosenki s\u0105 S\u0142awomir Soko\u0142owski-muzyka i Aldona D\u0105browska-s\u0142owa.<\/p>\n\n\n\n<p><strong><em>\u201eNie \u017ca\u0142ujcie serca! A kiedy ju\u017c wsp\u00f3lnie pokonamy wirusa wzniesiemy toast za nowy lepszy dzie\u0144!\u201d<\/em><\/strong>\u2013 komentuje sam Artysta.<\/p>\n","protected":false},"excerpt":{"rendered":"<p>Tomasz Karolak swoj\u0105 now\u0105 piosenk\u0105 inicjuje akcj\u0119 o tej samej nazwie: #ZaNowyLepszyDzie\u0144 i jednocze\u015bnie zach\u0119ca do do\u0142\u0105czenia do zbi\u00f3rki pieni\u0119dzy na rzecz walki z panuj\u0105c\u0105 pandemi\u0105 koronawirusa. Tomek o swoim nowym singlu m\u00f3wi tak: \u201ePiosenk\u0119 #Za Nowy Lepszy Dzie\u0144 nagra\u0142em w ubieg\u0142ym roku. Mia\u0142a mie\u0107 swoj\u0105 premier\u0119 w kolejnym sezonie serialu \u201e39 i p\u00f3\u0142 tygodnia\u201d. [&hellip;]<\/p>\n","protected":false},"author":1,"featured_media":20161,"comment_status":"closed","ping_status":"open","sticky":false,"template":"","format":"standard","meta":{"jetpack_post_was_ever_published":false,"_jetpack_newsletter_access":"","_jetpack_dont_email_post_to_subs":false,"_jetpack_newsletter_tier_id":0,"_jetpack_memberships_contains_paywalled_content":false,"_jetpack_memberships_contains_paid_content":false,"footnotes":"","jetpack_publicize_message":"","jetpack_publicize_feature_enabled":true,"jetpack_social_post_already_shared":true,"jetpack_social_options":{"image_generator_settings":{"template":"highway","default_image_id":0,"enabled":false},"version":2}},"categories":[6],"tags":[],"class_list":["post-20160","post","type-post","status-publish","format-standard","has-post-thumbnail","hentry","category-klipy"],"jetpack_publicize_connections":[],"jetpack_featured_media_url":"http:\/\/muzykabeztajemnic.info.pl\/wp-content\/uploads\/2020\/04\/Ok\u0142adka-singla-K_ZANOWYLEPSZYDZIEN.jpg","jetpack_sharing_enabled":true,"jetpack_shortlink":"https:\/\/wp.me\/p67auQ-5fa","_links":{"self":[{"href":"http:\/\/muzykabeztajemnic.info.pl\/index.php?rest_route=\/wp\/v2\/posts\/20160","targetHints":{"allow":["GET"]}}],"collection":[{"href":"http:\/\/muzykabeztajemnic.info.pl\/index.php?rest_route=\/wp\/v2\/posts"}],"about":[{"href":"http:\/\/muzykabeztajemnic.info.pl\/index.php?rest_route=\/wp\/v2\/types\/post"}],"author":[{"embeddable":true,"href":"http:\/\/muzykabeztajemnic.info.pl\/index.php?rest_route=\/wp\/v2\/users\/1"}],"replies":[{"embeddable":true,"href":"http:\/\/muzykabeztajemnic.info.pl\/index.php?rest_route=%2Fwp%2Fv2%2Fcomments&post=20160"}],"version-history":[{"count":0,"href":"http:\/\/muzykabeztajemnic.info.pl\/index.php?rest_route=\/wp\/v2\/posts\/20160\/revisions"}],"wp:featuredmedia":[{"embeddable":true,"href":"http:\/\/muzykabeztajemnic.info.pl\/index.php?rest_route=\/wp\/v2\/media\/20161"}],"wp:attachment":[{"href":"http:\/\/muzykabeztajemnic.info.pl\/index.php?rest_route=%2Fwp%2Fv2%2Fmedia&parent=20160"}],"wp:term":[{"taxonomy":"category","embeddable":true,"href":"http:\/\/muzykabeztajemnic.info.pl\/index.php?rest_route=%2Fwp%2Fv2%2Fcategories&post=20160"},{"taxonomy":"post_tag","embeddable":true,"href":"http:\/\/muzykabeztajemnic.info.pl\/index.php?rest_route=%2Fwp%2Fv2%2Ftags&post=20160"}],"curies":[{"name":"wp","href":"https:\/\/api.w.org\/{rel}","templated":true}]}}