{"id":20152,"date":"2020-04-25T11:45:29","date_gmt":"2020-04-25T11:45:29","guid":{"rendered":"https:\/\/muzykabeztajemnic.info.pl\/?p=20152"},"modified":"2020-04-25T11:45:59","modified_gmt":"2020-04-25T11:45:59","slug":"koncerty-muzyki-powaznej-i-listy-chopina-nowe-audycje-w-polskim-radiu-chopin","status":"publish","type":"post","link":"http:\/\/muzykabeztajemnic.info.pl\/?p=20152","title":{"rendered":"Koncerty muzyki powa\u017cnej i listy Chopina &#8211; nowe audycje w Polskim Radiu Chopin"},"content":{"rendered":"\n<figure class=\"wp-block-image size-large\"><img loading=\"lazy\" decoding=\"async\" width=\"800\" height=\"300\" src=\"https:\/\/muzykabeztajemnic.info.pl\/wp-content\/uploads\/2020\/04\/image003-1-800x300.jpg\" alt=\"\" class=\"wp-image-20154\" srcset=\"http:\/\/muzykabeztajemnic.info.pl\/wp-content\/uploads\/2020\/04\/image003-1-800x300.jpg 800w, http:\/\/muzykabeztajemnic.info.pl\/wp-content\/uploads\/2020\/04\/image003-1-500x188.jpg 500w, http:\/\/muzykabeztajemnic.info.pl\/wp-content\/uploads\/2020\/04\/image003-1-768x288.jpg 768w, http:\/\/muzykabeztajemnic.info.pl\/wp-content\/uploads\/2020\/04\/image003-1.jpg 882w\" sizes=\"auto, (max-width: 800px) 100vw, 800px\" \/><\/figure>\n\n\n\n<p><strong>la mi\u0142o\u015bnik\u00f3w muzyki powa\u017cnej, najm\u0142odsza stacja Polskiego Radia ma dobre wiadomo\u015bci. Od 25 kwietnia na antenie Polskiego Radia Chopin pojawi\u0105 si\u0119 a\u017c dwa nowe cykle: z transmisjami najciekawszych koncert\u00f3w z Festiwali Polskiego Radia Chopin w Antoninie oraz koncert\u00f3w z cyklu <em>\u00c0 la polonaise<\/em> oraz uwielbiana przez S\u0142uchaczy audycja z listami Fryderyka Chopina<\/strong>.<\/p>\n\n\n\n<p>Ju\u017c w nadchodz\u0105cy weekend, od 25 kwietnia, na antenie Polskiego Radia Chopin startuj\u0105 dwie nowe audycje: muzyczna \u201e<strong>W salonie Polskiego Radia Chopin<\/strong>\u201d (soboty, godz. 19.00) oraz literackie \u201e<strong>Zwierciad\u0142o Chopina<\/strong>\u201d (niedziele, godz. 17.00), zawieraj\u0105ce listy kompozytora zawarte w drugim tomie \u201e<strong>Korespondencji<\/strong>\u201d.<\/p>\n\n\n\n<p>Cykl \u201e<strong>W salonie Polskiego Radia Chopin<\/strong>\u201d to retransmisje najbardziej warto\u015bciowych koncert\u00f3w z poprzednich dw\u00f3ch <strong>Festiwali Polskiego Radia Chopin<\/strong>, a tak\u017ce koncert\u00f3w z cyklu <strong><em>\u00c0 la polonaise<\/em><\/strong>. Festiwal Polskiego Radia w Antoninie koncentruje si\u0119 na pianistyce, ale do Chopina podchodzi od strony kontekstowej: jego w\u0142asna muzyka stanowi centrum w\u015br\u00f3d wykona\u0144, natomiast kompozycje innych tw\u00f3rc\u00f3w \u2013 od XVIII do XXI wieku \u2013 wchodz\u0105 z ni\u0105 w tw\u00f3rczy dialog. Cykl koncert\u00f3w <strong><em>\u00c0 la polonaise<\/em> <\/strong>to zkolei recitale, podczas kt\u00f3rych kr\u00f3luje muzyka polska w wykonaniu znakomitych artyst\u00f3w.<\/p>\n\n\n\n<p>W pierwszym odcinku \u201e<strong>Salonu<\/strong>\u201d (25 kwietnia) us\u0142yszymy <strong>Jana Krzysztofa Broj\u0119<\/strong>, utalentowanego pianist\u0119, kszta\u0142c\u0105cego si\u0119 pod kierunkiem Jana Ekiera, Wolfganga Hessa, Karla-Heinza K\u00e4mmerlinga, Szabolcsa Eszt\u00e9ny&#8217;iego i Krystyny Boruci\u0144skiej, obecnie profesora Conservatorio Superior de M\u00fasica w Salamance w Hiszpanii. Artysta koncertowa\u0142 w kraju i za granic\u0105, jest laureatem wielu nagr\u00f3d na mi\u0119dzynarodowych konkursach pianistycznych. Dokona\u0142 nagra\u0144 archiwalnych dla stacji radiowych i telewizyjnych w Polsce, Niemczech, Hiszpanii, Francji, Rosji, Japonii, Stan\u00f3w Zjednoczonych i Kolumbii. Wsp\u00f3\u0142pracowa\u0142 przy produkcji filmu \u201ePianista\u201d w re\u017c. Romana Pola\u0144skiego.<\/p>\n\n\n\n<p>W programie koncertu, kt\u00f3ry otwiera\u0142 1. Festiwal Polskiego Radia Chopin w listopadzie 2018 r. zatytu\u0142owanego \u201e<strong>Pianistyczne mikrokosmosy: od Scarlattiego do Rachmaninowa<\/strong>\u201d znalaz\u0142y si\u0119: <em>Sonata A-dur <\/em>K. 101, <em>Sonata f-moll <\/em>K. 466, <em>Sonata F-dur <\/em>K. 17<em>, <\/em>Domenico <strong>Scarlattiego<\/strong>, <em>Intermezzo b-moll<\/em> op. 117 nr 2, <em>Intermezzo a-moll<\/em> op. 118 nr 1, <em>Intermezzo A-dur<\/em> op. 118 nr 2 Johannesa <strong>Brahmsa<\/strong>, preludia Claude <strong>Debussy\u2019ego<\/strong> z I i II tomu: <em>X La Cath\u00e9drale engloutie, IV Les Sons et les Parfumes tournent dans l\u2019air du soir<\/em>, <em>VII Ce qu\u2019a vu le vent d\u2019Ouest<\/em>, <em>VII La Terrasse des audiences du claire de lune<\/em>, <em>VIII <\/em>Ondine, <em>XII Feux d\u2019Artifice<\/em>, a tak\u017cenokturny Fryderyka <strong>Chopina<\/strong> (<em>Nokturn cis-moll<\/em> op. 27 nr 1 i <em>Nokturn Des-dur<\/em> op. 27 nr 2) oraz <em>II Sonata b-moll<\/em> op. 36 Siergieja <strong>Rachmaninowa<\/strong> (<em>Allegro agitato, Non allegro \u2013 Lento <\/em>i<em> Allegro molto<\/em>).<\/p>\n\n\n\n<p>Druga z audycji, kt\u00f3re pojawi\u0105 si\u0119 na antenie stacji to \u201e<strong>Zwierciad\u0142o Chopina<\/strong>\u201d \u2013 uwielbiane przez S\u0142uchaczy audycje z 2018 roku, w kt\u00f3rych czytane s\u0105 listy patrona anteny. Autorki audycji, <strong>R\u00f3\u017ca \u015awiatczy\u0144ska<\/strong> i <strong>Anna Skulska<\/strong>, zapewniaj\u0105, \u017ce zwierciad\u0142o bynajmniej nie jest krzywe. A Chopin?&#8230; Jaki obraz kompozytora kszta\u0142tuje si\u0119 po wnikni\u0119ciu w tre\u015b\u0107 drugiego tomu \u201e<strong>Korespondencji<\/strong>\u201d, wydanego przez Wydawnictwo Uniwersytetu Warszawskiego? Nie znajdziemy w listach wyja\u015bnienia wielu tajemnic tw\u00f3rczo\u015bci Chopina \u2013 tych informacji jest stosunkowo niewiele, o w\u0142asnych dzie\u0142ach kompozytor pisa\u0142 lakonicznie. W s\u0142owach kierowanych do rodziny i bliskich odbija si\u0119 natomiast ca\u0142y przebieg jego \u017cycia. Odnajdziemy cz\u0142owieka pe\u0142nego energii o ironicznym spojrzeniu nie tylko na rzeczywisto\u015b\u0107, ale i samego siebie.<\/p>\n\n\n\n<figure class=\"wp-block-image size-large\"><img loading=\"lazy\" decoding=\"async\" width=\"624\" height=\"2\" src=\"https:\/\/muzykabeztajemnic.info.pl\/wp-content\/uploads\/2020\/04\/image-2.png\" alt=\"\" class=\"wp-image-20153\" srcset=\"http:\/\/muzykabeztajemnic.info.pl\/wp-content\/uploads\/2020\/04\/image-2.png 624w, http:\/\/muzykabeztajemnic.info.pl\/wp-content\/uploads\/2020\/04\/image-2-500x2.png 500w, http:\/\/muzykabeztajemnic.info.pl\/wp-content\/uploads\/2020\/04\/image-2-150x2.png 150w\" sizes=\"auto, (max-width: 624px) 100vw, 624px\" \/><\/figure>\n\n\n\n<p>Polskiego Radia Chopin mo\u017cna s\u0142ucha\u0107 dzi\u0119ki odbiornikom z <strong>technologi\u0105 DAB+<\/strong>, na stronie internetowej <a href=\"http:\/\/chopin.polskieradio.pl\/\">chopin.polskieradio.pl<\/a>, na <a href=\"https:\/\/www.facebook.com\/PolskieRadioChopin\">facebooku Polskiego Radia Chopin<\/a> oraz w <strong>aplikacji<\/strong> <strong>mobilnej<\/strong> Polskiego Radia.<\/p>\n","protected":false},"excerpt":{"rendered":"<p>la mi\u0142o\u015bnik\u00f3w muzyki powa\u017cnej, najm\u0142odsza stacja Polskiego Radia ma dobre wiadomo\u015bci. Od 25 kwietnia na antenie Polskiego Radia Chopin pojawi\u0105 si\u0119 a\u017c dwa nowe cykle: z transmisjami najciekawszych koncert\u00f3w z Festiwali Polskiego Radia Chopin w Antoninie oraz koncert\u00f3w z cyklu \u00c0 la polonaise oraz uwielbiana przez S\u0142uchaczy audycja z listami Fryderyka Chopina. Ju\u017c w nadchodz\u0105cy [&hellip;]<\/p>\n","protected":false},"author":1,"featured_media":20155,"comment_status":"closed","ping_status":"open","sticky":false,"template":"","format":"standard","meta":{"jetpack_post_was_ever_published":false,"_jetpack_newsletter_access":"","_jetpack_dont_email_post_to_subs":false,"_jetpack_newsletter_tier_id":0,"_jetpack_memberships_contains_paywalled_content":false,"_jetpack_memberships_contains_paid_content":false,"footnotes":"","jetpack_publicize_message":"","jetpack_publicize_feature_enabled":true,"jetpack_social_post_already_shared":true,"jetpack_social_options":{"image_generator_settings":{"template":"highway","default_image_id":0,"enabled":false},"version":2}},"categories":[1],"tags":[],"class_list":["post-20152","post","type-post","status-publish","format-standard","has-post-thumbnail","hentry","category-uncategorized"],"jetpack_publicize_connections":[],"jetpack_featured_media_url":"http:\/\/muzykabeztajemnic.info.pl\/wp-content\/uploads\/2020\/04\/chopin.jpg","jetpack_sharing_enabled":true,"jetpack_shortlink":"https:\/\/wp.me\/p67auQ-5f2","_links":{"self":[{"href":"http:\/\/muzykabeztajemnic.info.pl\/index.php?rest_route=\/wp\/v2\/posts\/20152","targetHints":{"allow":["GET"]}}],"collection":[{"href":"http:\/\/muzykabeztajemnic.info.pl\/index.php?rest_route=\/wp\/v2\/posts"}],"about":[{"href":"http:\/\/muzykabeztajemnic.info.pl\/index.php?rest_route=\/wp\/v2\/types\/post"}],"author":[{"embeddable":true,"href":"http:\/\/muzykabeztajemnic.info.pl\/index.php?rest_route=\/wp\/v2\/users\/1"}],"replies":[{"embeddable":true,"href":"http:\/\/muzykabeztajemnic.info.pl\/index.php?rest_route=%2Fwp%2Fv2%2Fcomments&post=20152"}],"version-history":[{"count":0,"href":"http:\/\/muzykabeztajemnic.info.pl\/index.php?rest_route=\/wp\/v2\/posts\/20152\/revisions"}],"wp:featuredmedia":[{"embeddable":true,"href":"http:\/\/muzykabeztajemnic.info.pl\/index.php?rest_route=\/wp\/v2\/media\/20155"}],"wp:attachment":[{"href":"http:\/\/muzykabeztajemnic.info.pl\/index.php?rest_route=%2Fwp%2Fv2%2Fmedia&parent=20152"}],"wp:term":[{"taxonomy":"category","embeddable":true,"href":"http:\/\/muzykabeztajemnic.info.pl\/index.php?rest_route=%2Fwp%2Fv2%2Fcategories&post=20152"},{"taxonomy":"post_tag","embeddable":true,"href":"http:\/\/muzykabeztajemnic.info.pl\/index.php?rest_route=%2Fwp%2Fv2%2Ftags&post=20152"}],"curies":[{"name":"wp","href":"https:\/\/api.w.org\/{rel}","templated":true}]}}