{"id":20120,"date":"2020-04-17T14:36:52","date_gmt":"2020-04-17T14:36:52","guid":{"rendered":"https:\/\/muzykabeztajemnic.info.pl\/?p=20120"},"modified":"2020-04-17T14:36:53","modified_gmt":"2020-04-17T14:36:53","slug":"radiowa-czworka-szuka-nieprzecietnych-ostatnie-dni-na-zgloszenia","status":"publish","type":"post","link":"http:\/\/muzykabeztajemnic.info.pl\/?p=20120","title":{"rendered":"Radiowa Czw\u00f3rka szuka &#8222;Nieprzeci\u0119tnych&#8221; &#8211; ostatnie dni na zg\u0142oszenia!"},"content":{"rendered":"\n<figure class=\"wp-block-image size-large\"><img loading=\"lazy\" decoding=\"async\" width=\"605\" height=\"227\" src=\"https:\/\/muzykabeztajemnic.info.pl\/wp-content\/uploads\/2020\/04\/image004.jpg\" alt=\"\" class=\"wp-image-20121\" srcset=\"http:\/\/muzykabeztajemnic.info.pl\/wp-content\/uploads\/2020\/04\/image004.jpg 605w, http:\/\/muzykabeztajemnic.info.pl\/wp-content\/uploads\/2020\/04\/image004-500x188.jpg 500w\" sizes=\"auto, (max-width: 605px) 100vw, 605px\" \/><\/figure>\n\n\n\n<p><strong>Tylko do 19 kwietnia mo\u017cna przes\u0142a\u0107 zg\u0142oszenie do plebiscytu \u201eNIEPRZECI\u0118TNI 2020\u201d. Radiowa Czw\u00f3rka adresuje swoj\u0105 akcj\u0119 do os\u00f3b mi\u0119dzy 18 a 35 rokiem \u017cycia o niecodziennych zainteresowaniach, wyj\u0105tkowych zdolno\u015bciach, czy pracuj\u0105cych na rzecz innych. <em>\u2013 Czekamy na zg\u0142oszenia tych, kt\u00f3rzy chc\u0105 od \u017cycia czego\u015b wi\u0119cej <\/em>\u2013 m\u00f3wi Hanna Do\u0142\u0119gowska, dyrektor radiowej Czw\u00f3rki, przewodnicz\u0105ca jury.<\/strong><\/p>\n\n\n\n<p>\u2013 <em>Warto zg\u0142asza\u0107 siebie i tych, kt<\/em><em>\u00f3rych uwa\u017camy za nieprzeci\u0119tnych. Czekamy na tych, kt<\/em><em>\u00f3rzy nie tylko chc\u0105 konsumowa\u0107 \u017cycie, ale te\u017c robi\u0107 <\/em><em>co\u015b wi\u0119cej: dla innych, dla spo\u0142eczno\u015bci, dla przysz\u0142o\u015bci. Zw\u0142aszcza dzi\u015b, w otaczaj\u0105cym nas zam\u0119cie, warto ich pokazywa\u0107<\/em> \u2013 m\u00f3wi <strong>Hanna Do\u0142\u0119gowska<\/strong>. \u2013 <em>To nie musi by\u0107 wybitny naukowiec, artysta, spo\u0142ecznik. To mo\u017ce by\u0107 kto\u015b, kto po prostu wk\u0142<\/em><em>ada du\u017co energii w mo\u017ce pozornie ma\u0142o spektakularne dzia\u0142ania, kt\u00f3re jednak wiele zmieniaj\u0105 w codziennym \u017cyciu innych. Nieprzeci\u0119tno\u015b\u0107 mo\u017ce si\u0119 realizowa\u0107 w ka\u017cdej dziedzinie \u017cycia <\/em>\u2013 dodaje przewodnicz\u0105ca jury.<\/p>\n\n\n\n<p>Tylko do niedzieli <strong>19 kwietnia<\/strong> Czw\u00f3rka przyjmuje zg\u0142oszenia do <strong>plebiscytu<\/strong> <strong>\u201eNIEPRZECI\u0118TNI\u201d.<\/strong> Akcja adresowana jest do tych, kt\u00f3rzy na co dzie\u0144 podejmuj\u0105 nietypowe dzia\u0142ania, maj\u0105 niebanalne zainteresowania, tworz\u0105 wyj\u0105tkowe rzeczy. Jedynym warunkiem uczestnictwa jest wiek mi\u0119dzy 18 a 35 rokiem \u017cycia. S\u0142uchacze mog\u0105 zg\u0142asza\u0107 kandydatury spo\u015br\u00f3d rodziny, przyjaci\u00f3\u0142, znajomych czy wsp\u00f3\u0142pracownik\u00f3w, mog\u0105 te\u017c zg\u0142osi\u0107 samych siebie.<\/p>\n\n\n\n<p>Nale\u017cy to zrobi\u0107 m.in. przez <a href=\"https:\/\/www.polskieradio.pl\/10\">stron\u0119 internetow\u0105 Czw\u00f3rki<\/a>oraz na profilach spo\u0142eczno\u015bciowych Czw\u00f3rki: <a href=\"https:\/\/www.facebook.com\/czworka\">Facebooku<\/a> i <a href=\"https:\/\/www.instagram.com\/czworka_polskieradio\/\">Instagramie<\/a>, a tak\u017ce tradycyjnie, drog\u0105 mailow\u0105 na adres <a href=\"mailto:nieprzecietni@polskieradio.pl\">nieprzecietni@polskieradio.pl<\/a>.<\/p>\n\n\n\n<p><strong>W drugim etapie konkursu<\/strong>, to s\u0142uchacze wybior\u0105 zwyci\u0119zc\u0119 spo\u015br\u00f3d 10 finalist\u00f3w, wy\u0142onionych przez jury spo\u015br\u00f3d wszystkich nades\u0142anych zg\u0142osze\u0144. <strong>Od 18 maja do 14 czerwca <\/strong>b\u0119dzie mo\u017cna g\u0142osowa\u0107 na swojego faworyta poprzez <a href=\"https:\/\/www.polskieradio.pl\/10\">stron\u0119 internetow\u0105 Czw\u00f3rki<\/a>. Nazwisko najbardziej \u201eNieprzeci\u0119tnego\u201d poznamy <strong>25 czerwca<\/strong>.<\/p>\n\n\n\n<p>W tym roku w jury pod przewodnictwem <strong>Hanny Do\u0142\u0119gowskiej<\/strong> zasiadaj\u0105 tak\u017ce: <strong>Dtekk (J\u0119drzej Dondzi\u0142o)<\/strong> \u2013 DJ, pomys\u0142odawca, koordynator i dyrektor programowy Up To Date Festival, <strong>Micha\u0142 Duchniewicz<\/strong> \u2013 Nieprzeci\u0119tny 2019, student medycyny na Univeristy of Cambridge, Pembroke College, <strong>Dawid Godziek<\/strong> \u2013 zawodnik czo\u0142\u00f3wki \u015bwiatowej ekstremalnych dyscyplin rowerowych, <strong>Sara Kordowska<\/strong> \u2013 wokalistka, zwyci\u0119\u017cczyni trzeciej ods\u0142ony konkursu radiowej Czw\u00f3rki \u201eWydaj p\u0142yt\u0119 z B\u0119dzie G\u0142o\u015bno\u201d, <strong>Rafa\u0142 Masny<\/strong> \u2013 wsp\u00f3\u0142tw\u00f3rca Abstrachuje.TV, jednego z najpopularniejszych polskich kana\u0142\u00f3w na YouTube, <strong>Aleksandra i Piotr Stanis\u0142awscy<\/strong> \u2013 dziennikarze naukowi, autorzy \u201eCrazy Nauka\u201d, najpopularniejszego i najwi\u0119kszego bloga popularnonaukowego w Polsce oraz <strong>Areta Szpura<\/strong> \u2013 wsp\u00f3\u0142za\u0142o\u017cycielka marki modowej Local Heroes, obecnie aktywistka ekologiczna.<\/p>\n\n\n\n<ul class=\"wp-block-list\"><li><a href=\"https:\/\/www.polskieradio.pl\/10,Czworka\/7637,Nieprzecietni-2019\/\">Wi\u0119cej informacji TUTAJ<\/a><\/li><li><a href=\"https:\/\/we.tl\/t-s1LTM9hxn3\">Grafiki do pobrania TUTAJ<\/a><\/li><\/ul>\n\n\n\n<p>***<\/p>\n\n\n\n<p><strong>Czw<\/strong><strong>\u00f3<\/strong><strong>rki<\/strong> mo\u017cna s\u0142ucha\u0107 na stronie<strong> <a href=\"http:\/\/www.czworka.online\/\">www.czworka.online<\/a><\/strong>, w systemie cyfrowym DAB+ oraz poprzez aplikacj\u0119 Player Polskie Radio.<\/p>\n","protected":false},"excerpt":{"rendered":"<p>Tylko do 19 kwietnia mo\u017cna przes\u0142a\u0107 zg\u0142oszenie do plebiscytu \u201eNIEPRZECI\u0118TNI 2020\u201d. Radiowa Czw\u00f3rka adresuje swoj\u0105 akcj\u0119 do os\u00f3b mi\u0119dzy 18 a 35 rokiem \u017cycia o niecodziennych zainteresowaniach, wyj\u0105tkowych zdolno\u015bciach, czy pracuj\u0105cych na rzecz innych. \u2013 Czekamy na zg\u0142oszenia tych, kt\u00f3rzy chc\u0105 od \u017cycia czego\u015b wi\u0119cej \u2013 m\u00f3wi Hanna Do\u0142\u0119gowska, dyrektor radiowej Czw\u00f3rki, przewodnicz\u0105ca jury. \u2013 [&hellip;]<\/p>\n","protected":false},"author":1,"featured_media":19189,"comment_status":"closed","ping_status":"open","sticky":false,"template":"","format":"standard","meta":{"jetpack_post_was_ever_published":false,"_jetpack_newsletter_access":"","_jetpack_dont_email_post_to_subs":false,"_jetpack_newsletter_tier_id":0,"_jetpack_memberships_contains_paywalled_content":false,"_jetpack_memberships_contains_paid_content":false,"footnotes":"","jetpack_publicize_message":"","jetpack_publicize_feature_enabled":true,"jetpack_social_post_already_shared":true,"jetpack_social_options":{"image_generator_settings":{"template":"highway","default_image_id":0,"enabled":false},"version":2}},"categories":[1],"tags":[],"class_list":["post-20120","post","type-post","status-publish","format-standard","has-post-thumbnail","hentry","category-uncategorized"],"jetpack_publicize_connections":[],"jetpack_featured_media_url":"http:\/\/muzykabeztajemnic.info.pl\/wp-content\/uploads\/2019\/11\/czworka_1.jpg","jetpack_sharing_enabled":true,"jetpack_shortlink":"https:\/\/wp.me\/p67auQ-5ew","_links":{"self":[{"href":"http:\/\/muzykabeztajemnic.info.pl\/index.php?rest_route=\/wp\/v2\/posts\/20120","targetHints":{"allow":["GET"]}}],"collection":[{"href":"http:\/\/muzykabeztajemnic.info.pl\/index.php?rest_route=\/wp\/v2\/posts"}],"about":[{"href":"http:\/\/muzykabeztajemnic.info.pl\/index.php?rest_route=\/wp\/v2\/types\/post"}],"author":[{"embeddable":true,"href":"http:\/\/muzykabeztajemnic.info.pl\/index.php?rest_route=\/wp\/v2\/users\/1"}],"replies":[{"embeddable":true,"href":"http:\/\/muzykabeztajemnic.info.pl\/index.php?rest_route=%2Fwp%2Fv2%2Fcomments&post=20120"}],"version-history":[{"count":0,"href":"http:\/\/muzykabeztajemnic.info.pl\/index.php?rest_route=\/wp\/v2\/posts\/20120\/revisions"}],"wp:featuredmedia":[{"embeddable":true,"href":"http:\/\/muzykabeztajemnic.info.pl\/index.php?rest_route=\/wp\/v2\/media\/19189"}],"wp:attachment":[{"href":"http:\/\/muzykabeztajemnic.info.pl\/index.php?rest_route=%2Fwp%2Fv2%2Fmedia&parent=20120"}],"wp:term":[{"taxonomy":"category","embeddable":true,"href":"http:\/\/muzykabeztajemnic.info.pl\/index.php?rest_route=%2Fwp%2Fv2%2Fcategories&post=20120"},{"taxonomy":"post_tag","embeddable":true,"href":"http:\/\/muzykabeztajemnic.info.pl\/index.php?rest_route=%2Fwp%2Fv2%2Ftags&post=20120"}],"curies":[{"name":"wp","href":"https:\/\/api.w.org\/{rel}","templated":true}]}}