{"id":20117,"date":"2020-04-17T14:34:16","date_gmt":"2020-04-17T14:34:16","guid":{"rendered":"https:\/\/muzykabeztajemnic.info.pl\/?p=20117"},"modified":"2020-04-17T14:34:18","modified_gmt":"2020-04-17T14:34:18","slug":"retransmisje-koncertow-orkiestry-polskiego-radia-w-warszawie-dla-dzieci","status":"publish","type":"post","link":"http:\/\/muzykabeztajemnic.info.pl\/?p=20117","title":{"rendered":"Retransmisje koncert\u00f3w Orkiestry Polskiego Radia w Warszawie dla dzieci."},"content":{"rendered":"\n<figure class=\"wp-block-image size-large\"><img loading=\"lazy\" decoding=\"async\" width=\"228\" height=\"83\" src=\"https:\/\/muzykabeztajemnic.info.pl\/wp-content\/uploads\/2020\/04\/logo-dzieci.jpg\" alt=\"\" class=\"wp-image-20041\"\/><\/figure>\n\n\n\n<p><strong>W najbli\u017csz\u0105 niedziel\u0119 Polskie Radio Dzieciom rozpocznie cykl retransmisji koncert\u00f3w dla dzieci w wykonaniu Orkiestry Polskiego Radia w Warszawie i jej\u00a0wspania\u0142ych\u00a0go\u015bci.\u00a0Podczas pierwszego,\u00a019 kwietnia,\u00a0z muzykami orkiestry pod dyrekcj\u0105 Krzesimira D\u0119bskiego wyst\u0105pi Anna Jurksztowicz.<\/strong><\/p>\n\n\n\n<p>Od najbli\u017cszej niedzieli przez <strong>5 kolejnych tygodni<\/strong> Polskie Radio Dzieciom zaprasza na <strong>retransmisje <\/strong>wyj\u0105tkowych koncert\u00f3w <strong>Orkiestry Polskiego Radia w Warszawie<\/strong>&nbsp;i go\u015bci&nbsp;dla najm\u0142odszych.<\/p>\n\n\n\n<p><strong>19 kwietnia godz. 18.00<\/strong> rozpocznie si\u0119 retransmisja 80-minutowego koncertu <strong>Anny Jurksztowicz i Orkiestry Polskiego Radia w Warszawie<\/strong> (w\u00f3wczas <em>Polskiej Orkiestry Radiowej<\/em>) pod dyrekcj\u0105 <strong>Krzesimira D\u0119bskiego<\/strong>. Wydarzenie to zapis koncertu, kt\u00f3rego premiera odby\u0142a si\u0119 28 maja 2017 r. w Studiu Koncertowym Polskiego Radia im. Witolda Lutos\u0142awskiego. Kolejne koncerty b\u0119d\u0105 retransmitowane <strong>26 kwietnia <\/strong>oraz<strong>&nbsp;3, 10 i 17 maja.<\/strong><\/p>\n\n\n\n<p><strong>W programie najbli\u017cszego koncertu:<\/strong><\/p>\n\n\n\n<p><strong>Krzesimir D\u0119bski<\/strong><strong><em>\u2013<\/em><\/strong> muzyka z filmu <em>Stara Ba\u015b\u0144 (Atak Wiking\u00f3w),<\/em><\/p>\n\n\n\n<p><strong>Krzesimir D\u0119bski<\/strong> <strong><em>\u2013<\/em><\/strong> muzyka z filmu <em>Stara Ba\u015b\u0144 (Gus\u0142a),<\/em><\/p>\n\n\n\n<p><strong>Krzesimir D\u0119bski <\/strong><strong><em>\u2013<\/em><\/strong>\u201eOna i on wolni\u201dz filmu <em>Magiczne Drzewo,<\/em><\/p>\n\n\n\n<p><strong>Krzesimir D\u0119bski\/Jacek Skubikowski<\/strong> <strong><em>\u2013&nbsp;<\/em><\/strong>\u201ePie\u015b\u0144 baobabu\u201d z filmu <em>W Pustyni i w Puszczy,<\/em><\/p>\n\n\n\n<p><strong>Krzesimir D\u0119bski <\/strong><strong><em>\u2013<\/em><\/strong>\u201eRzeka marze\u0144\u201dz filmu<em> W Pustyni i w Puszczy,<\/em><\/p>\n\n\n\n<p><strong>Krzesimir D\u0119bski<\/strong> <strong><em>\u2013<\/em><\/strong>\u201eMama Afryka\u201dz filmu<em> W Pustyni i w Puszczy,<\/em><\/p>\n\n\n\n<p><strong>Krzesimir D\u0119bski <\/strong><strong><em>\u2013<\/em><\/strong>\u201eCountry in E\u201d z filmu <em>Polski Ko\u0144 Sportowy,<\/em><\/p>\n\n\n\n<p><strong>Krzesimir D\u0119bski<\/strong> <strong><em>\u2013<\/em><\/strong> suita z filmu<em> Gwiezdny pirat,<\/em><\/p>\n\n\n\n<p><strong>Krzesimir D\u0119bski\/Jacek Skubikowski<\/strong> <strong><em>\u2013 <\/em><\/strong>temat z serialu <em>Na dobre i na z\u0142e,<\/em><\/p>\n\n\n\n<p><strong>Carly Simon<\/strong> <strong><em>\u2013<\/em><\/strong>\u201eMatczyna intuicja\u201d zfilmu <em>Prosiaczek i Przyjaciele,<\/em><\/p>\n\n\n\n<p><strong>Carly Simon<\/strong> <strong><em>\u2013<\/em><\/strong>\u201eIm bardziej staram si\u0119\u201d z filmu <em>Kubu\u015b i Hefalumpy,<\/em><\/p>\n\n\n\n<p><strong>Carly Simon<\/strong> <strong><em>\u2013 <\/em><\/strong><strong>\u201e<\/strong>Kilku kumpli we\u017a\u201d z&nbsp;filmu <em>Prosiaczek i Przyjaciele,<\/em><\/p>\n\n\n\n<p><strong>Krzesimir D\u0119bski<\/strong> <strong><em>\u2013<\/em><\/strong>\u201eTrojak\u201d z filmu <em>The Rink<\/em> (re\u017c Charlie Chaplin).<\/p>\n\n\n\n<p>Przypomnijmy, \u017ce ka\u017cdego tygodnia Polskie Radio Dzieciom emituje <strong>ponad 100 premierowych audycji<\/strong> dla dzieci i rodzic\u00f3w, w tym m.in. audycje edukacyjne, podr\u00f3\u017cnicze, kulturalne i rozrywkowe oraz bajki, s\u0142uchowiska i podcasty. Dziennikarze <strong>Polskiego Radia Dzieciom<\/strong> za po\u015brednictwem medi\u00f3w spo\u0142eczno\u015bciowych anga\u017cuj\u0105 s\u0142uchaczy do aktywnego udzia\u0142u w audycjach oraz zach\u0119caj\u0105 do wsp\u00f3lnej zabawy w licznych konkursach i zagadkach udost\u0119pnianych w formie kolorowych grafik. Wszystkie audycje Polskiego Radia Dzieciom s\u0105 \u017ar\u00f3d\u0142em wszechstronnej wiedzy, rozwijaj\u0105 w dzieciach wra\u017cliwo\u015b\u0107 na d\u017awi\u0119ki i s\u0105 bezpieczne \u2013 chroni\u0105 najm\u0142odszych przed niechcianymi bod\u017acami i informacjami, poniewa\u017c <strong>stacja nie emituje \u017cadnych reklam!<\/strong> Dost\u0119pna w internecie szczeg\u00f3\u0142owa <a href=\"https:\/\/static.prsa.pl\/6a40dbc3-2875-4f40-b8d3-4987eab82853.file\">ram\u00f3wka<\/a> pozwoli rodzicom na dok\u0142adne zaplanowanie dnia razem z Polskim Radiem Dzieciom!<br><br><\/p>\n\n\n\n<p>***<\/p>\n\n\n\n<p>\ufffd\ufffd<strong> Wi\u0119cej informacji <\/strong>na <a href=\"http:\/\/www.polskieradiodzieciom.pl\/\">stronie<\/a> Polskiego Radia Dzieciom oraz na profilu na <a href=\"https:\/\/www.facebook.com\/radiodzieciom\/\">Facebooku<\/a>.<\/p>\n","protected":false},"excerpt":{"rendered":"<p>W najbli\u017csz\u0105 niedziel\u0119 Polskie Radio Dzieciom rozpocznie cykl retransmisji koncert\u00f3w dla dzieci w wykonaniu Orkiestry Polskiego Radia w Warszawie i jej\u00a0wspania\u0142ych\u00a0go\u015bci.\u00a0Podczas pierwszego,\u00a019 kwietnia,\u00a0z muzykami orkiestry pod dyrekcj\u0105 Krzesimira D\u0119bskiego wyst\u0105pi Anna Jurksztowicz. Od najbli\u017cszej niedzieli przez 5 kolejnych tygodni Polskie Radio Dzieciom zaprasza na retransmisje wyj\u0105tkowych koncert\u00f3w Orkiestry Polskiego Radia w Warszawie&nbsp;i go\u015bci&nbsp;dla najm\u0142odszych. 19 [&hellip;]<\/p>\n","protected":false},"author":1,"featured_media":20041,"comment_status":"closed","ping_status":"open","sticky":false,"template":"","format":"standard","meta":{"jetpack_post_was_ever_published":false,"_jetpack_newsletter_access":"","_jetpack_dont_email_post_to_subs":false,"_jetpack_newsletter_tier_id":0,"_jetpack_memberships_contains_paywalled_content":false,"_jetpack_memberships_contains_paid_content":false,"footnotes":"","jetpack_publicize_message":"","jetpack_publicize_feature_enabled":true,"jetpack_social_post_already_shared":true,"jetpack_social_options":{"image_generator_settings":{"template":"highway","default_image_id":0,"enabled":false},"version":2}},"categories":[1],"tags":[],"class_list":["post-20117","post","type-post","status-publish","format-standard","has-post-thumbnail","hentry","category-uncategorized"],"jetpack_publicize_connections":[],"jetpack_featured_media_url":"http:\/\/muzykabeztajemnic.info.pl\/wp-content\/uploads\/2020\/04\/logo-dzieci.jpg","jetpack_sharing_enabled":true,"jetpack_shortlink":"https:\/\/wp.me\/p67auQ-5et","_links":{"self":[{"href":"http:\/\/muzykabeztajemnic.info.pl\/index.php?rest_route=\/wp\/v2\/posts\/20117","targetHints":{"allow":["GET"]}}],"collection":[{"href":"http:\/\/muzykabeztajemnic.info.pl\/index.php?rest_route=\/wp\/v2\/posts"}],"about":[{"href":"http:\/\/muzykabeztajemnic.info.pl\/index.php?rest_route=\/wp\/v2\/types\/post"}],"author":[{"embeddable":true,"href":"http:\/\/muzykabeztajemnic.info.pl\/index.php?rest_route=\/wp\/v2\/users\/1"}],"replies":[{"embeddable":true,"href":"http:\/\/muzykabeztajemnic.info.pl\/index.php?rest_route=%2Fwp%2Fv2%2Fcomments&post=20117"}],"version-history":[{"count":0,"href":"http:\/\/muzykabeztajemnic.info.pl\/index.php?rest_route=\/wp\/v2\/posts\/20117\/revisions"}],"wp:featuredmedia":[{"embeddable":true,"href":"http:\/\/muzykabeztajemnic.info.pl\/index.php?rest_route=\/wp\/v2\/media\/20041"}],"wp:attachment":[{"href":"http:\/\/muzykabeztajemnic.info.pl\/index.php?rest_route=%2Fwp%2Fv2%2Fmedia&parent=20117"}],"wp:term":[{"taxonomy":"category","embeddable":true,"href":"http:\/\/muzykabeztajemnic.info.pl\/index.php?rest_route=%2Fwp%2Fv2%2Fcategories&post=20117"},{"taxonomy":"post_tag","embeddable":true,"href":"http:\/\/muzykabeztajemnic.info.pl\/index.php?rest_route=%2Fwp%2Fv2%2Ftags&post=20117"}],"curies":[{"name":"wp","href":"https:\/\/api.w.org\/{rel}","templated":true}]}}