{"id":20114,"date":"2020-04-17T14:33:03","date_gmt":"2020-04-17T14:33:03","guid":{"rendered":"https:\/\/muzykabeztajemnic.info.pl\/?p=20114"},"modified":"2020-04-17T14:33:08","modified_gmt":"2020-04-17T14:33:08","slug":"jazz-band-mlynarski-masecki-prezentuje-utwor-warszawo-moja-warszawo-w-wyjatkowej-koncertowej-wersji","status":"publish","type":"post","link":"http:\/\/muzykabeztajemnic.info.pl\/?p=20114","title":{"rendered":"Jazz Band M\u0142ynarski-Masecki prezentuje utw\u00f3r \u201eWarszawo, moja Warszawo\u201d w wyj\u0105tkowej, koncertowej wersji!"},"content":{"rendered":"\n<figure class=\"wp-block-embed-youtube wp-block-embed is-type-video is-provider-youtube wp-embed-aspect-16-9 wp-has-aspect-ratio\"><div class=\"wp-block-embed__wrapper\">\n<iframe loading=\"lazy\" title=\"Jazz Band M\u0142ynarski-Masecki \u2013 \u201eWarszawo, moja Warszawo\u201d (LIVE)\" width=\"800\" height=\"450\" src=\"https:\/\/www.youtube.com\/embed\/ro-gaoPKWEY?feature=oembed\" frameborder=\"0\" allow=\"accelerometer; autoplay; clipboard-write; encrypted-media; gyroscope; picture-in-picture; web-share\" referrerpolicy=\"strict-origin-when-cross-origin\" allowfullscreen><\/iframe>\n<\/div><\/figure>\n\n\n\n<p>Wielce Szanowni Pa\u0144stwo,\u00a0czasy nie s\u0105 naj\u0142atwiejsze, ale my nie tracimy nadziei, \u017ce jeszcze b\u0119dzie pi\u0119knie. By uczyni\u0107 te trudne dni nieco zno\u015bniejszymi i wynagrodzi\u0107 Wam prze\u0142o\u017cone koncerty, przygotowali\u015bmy dla Was prezent \u2013 utw\u00f3r \u201eWarszawo, moja Warszawo\u201d w wyj\u0105tkowej, koncertowej wersji. Mamy nadziej\u0119, \u017ce dzi\u0119ki niemu chocia\u017c na chwil\u0119 zapomnicie o troskach i dacie si\u0119 oczarowa\u0107 niepowtarzalnemu klimatowi Filharmonii Narodowej w Warszawie<\/p>\n\n\n\n<p><strong>Jazz Band <\/strong><strong>M\u0142ynarski &#8211; Masecki<\/strong><strong><\/strong><\/p>\n\n\n\n<p><br>Utw\u00f3r \u201eWarszawo, moja Warszawo\u201d autorstwa\u00a0Zygmunta Karasi\u0144skiego (muzyka) oraz Andrzeja W\u0142asta (s\u0142owa) w aran\u017cacji Marcina Maseckiego pochodzi z drugiego albumu zespo\u0142u zatytu\u0142owanego \u201eP\u0142yta z zadr\u0105 w sercu\u201d. Wydawnictwo ukaza\u0142o si\u0119 w pa\u017adzierniku 2019 roku, nak\u0142adem Agora Muzyka.<\/p>\n\n\n\n<p>Nagranie zrealizowano 2 marca 2020 r. w Filharmonii Narodowej w Warszawie.<\/p>\n\n\n\n<p><strong>Link do zakupu p\u0142yty na CD: <a href=\"https:\/\/kulturalnysklep.pl\/muzyka\/plyta-z-zadra-w-sercu-zadra\">https:\/\/kulturalnysklep.pl\/muzyka\/plyta-z-zadra-w-sercu-zadra<\/a><\/strong><\/p>\n","protected":false},"excerpt":{"rendered":"<p>Wielce Szanowni Pa\u0144stwo,\u00a0czasy nie s\u0105 naj\u0142atwiejsze, ale my nie tracimy nadziei, \u017ce jeszcze b\u0119dzie pi\u0119knie. By uczyni\u0107 te trudne dni nieco zno\u015bniejszymi i wynagrodzi\u0107 Wam prze\u0142o\u017cone koncerty, przygotowali\u015bmy dla Was prezent \u2013 utw\u00f3r \u201eWarszawo, moja Warszawo\u201d w wyj\u0105tkowej, koncertowej wersji. Mamy nadziej\u0119, \u017ce dzi\u0119ki niemu chocia\u017c na chwil\u0119 zapomnicie o troskach i dacie si\u0119 oczarowa\u0107 [&hellip;]<\/p>\n","protected":false},"author":1,"featured_media":0,"comment_status":"closed","ping_status":"open","sticky":false,"template":"","format":"standard","meta":{"jetpack_post_was_ever_published":false,"_jetpack_newsletter_access":"","_jetpack_dont_email_post_to_subs":false,"_jetpack_newsletter_tier_id":0,"_jetpack_memberships_contains_paywalled_content":false,"_jetpack_memberships_contains_paid_content":false,"footnotes":"","jetpack_publicize_message":"","jetpack_publicize_feature_enabled":true,"jetpack_social_post_already_shared":true,"jetpack_social_options":{"image_generator_settings":{"template":"highway","default_image_id":0,"enabled":false},"version":2}},"categories":[1],"tags":[],"class_list":["post-20114","post","type-post","status-publish","format-standard","hentry","category-uncategorized"],"jetpack_publicize_connections":[],"jetpack_featured_media_url":"","jetpack_sharing_enabled":true,"jetpack_shortlink":"https:\/\/wp.me\/p67auQ-5eq","_links":{"self":[{"href":"http:\/\/muzykabeztajemnic.info.pl\/index.php?rest_route=\/wp\/v2\/posts\/20114","targetHints":{"allow":["GET"]}}],"collection":[{"href":"http:\/\/muzykabeztajemnic.info.pl\/index.php?rest_route=\/wp\/v2\/posts"}],"about":[{"href":"http:\/\/muzykabeztajemnic.info.pl\/index.php?rest_route=\/wp\/v2\/types\/post"}],"author":[{"embeddable":true,"href":"http:\/\/muzykabeztajemnic.info.pl\/index.php?rest_route=\/wp\/v2\/users\/1"}],"replies":[{"embeddable":true,"href":"http:\/\/muzykabeztajemnic.info.pl\/index.php?rest_route=%2Fwp%2Fv2%2Fcomments&post=20114"}],"version-history":[{"count":0,"href":"http:\/\/muzykabeztajemnic.info.pl\/index.php?rest_route=\/wp\/v2\/posts\/20114\/revisions"}],"wp:attachment":[{"href":"http:\/\/muzykabeztajemnic.info.pl\/index.php?rest_route=%2Fwp%2Fv2%2Fmedia&parent=20114"}],"wp:term":[{"taxonomy":"category","embeddable":true,"href":"http:\/\/muzykabeztajemnic.info.pl\/index.php?rest_route=%2Fwp%2Fv2%2Fcategories&post=20114"},{"taxonomy":"post_tag","embeddable":true,"href":"http:\/\/muzykabeztajemnic.info.pl\/index.php?rest_route=%2Fwp%2Fv2%2Ftags&post=20114"}],"curies":[{"name":"wp","href":"https:\/\/api.w.org\/{rel}","templated":true}]}}