{"id":20086,"date":"2020-04-10T10:37:29","date_gmt":"2020-04-10T10:37:29","guid":{"rendered":"https:\/\/muzykabeztajemnic.info.pl\/?p=20086"},"modified":"2020-04-10T10:37:31","modified_gmt":"2020-04-10T10:37:31","slug":"nowy-singiel-i-teledysk-saszan-fala-juz-w-dostepny","status":"publish","type":"post","link":"http:\/\/muzykabeztajemnic.info.pl\/?p=20086","title":{"rendered":"Nowy singiel i teledysk SASZAN &#8222;FALA&#8221; ju\u017c w dost\u0119pny!"},"content":{"rendered":"\n<p>\u201eFala\u201d to nowa taneczna propozycja od Saszan. Do wsp\u00f3\u0142pracy nad kompozycj\u0105 artystka ponownie zaprosi\u0142a nominowanych do tegorocznych Fryderyk\u00f3w &#8211; Dominica Buczkowskiego-Wojtaszka i Patryka Kum\u00f3ra. Utw\u00f3r \u201eFala\u201d to opowie\u015b\u0107 o wewn\u0119trznej przemianie, rozczarowaniach i nowej sile, kt\u00f3ra przychodzi zaraz po nich. W\u015br\u00f3d g\u0142\u00f3wnych inspiracji do powstania utworu Saszan wymienia hiszpa\u0144sk\u0105 wokalistk\u0119 pop &#8211; Rosali\u0119: \u201eOna niesamowicie \u0142\u0105czy niezbyt weso\u0142e teksty z tanecznym brzmieniem latino &#8211; zainspirowa\u0142o mnie to do stworzenia utworu w\u0142a\u015bnie w tym stylu\u201d &#8211; m\u00f3wi Saszan. Razem z piosenk\u0105 premier\u0119 mia\u0142 r\u00f3wnie\u017c teledysk &#8211; lyric video stworzony przez Sebastiana We\u0142dycza, z kt\u00f3rym Saszan wsp\u00f3\u0142pracowa\u0142a przy teledysku do piosenki \u201eZabierz mnie st\u0105d\u201d. \u201ePrzez pandemi\u0119 koronawirusa plan zdj\u0119ciowy teledysku do \u201eFali\u201d musia\u0142 zosta\u0107 odwo\u0142any. Postanowi\u0142am nie rezygnowa\u0107 z premiery utworu i zrobi\u0107 klip\u2026 w domu. Przysz\u0142o nam wszystkim pracowa\u0107 w takich, a nie innych warunkach. Tak powsta\u0142 pomys\u0142 na lyric video, kt\u00f3ry jest idealnym odzwierciedleniem klimatu piosenki.\u201d &#8211; dodaje<\/p>\n\n\n\n<p>Teledysk:<\/p>\n\n\n\n<figure class=\"wp-block-embed-youtube wp-block-embed is-type-video is-provider-youtube wp-embed-aspect-16-9 wp-has-aspect-ratio\"><div class=\"wp-block-embed__wrapper\">\n<iframe loading=\"lazy\" title=\"Saszan - Fala (Lyric Video)\" width=\"800\" height=\"450\" src=\"https:\/\/www.youtube.com\/embed\/Drs68rgnV2E?feature=oembed\" frameborder=\"0\" allow=\"accelerometer; autoplay; clipboard-write; encrypted-media; gyroscope; picture-in-picture; web-share\" referrerpolicy=\"strict-origin-when-cross-origin\" allowfullscreen><\/iframe>\n<\/div><\/figure>\n","protected":false},"excerpt":{"rendered":"<p>\u201eFala\u201d to nowa taneczna propozycja od Saszan. Do wsp\u00f3\u0142pracy nad kompozycj\u0105 artystka ponownie zaprosi\u0142a nominowanych do tegorocznych Fryderyk\u00f3w &#8211; Dominica Buczkowskiego-Wojtaszka i Patryka Kum\u00f3ra. Utw\u00f3r \u201eFala\u201d to opowie\u015b\u0107 o wewn\u0119trznej przemianie, rozczarowaniach i nowej sile, kt\u00f3ra przychodzi zaraz po nich. W\u015br\u00f3d g\u0142\u00f3wnych inspiracji do powstania utworu Saszan wymienia hiszpa\u0144sk\u0105 wokalistk\u0119 pop &#8211; Rosali\u0119: \u201eOna niesamowicie [&hellip;]<\/p>\n","protected":false},"author":1,"featured_media":0,"comment_status":"closed","ping_status":"open","sticky":false,"template":"","format":"standard","meta":{"jetpack_post_was_ever_published":false,"_jetpack_newsletter_access":"","_jetpack_dont_email_post_to_subs":false,"_jetpack_newsletter_tier_id":0,"_jetpack_memberships_contains_paywalled_content":false,"_jetpack_memberships_contains_paid_content":false,"footnotes":"","jetpack_publicize_message":"","jetpack_publicize_feature_enabled":true,"jetpack_social_post_already_shared":true,"jetpack_social_options":{"image_generator_settings":{"template":"highway","default_image_id":0,"enabled":false},"version":2}},"categories":[1],"tags":[],"class_list":["post-20086","post","type-post","status-publish","format-standard","hentry","category-uncategorized"],"jetpack_publicize_connections":[],"jetpack_featured_media_url":"","jetpack_sharing_enabled":true,"jetpack_shortlink":"https:\/\/wp.me\/p67auQ-5dY","_links":{"self":[{"href":"http:\/\/muzykabeztajemnic.info.pl\/index.php?rest_route=\/wp\/v2\/posts\/20086","targetHints":{"allow":["GET"]}}],"collection":[{"href":"http:\/\/muzykabeztajemnic.info.pl\/index.php?rest_route=\/wp\/v2\/posts"}],"about":[{"href":"http:\/\/muzykabeztajemnic.info.pl\/index.php?rest_route=\/wp\/v2\/types\/post"}],"author":[{"embeddable":true,"href":"http:\/\/muzykabeztajemnic.info.pl\/index.php?rest_route=\/wp\/v2\/users\/1"}],"replies":[{"embeddable":true,"href":"http:\/\/muzykabeztajemnic.info.pl\/index.php?rest_route=%2Fwp%2Fv2%2Fcomments&post=20086"}],"version-history":[{"count":0,"href":"http:\/\/muzykabeztajemnic.info.pl\/index.php?rest_route=\/wp\/v2\/posts\/20086\/revisions"}],"wp:attachment":[{"href":"http:\/\/muzykabeztajemnic.info.pl\/index.php?rest_route=%2Fwp%2Fv2%2Fmedia&parent=20086"}],"wp:term":[{"taxonomy":"category","embeddable":true,"href":"http:\/\/muzykabeztajemnic.info.pl\/index.php?rest_route=%2Fwp%2Fv2%2Fcategories&post=20086"},{"taxonomy":"post_tag","embeddable":true,"href":"http:\/\/muzykabeztajemnic.info.pl\/index.php?rest_route=%2Fwp%2Fv2%2Ftags&post=20086"}],"curies":[{"name":"wp","href":"https:\/\/api.w.org\/{rel}","templated":true}]}}