{"id":20059,"date":"2020-04-08T11:06:34","date_gmt":"2020-04-08T11:06:34","guid":{"rendered":"https:\/\/muzykabeztajemnic.info.pl\/?p=20059"},"modified":"2020-04-08T11:06:36","modified_gmt":"2020-04-08T11:06:36","slug":"informacja-dotyczaca-dni-rakoniewic-2020","status":"publish","type":"post","link":"http:\/\/muzykabeztajemnic.info.pl\/?p=20059","title":{"rendered":"Informacja dotycz\u0105ca Dni Rakoniewic 2020"},"content":{"rendered":"\n<figure class=\"wp-block-image size-large\"><img loading=\"lazy\" decoding=\"async\" width=\"597\" height=\"800\" src=\"https:\/\/muzykabeztajemnic.info.pl\/wp-content\/uploads\/2020\/04\/DSC_4406-kopia.jpg\" alt=\"\" class=\"wp-image-20062\" srcset=\"http:\/\/muzykabeztajemnic.info.pl\/wp-content\/uploads\/2020\/04\/DSC_4406-kopia.jpg 597w, http:\/\/muzykabeztajemnic.info.pl\/wp-content\/uploads\/2020\/04\/DSC_4406-kopia-373x500.jpg 373w\" sizes=\"auto, (max-width: 597px) 100vw, 597px\" \/><figcaption>Na zdj\u0119ciu Monika Lewczuk jedna z gwiazd, kt\u00f3ra mia\u0142a wyst\u0105pi\u0107 na Dniach Rakoniewic 2020 <br>Foto: Mateusz Klamka, muzykabeztajemnic.pl<\/figcaption><\/figure>\n\n\n\n<p>Dni Rakoniewic 2020, kt\u00f3re zosta\u0142y zaplanowane w dniach 5-7 czerwca zosta\u0142y odwo\u0142ane. <\/p>\n\n\n\n<figure class=\"wp-block-image size-large\"><img loading=\"lazy\" decoding=\"async\" width=\"565\" height=\"800\" src=\"https:\/\/muzykabeztajemnic.info.pl\/wp-content\/uploads\/2020\/04\/odwo\u0142anie-DR1-724x1024-2-565x800.jpg\" alt=\"\" class=\"wp-image-20061\" srcset=\"http:\/\/muzykabeztajemnic.info.pl\/wp-content\/uploads\/2020\/04\/odwo\u0142anie-DR1-724x1024-2-565x800.jpg 565w, http:\/\/muzykabeztajemnic.info.pl\/wp-content\/uploads\/2020\/04\/odwo\u0142anie-DR1-724x1024-2-353x500.jpg 353w, http:\/\/muzykabeztajemnic.info.pl\/wp-content\/uploads\/2020\/04\/odwo\u0142anie-DR1-724x1024-2.jpg 600w\" sizes=\"auto, (max-width: 565px) 100vw, 565px\" \/><figcaption>\u0179r\u00f3d\u0142o: rokrakoniewice.pl<\/figcaption><\/figure>\n\n\n\n<p>\u0179r\u00f3d\u0142o: rokrakoniewice.pl<\/p>\n","protected":false},"excerpt":{"rendered":"<p>Dni Rakoniewic 2020, kt\u00f3re zosta\u0142y zaplanowane w dniach 5-7 czerwca zosta\u0142y odwo\u0142ane. \u0179r\u00f3d\u0142o: rokrakoniewice.pl<\/p>\n","protected":false},"author":1,"featured_media":20062,"comment_status":"closed","ping_status":"open","sticky":false,"template":"","format":"standard","meta":{"jetpack_post_was_ever_published":false,"_jetpack_newsletter_access":"","_jetpack_dont_email_post_to_subs":false,"_jetpack_newsletter_tier_id":0,"_jetpack_memberships_contains_paywalled_content":false,"_jetpack_memberships_contains_paid_content":false,"footnotes":"","jetpack_publicize_message":"","jetpack_publicize_feature_enabled":true,"jetpack_social_post_already_shared":true,"jetpack_social_options":{"image_generator_settings":{"template":"highway","default_image_id":0,"enabled":false},"version":2}},"categories":[1],"tags":[],"class_list":["post-20059","post","type-post","status-publish","format-standard","has-post-thumbnail","hentry","category-uncategorized"],"jetpack_publicize_connections":[],"jetpack_featured_media_url":"http:\/\/muzykabeztajemnic.info.pl\/wp-content\/uploads\/2020\/04\/DSC_4406-kopia.jpg","jetpack_sharing_enabled":true,"jetpack_shortlink":"https:\/\/wp.me\/p67auQ-5dx","_links":{"self":[{"href":"http:\/\/muzykabeztajemnic.info.pl\/index.php?rest_route=\/wp\/v2\/posts\/20059","targetHints":{"allow":["GET"]}}],"collection":[{"href":"http:\/\/muzykabeztajemnic.info.pl\/index.php?rest_route=\/wp\/v2\/posts"}],"about":[{"href":"http:\/\/muzykabeztajemnic.info.pl\/index.php?rest_route=\/wp\/v2\/types\/post"}],"author":[{"embeddable":true,"href":"http:\/\/muzykabeztajemnic.info.pl\/index.php?rest_route=\/wp\/v2\/users\/1"}],"replies":[{"embeddable":true,"href":"http:\/\/muzykabeztajemnic.info.pl\/index.php?rest_route=%2Fwp%2Fv2%2Fcomments&post=20059"}],"version-history":[{"count":0,"href":"http:\/\/muzykabeztajemnic.info.pl\/index.php?rest_route=\/wp\/v2\/posts\/20059\/revisions"}],"wp:featuredmedia":[{"embeddable":true,"href":"http:\/\/muzykabeztajemnic.info.pl\/index.php?rest_route=\/wp\/v2\/media\/20062"}],"wp:attachment":[{"href":"http:\/\/muzykabeztajemnic.info.pl\/index.php?rest_route=%2Fwp%2Fv2%2Fmedia&parent=20059"}],"wp:term":[{"taxonomy":"category","embeddable":true,"href":"http:\/\/muzykabeztajemnic.info.pl\/index.php?rest_route=%2Fwp%2Fv2%2Fcategories&post=20059"},{"taxonomy":"post_tag","embeddable":true,"href":"http:\/\/muzykabeztajemnic.info.pl\/index.php?rest_route=%2Fwp%2Fv2%2Ftags&post=20059"}],"curies":[{"name":"wp","href":"https:\/\/api.w.org\/{rel}","templated":true}]}}