{"id":20039,"date":"2020-04-05T09:11:14","date_gmt":"2020-04-05T09:11:14","guid":{"rendered":"https:\/\/muzykabeztajemnic.info.pl\/?p=20039"},"modified":"2020-04-05T09:11:17","modified_gmt":"2020-04-05T09:11:17","slug":"rusza-ii-konkurs-dzieciecych-talentow-polskiego-radia-dzieciom","status":"publish","type":"post","link":"http:\/\/muzykabeztajemnic.info.pl\/?p=20039","title":{"rendered":"RUSZA II KONKURS DZIECI\u0118CYCH TALENT\u00d3W POLSKIEGO RADIA DZIECIOM"},"content":{"rendered":"\n<figure class=\"wp-block-image size-large is-resized\"><img loading=\"lazy\" decoding=\"async\" src=\"https:\/\/muzykabeztajemnic.info.pl\/wp-content\/uploads\/2020\/04\/logo-dzieci.jpg\" alt=\"\" class=\"wp-image-20041\" width=\"228\" height=\"83\"\/><\/figure>\n\n\n\n<p><strong>3 kwietnia, og\u0142oszony zosta\u0142 d\u0142ugo wyczekiwany przez najm\u0142odszych artyst\u00f3w II Konkurs Dzieci\u0119cych Talent\u00f3w Polskiego Radia Dzieciom. To kolejna ods\u0142ona wydarzenia ciesz\u0105cego si\u0119 ogromn\u0105 popularno\u015bci\u0105 w\u015br\u00f3d dzieci, kt\u00f3re uwielbiaj\u0105 \u015bpiewa\u0107, recytowa\u0107 wiersze i marz\u0105 o nagraniu p\u0142yty oraz wyst\u0119pie na scenie. Konkurs og\u0142oszony zostanie w trakcie aktualnie trwaj\u0105cych, pi\u0119ciodniowych obchod\u00f3w 5. urodzin Polskiego Radia Dzieciom. Stacja przy\u0142\u0105cza si\u0119 do akcji #Zosta\u0144WDomu i zach\u0119ca do s\u0142uchania audycji przez darmow\u0105 aplikacj\u0119 mobiln\u0105, internet i odbiorniki DAB+.<\/strong><\/p>\n\n\n\n<figure class=\"wp-block-image size-large\"><img loading=\"lazy\" decoding=\"async\" width=\"557\" height=\"313\" src=\"https:\/\/muzykabeztajemnic.info.pl\/wp-content\/uploads\/2020\/04\/image-1.png\" alt=\"\" class=\"wp-image-20040\" title=\"II Konkurs Dzieci\u0119cych Talent\u00f3w Polskiego Radia Dzieciom.jpg\" srcset=\"http:\/\/muzykabeztajemnic.info.pl\/wp-content\/uploads\/2020\/04\/image-1.png 557w, http:\/\/muzykabeztajemnic.info.pl\/wp-content\/uploads\/2020\/04\/image-1-500x281.png 500w\" sizes=\"auto, (max-width: 557px) 100vw, 557px\" \/><\/figure>\n\n\n\n<p>Po sukcesie pierwszej ods\u0142ony wydarzenia w 2019 roku, cyfrowa i ca\u0142odobowa stacja dla dzieci i rodzic\u00f3w og\u0142asza <strong>II Konkurs Dzieci\u0119cych Talent\u00f3w Polskiego Radia Dzieciom<\/strong>. \u2013 <em>Zale\u017cy nam na odkrywaniu pasji i rozwoju zdolno\u015bci naszych s\u0142uchaczy<\/em><em>. Setki zg\u0142osze\u0144 i o<\/em><em>gromne zainteresowanie zesz\u0142orocznym wydarzeniem potwierdzi\u0142o, jak wa\u017cne i niezwykle potrzebne jest stworzenie takiej przestrzeni, kt\u00f3ra poprzez zapewnienie odpowiednich warunk\u00f3w umo\u017cliwi rozw\u00f3j artystycznych talent\u00f3w najm\u0142odszych <\/em>\u2013 m\u00f3wi <strong>Daria Druzga\u0142a<\/strong>, dyrektor Polskiego Radia Dzieciom.<\/p>\n\n\n\n<p><strong>II Konkurs Dzieci\u0119cych Talent\u00f3w<\/strong> skierowany jest do dzieci, kt\u00f3re nie uko\u0144czy\u0142y 13. roku \u017cycia, marz\u0105 o nagraniu p\u0142yty w profesjonalnym studiu i wyst\u0119pie przed publiczno\u015bci\u0105. Zadanie konkursowe polega na za\u015bpiewaniu dowolnego utworu muzycznego lub wyrecytowaniu wiersza.<\/p>\n\n\n\n<p>Zg\u0142oszenia przyjmowane s\u0105 <strong>drog\u0105 elektroniczn\u0105<\/strong> poprzez wype\u0142nienie odpowiedniego <strong>formularza <\/strong>iprzes\u0142anie <strong>pliku audio<\/strong>. Zainteresowani udzia\u0142em w konkursie maj\u0105 do wyboru <strong>trzy grupy wiekowe: <\/strong>do lat 6, 7-9 lat i 10-13 lat oraz <strong>trzy kategorie<\/strong>: piosenka polska, dzieci\u0119ca piosenka zagraniczna (dla dzieci, kt\u00f3rych jeden z opiekun\u00f3w jest obcokrajowcem) i wiersz. Formularz zg\u0142oszeniowy aktywny b\u0119dzie <strong>od 3 kwietnia do 17 maja.<\/strong><\/p>\n\n\n\n<p>W ubieg\u0142ym roku spo\u015br\u00f3d blisko <strong>700 zg\u0142osze\u0144<\/strong> jury wybra\u0142o <strong>28 laureat\u00f3w<\/strong>. Go\u015bciem specjalnym gali fina\u0142owej by\u0142a <strong>Natalia Kukulska<\/strong>, zasiadaj\u0105ca r\u00f3wnie\u017c w jury konkursu. Artystce na scenie towarzyszy\u0142 kompozytor i gitarzysta jazzowy <strong>Marek Napi\u00f3rkowski<\/strong>. W sobot\u0119 i niedziel\u0119, <strong>4 i 5 kwietnia o godz. 18.00,<\/strong> Polskie Radio Dzieciom wyemituje <strong>retransmisj\u0119 koncertu<\/strong> laureat\u00f3w I Konkursu Dzieci\u0119cych Talent\u00f3w, kt\u00f3ry odby\u0142 si\u0119 23 listopada ub.r. Ponadto wiosn\u0105 br. nak\u0142adem <strong>Agencji Muzycznej Polskiego Radia<\/strong> uka\u017ce si\u0119 <strong>dwup\u0142ytowy album<\/strong> <strong>\u201eG\u0142osem Dziecka vol. 1\u201d<\/strong> nagrany z udzia\u0142em laureat\u00f3w konkursu.<\/p>\n\n\n\n<p><strong>Wi\u0119cej informacji, formularz zg\u0142oszeniowy<\/strong> oraz <strong>regulamin konkursu<\/strong> pod adresem: <a href=\"http:\/\/www.konkurstalentow.polskieradio.pl\/\">konkurstalentow.polskieradio.pl<\/a>.<\/p>\n\n\n\n<p><strong>***<\/strong><\/p>\n\n\n\n<p><strong>Wi\u0119cej informacji:<\/strong><br>\ufffd\ufffd na <a href=\"http:\/\/www.polskieradiodzieciom.pl\/\">stronie<\/a> Polskiego Radia Dzieciom<br>\ufffd\ufffd oraz na profilu Polskiego Radia Dzieciomna <a href=\"https:\/\/www.facebook.com\/radiodzieciom\/\">Facebooku<\/a>.<\/p>\n","protected":false},"excerpt":{"rendered":"<p>3 kwietnia, og\u0142oszony zosta\u0142 d\u0142ugo wyczekiwany przez najm\u0142odszych artyst\u00f3w II Konkurs Dzieci\u0119cych Talent\u00f3w Polskiego Radia Dzieciom. To kolejna ods\u0142ona wydarzenia ciesz\u0105cego si\u0119 ogromn\u0105 popularno\u015bci\u0105 w\u015br\u00f3d dzieci, kt\u00f3re uwielbiaj\u0105 \u015bpiewa\u0107, recytowa\u0107 wiersze i marz\u0105 o nagraniu p\u0142yty oraz wyst\u0119pie na scenie. Konkurs og\u0142oszony zostanie w trakcie aktualnie trwaj\u0105cych, pi\u0119ciodniowych obchod\u00f3w 5. urodzin Polskiego Radia Dzieciom. Stacja [&hellip;]<\/p>\n","protected":false},"author":1,"featured_media":20041,"comment_status":"closed","ping_status":"open","sticky":false,"template":"","format":"standard","meta":{"jetpack_post_was_ever_published":false,"_jetpack_newsletter_access":"","_jetpack_dont_email_post_to_subs":false,"_jetpack_newsletter_tier_id":0,"_jetpack_memberships_contains_paywalled_content":false,"_jetpack_memberships_contains_paid_content":false,"footnotes":"","jetpack_publicize_message":"","jetpack_publicize_feature_enabled":true,"jetpack_social_post_already_shared":true,"jetpack_social_options":{"image_generator_settings":{"template":"highway","default_image_id":0,"enabled":false},"version":2}},"categories":[1],"tags":[],"class_list":["post-20039","post","type-post","status-publish","format-standard","has-post-thumbnail","hentry","category-uncategorized"],"jetpack_publicize_connections":[],"jetpack_featured_media_url":"http:\/\/muzykabeztajemnic.info.pl\/wp-content\/uploads\/2020\/04\/logo-dzieci.jpg","jetpack_sharing_enabled":true,"jetpack_shortlink":"https:\/\/wp.me\/p67auQ-5dd","_links":{"self":[{"href":"http:\/\/muzykabeztajemnic.info.pl\/index.php?rest_route=\/wp\/v2\/posts\/20039","targetHints":{"allow":["GET"]}}],"collection":[{"href":"http:\/\/muzykabeztajemnic.info.pl\/index.php?rest_route=\/wp\/v2\/posts"}],"about":[{"href":"http:\/\/muzykabeztajemnic.info.pl\/index.php?rest_route=\/wp\/v2\/types\/post"}],"author":[{"embeddable":true,"href":"http:\/\/muzykabeztajemnic.info.pl\/index.php?rest_route=\/wp\/v2\/users\/1"}],"replies":[{"embeddable":true,"href":"http:\/\/muzykabeztajemnic.info.pl\/index.php?rest_route=%2Fwp%2Fv2%2Fcomments&post=20039"}],"version-history":[{"count":0,"href":"http:\/\/muzykabeztajemnic.info.pl\/index.php?rest_route=\/wp\/v2\/posts\/20039\/revisions"}],"wp:featuredmedia":[{"embeddable":true,"href":"http:\/\/muzykabeztajemnic.info.pl\/index.php?rest_route=\/wp\/v2\/media\/20041"}],"wp:attachment":[{"href":"http:\/\/muzykabeztajemnic.info.pl\/index.php?rest_route=%2Fwp%2Fv2%2Fmedia&parent=20039"}],"wp:term":[{"taxonomy":"category","embeddable":true,"href":"http:\/\/muzykabeztajemnic.info.pl\/index.php?rest_route=%2Fwp%2Fv2%2Fcategories&post=20039"},{"taxonomy":"post_tag","embeddable":true,"href":"http:\/\/muzykabeztajemnic.info.pl\/index.php?rest_route=%2Fwp%2Fv2%2Ftags&post=20039"}],"curies":[{"name":"wp","href":"https:\/\/api.w.org\/{rel}","templated":true}]}}