{"id":19636,"date":"2020-01-23T17:26:14","date_gmt":"2020-01-23T17:26:14","guid":{"rendered":"https:\/\/muzykabeztajemnic.info.pl\/?p=19636"},"modified":"2020-01-23T17:26:19","modified_gmt":"2020-01-23T17:26:19","slug":"miuosh-feat-igo-motyle-trzeci-singiel-zapowiadajacy-album-powroty","status":"publish","type":"post","link":"http:\/\/muzykabeztajemnic.info.pl\/?p=19636","title":{"rendered":"MIUOSH FEAT. IGO &#8211; \u201eMOTYLE\u201d \u2013 TRZECI SINGIEL ZAPOWIADAJ\u0104CY ALBUM \u201ePOWROTY\u201d!"},"content":{"rendered":"\n<p>\nW\n utworze \u201eMotyle\u201d, Miuosh krzy\u017cuje swoj\u0105 muzyczn\u0105 drog\u0119 z Igorem \u201eIgo\u201d \nWalaszkiem, kt\u00f3rego charakterystyczny g\u0142os znamy z duetu Bass Astral x \nIgo, czy singla \u201eSobie i Wam\u201d M\u0119skie\n Granie Orkiestra. Muzyk\u0119 do piosenki skomponowa\u0142 Maciej Sawoch. Klip zosta\u0142 zrealizowany na terenie czynnego Zak\u0142adu Karnego w Wojkowicach. Teledysk re\u017cyserowa\u0142a Magdalena Seweryn i Igor\n Po\u0142aniewicz, kt\u00f3rzy s\u0105 r\u00f3wnie\u017c autorami scenariusza i zdj\u0119\u0107.&nbsp;W teledysku g\u0142\u00f3wn\u0105 rol\u0119 kobiec\u0105 powierzono Kamilli Baar.\nTo ju\u017c trzeci singiel zapowiadaj\u0105cy \nnajnowszy album Miuosha \u2013 \u201ePowroty\u201d, za kt\u00f3rego produkcj\u0119 odpowiada \nMicha\u0142 \u201eFox\u201d Kr\u00f3l, a go\u015bcinnie b\u0119dziemy mogli us\u0142ysze\u0107 na nim Natali\u0119 \nNykiel, Mel\u0119 Koteluk, Palucha oraz The Dumplings. Premiera&nbsp;\nalbumu&nbsp; odb\u0119dzie si\u0119 24 stycznia!<\/p>\n\n\n\n<p>\nMi\u0142osz \u201eMiuosh\u201d Borycki udowodni\u0142, \u017ce jest artyst\u0105 wszechstronnym i prze\u0142amuje bariery\n<br>\nw polskiej muzyce. Po spektakularnym koncercie Scenozst\u0105pienie na Stadionie \u015al\u0105skim\n<br>\ndla ponad 40 tysi\u0119cznej publiczno\u015bci oraz projektach specjalnych z \norkiestr\u0105 NOSPR nadszed\u0142 czas na powr\u00f3t do studia i kolejny album \nsolowy.\n<\/p>\n\n\n\n<p>\n<br>\nP\u0142yta dost\u0119pna w przedsprzeda\u017cy na\n<a href=\"http:\/\/www.kulturalnysklep.pl\/\">www.kulturalnysklep.pl<\/a> oraz&nbsp;<a href=\"http:\/\/www.empik.com\">www.empik.com<\/a>.\n<\/p>\n\n\n\n<p>\nAlbumowi towarzyszy\u0107 b\u0119dzie trasa koncertowa, kt\u00f3ra obejmie 16 miast w Polsce.\n<br>\nBilety na tras\u0119&nbsp;dost\u0119pne na <a href=\"http:\/\/www.ebilet.pl\">www.ebilet.pl<\/a>.<\/p>\n\n\n\n<p> Singiel \u201eMotyle\u201d: <\/p>\n\n\n\n<figure class=\"wp-block-embed-youtube wp-block-embed is-type-video is-provider-youtube wp-embed-aspect-16-9 wp-has-aspect-ratio\"><div class=\"wp-block-embed__wrapper\">\n<iframe loading=\"lazy\" title=\"MIUOSH - Motyle feat. Igo\" width=\"800\" height=\"450\" src=\"https:\/\/www.youtube.com\/embed\/bF2NJirgtxk?feature=oembed\" frameborder=\"0\" allow=\"accelerometer; autoplay; clipboard-write; encrypted-media; gyroscope; picture-in-picture; web-share\" referrerpolicy=\"strict-origin-when-cross-origin\" allowfullscreen><\/iframe>\n<\/div><\/figure>\n\n\n\n<p>\nTRASA KONCERTOWA \u201ePOWROTY\u201d:<\/p>\n\n\n\n<p>\n&nbsp; \n2.02.2020 \u2013 Krak\u00f3w, Studio<\/p>\n\n\n\n<p>\n&nbsp; \n7.02.2020 \u2013 Warszawa, Progresja<\/p>\n\n\n\n<p>\n&nbsp; \n8.02.2020 \u2013 \u0141\u00f3d\u017a, Wytw\u00f3rnia<\/p>\n\n\n\n<p> 15.02.2020 \u2013 Gda\u0144sk, B90<\/p>\n\n\n\n<p><br> 16.02.2020 \u2013 Olsztyn, Centrum Edukacji i Inicjatyw Kulturalnych<\/p>\n\n\n\n<p>\n21.02.2020 \u2013 Zielona G\u00f3ra, Kawon Piwnica Artystyczna<\/p>\n\n\n\n<p> 22.02.2020 \u2013 Wroc\u0142aw, A2<\/p>\n\n\n\n<p><br> 27.02.2020 \u2013 Bydgoszcz, Filharmonia Pomorska<\/p>\n\n\n\n<p>\n&nbsp; \n7.03.2020 \u2013 Bia\u0142ystok, Zmiana Klimatu<\/p>\n\n\n\n<p>\n13.03.2020 \u2013 Rzesz\u00f3w, Pod Palm\u0105<br>\n14.03.2020 \u2013 Pozna\u0144, Tama<\/p>\n\n\n\n<p>\n15.03.2020 \u2013 Bielsko-Bia\u0142a, West<br>\n19.03.2020 \u2013 Lublin, Klub 90<\/p>\n","protected":false},"excerpt":{"rendered":"<p>W utworze \u201eMotyle\u201d, Miuosh krzy\u017cuje swoj\u0105 muzyczn\u0105 drog\u0119 z Igorem \u201eIgo\u201d Walaszkiem, kt\u00f3rego charakterystyczny g\u0142os znamy z duetu Bass Astral x Igo, czy singla \u201eSobie i Wam\u201d M\u0119skie Granie Orkiestra. Muzyk\u0119 do piosenki skomponowa\u0142 Maciej Sawoch. Klip zosta\u0142 zrealizowany na terenie czynnego Zak\u0142adu Karnego w Wojkowicach. Teledysk re\u017cyserowa\u0142a Magdalena Seweryn i Igor Po\u0142aniewicz, kt\u00f3rzy s\u0105 [&hellip;]<\/p>\n","protected":false},"author":1,"featured_media":0,"comment_status":"closed","ping_status":"open","sticky":false,"template":"","format":"standard","meta":{"jetpack_post_was_ever_published":false,"_jetpack_newsletter_access":"","_jetpack_dont_email_post_to_subs":false,"_jetpack_newsletter_tier_id":0,"_jetpack_memberships_contains_paywalled_content":false,"_jetpack_memberships_contains_paid_content":false,"footnotes":"","jetpack_publicize_message":"","jetpack_publicize_feature_enabled":true,"jetpack_social_post_already_shared":true,"jetpack_social_options":{"image_generator_settings":{"template":"highway","default_image_id":0,"enabled":false},"version":2}},"categories":[1],"tags":[],"class_list":["post-19636","post","type-post","status-publish","format-standard","hentry","category-uncategorized"],"jetpack_publicize_connections":[],"jetpack_featured_media_url":"","jetpack_sharing_enabled":true,"jetpack_shortlink":"https:\/\/wp.me\/p67auQ-56I","_links":{"self":[{"href":"http:\/\/muzykabeztajemnic.info.pl\/index.php?rest_route=\/wp\/v2\/posts\/19636","targetHints":{"allow":["GET"]}}],"collection":[{"href":"http:\/\/muzykabeztajemnic.info.pl\/index.php?rest_route=\/wp\/v2\/posts"}],"about":[{"href":"http:\/\/muzykabeztajemnic.info.pl\/index.php?rest_route=\/wp\/v2\/types\/post"}],"author":[{"embeddable":true,"href":"http:\/\/muzykabeztajemnic.info.pl\/index.php?rest_route=\/wp\/v2\/users\/1"}],"replies":[{"embeddable":true,"href":"http:\/\/muzykabeztajemnic.info.pl\/index.php?rest_route=%2Fwp%2Fv2%2Fcomments&post=19636"}],"version-history":[{"count":0,"href":"http:\/\/muzykabeztajemnic.info.pl\/index.php?rest_route=\/wp\/v2\/posts\/19636\/revisions"}],"wp:attachment":[{"href":"http:\/\/muzykabeztajemnic.info.pl\/index.php?rest_route=%2Fwp%2Fv2%2Fmedia&parent=19636"}],"wp:term":[{"taxonomy":"category","embeddable":true,"href":"http:\/\/muzykabeztajemnic.info.pl\/index.php?rest_route=%2Fwp%2Fv2%2Fcategories&post=19636"},{"taxonomy":"post_tag","embeddable":true,"href":"http:\/\/muzykabeztajemnic.info.pl\/index.php?rest_route=%2Fwp%2Fv2%2Ftags&post=19636"}],"curies":[{"name":"wp","href":"https:\/\/api.w.org\/{rel}","templated":true}]}}