{"id":19627,"date":"2020-01-23T17:20:58","date_gmt":"2020-01-23T17:20:58","guid":{"rendered":"https:\/\/muzykabeztajemnic.info.pl\/?p=19627"},"modified":"2020-01-23T17:21:03","modified_gmt":"2020-01-23T17:21:03","slug":"off-festival-katowice-2020-bilety-kolekcjonerskie-od-maca-demarco","status":"publish","type":"post","link":"http:\/\/muzykabeztajemnic.info.pl\/?p=19627","title":{"rendered":"OFF Festival Katowice 2020 Bilety kolekcjonerskie od Maca DeMarco"},"content":{"rendered":"\n<figure class=\"wp-block-image size-large\"><img loading=\"lazy\" decoding=\"async\" width=\"800\" height=\"400\" src=\"https:\/\/muzykabeztajemnic.info.pl\/wp-content\/uploads\/2020\/01\/fa4e09a4-3492-4cd2-ad16-f99f157096bf.jpg\" alt=\"\" class=\"wp-image-19628\" srcset=\"http:\/\/muzykabeztajemnic.info.pl\/wp-content\/uploads\/2020\/01\/fa4e09a4-3492-4cd2-ad16-f99f157096bf.jpg 800w, http:\/\/muzykabeztajemnic.info.pl\/wp-content\/uploads\/2020\/01\/fa4e09a4-3492-4cd2-ad16-f99f157096bf-500x250.jpg 500w, http:\/\/muzykabeztajemnic.info.pl\/wp-content\/uploads\/2020\/01\/fa4e09a4-3492-4cd2-ad16-f99f157096bf-768x384.jpg 768w\" sizes=\"auto, (max-width: 800px) 100vw, 800px\" \/><\/figure>\n\n\n\n<h3 class=\"wp-block-heading\">Mac\n DeMarco zaprojektowa\u0142 specjalny kolekcjonerski bilet na tegoroczn\u0105 \nedycj\u0119 OFF Festivalu. Karnety na katowicki festiwal z grafik\u0105 \nprzygotowan\u0105 przez kanadyjskiego muzyka b\u0119d\u0105 dost\u0119pne do 1 marca lub do \nwyczerpania puli.<\/h3>\n\n\n\n<p>\nMac DeMarco wyst\u0105pi na OFF Festivalu w potr\u00f3jnej roli. Po pierwsze w \nniedziel\u0119, 9 sierpnia, zagra koncert na Scenie Perlage. Po drugie zosta\u0142\n kuratorem Sceny Eksperymentalnej. Po trzecie wreszcie\u2026 zaprojektowa\u0142 \nkolejconerski bilet tegorocznej edycji OFF Festivalu. Pula wej\u015bci\u00f3wek na\n festiwal ozdobiona jego grafik\u0105 jest ograniczona, wi\u0119c radzimy nie \nodk\u0142ada\u0107 ich kupna na ostatni\u0105 chwil\u0119!<br><br>\nMac DeMarco to obecnie jedna z najwa\u017cniejszych postaci indie-rocka. \nSwoj\u0105 bezpretensjonalno\u015bci\u0105 Kanadyjczyk przez lata ugruntowa\u0142 sobie \nsiln\u0105 pozycj\u0119 na muzycznym rynku. W 2019 ukaza\u0142 si\u0119 jego najnowszy album\n \u201eHere Comes The Cowboy\u201d. Mac DeMarco wyre\u017cyserowa\u0142 r\u00f3wnie\u017c teledysky \nIggy\u2019ego Popa do utworu \u201eSonali\u201d.<br><br>\nNa OFF Festival Katowice 2020 zagraj\u0105 r\u00f3wnie\u017c: Iggy Pop (8 sierpnia, \nScena Perlage), Alyona Alyona, Shura, Injury Reserve, Bikini Kill, \nPiernikowski, Folamour, Lazarus i Tropical Fuck Storm.<br><br>\nOFF Festival Katowice 2020 odb\u0119dzie si\u0119 w dniach 7-9 sierpnia, \ntradycyjnie w Dolinie Trzech Staw\u00f3w. Trzydniowe karnety w cenie 319 z\u0142 \noraz trzydniowe karnety z polem namiotowym w cenie 409 z\u0142 z wyj\u0105tkow\u0105 \ngrafik\u0105 przygotowan\u0105 przez Maca DeMarco mo\u017cecie ju\u017c kupi\u0107 na: <a href=\"https:\/\/off-festival.us19.list-manage.com\/track\/click?u=dc9f4d394e584c54cc70046da&amp;id=c291a7bff3&amp;e=d1083b3b7a\">www.off-festival.pl<\/a>. Przy zakupie nale\u017cy wybra\u0107 opcj\u0119 dostarczenia \u201ebiletu kolekcjonerskiego\u201c.<br><br>\nOFF Festival Katowice od ponad dekady przyci\u0105ga na \u015al\u0105sk gwiazdy i fan\u00f3w\n muzyki z ca\u0142ego \u015bwiata. Festiwal narodzi\u0142 si\u0119 z potrzeby dzielenia si\u0119 \nmuzyk\u0105, z marze\u0144, ale i poczucia misji \u2013 by \u0142\u0105czy\u0107 przedstawicieli \nr\u00f3\u017cnych kultur, \u015brodowisk i dyscyplin artystycznych. St\u0105d obecno\u015b\u0107 w \nprogramie OFFa nie tylko muzyki, ale i sztuk wizualnych, literatury czy \nkina. Wizjonerski program i przyjazna atmosfera festiwalu doceniane s\u0105 \nzar\u00f3wno przez sta\u0142ych bywalc\u00f3w, jak i media (polecany by\u0142 m.in. przez \n\u201eGuardiana\u201d, \u201eTime\u201d i muzyczny serwis Pitchfork) czy bran\u017c\u0119 \u2013 katowicka \nimpreza jest laureatem presti\u017cowej nagrody European Festival Award dla \nnajlepszego europejskiego festiwalu \u015bredniej wielko\u015bci.<\/p>\n","protected":false},"excerpt":{"rendered":"<p>Mac DeMarco zaprojektowa\u0142 specjalny kolekcjonerski bilet na tegoroczn\u0105 edycj\u0119 OFF Festivalu. Karnety na katowicki festiwal z grafik\u0105 przygotowan\u0105 przez kanadyjskiego muzyka b\u0119d\u0105 dost\u0119pne do 1 marca lub do wyczerpania puli. Mac DeMarco wyst\u0105pi na OFF Festivalu w potr\u00f3jnej roli. Po pierwsze w niedziel\u0119, 9 sierpnia, zagra koncert na Scenie Perlage. Po drugie zosta\u0142 kuratorem Sceny [&hellip;]<\/p>\n","protected":false},"author":1,"featured_media":19628,"comment_status":"closed","ping_status":"open","sticky":false,"template":"","format":"standard","meta":{"jetpack_post_was_ever_published":false,"_jetpack_newsletter_access":"","_jetpack_dont_email_post_to_subs":false,"_jetpack_newsletter_tier_id":0,"_jetpack_memberships_contains_paywalled_content":false,"_jetpack_memberships_contains_paid_content":false,"footnotes":"","jetpack_publicize_message":"","jetpack_publicize_feature_enabled":true,"jetpack_social_post_already_shared":true,"jetpack_social_options":{"image_generator_settings":{"template":"highway","default_image_id":0,"enabled":false},"version":2}},"categories":[1],"tags":[],"class_list":["post-19627","post","type-post","status-publish","format-standard","has-post-thumbnail","hentry","category-uncategorized"],"jetpack_publicize_connections":[],"jetpack_featured_media_url":"http:\/\/muzykabeztajemnic.info.pl\/wp-content\/uploads\/2020\/01\/fa4e09a4-3492-4cd2-ad16-f99f157096bf.jpg","jetpack_sharing_enabled":true,"jetpack_shortlink":"https:\/\/wp.me\/p67auQ-56z","_links":{"self":[{"href":"http:\/\/muzykabeztajemnic.info.pl\/index.php?rest_route=\/wp\/v2\/posts\/19627","targetHints":{"allow":["GET"]}}],"collection":[{"href":"http:\/\/muzykabeztajemnic.info.pl\/index.php?rest_route=\/wp\/v2\/posts"}],"about":[{"href":"http:\/\/muzykabeztajemnic.info.pl\/index.php?rest_route=\/wp\/v2\/types\/post"}],"author":[{"embeddable":true,"href":"http:\/\/muzykabeztajemnic.info.pl\/index.php?rest_route=\/wp\/v2\/users\/1"}],"replies":[{"embeddable":true,"href":"http:\/\/muzykabeztajemnic.info.pl\/index.php?rest_route=%2Fwp%2Fv2%2Fcomments&post=19627"}],"version-history":[{"count":0,"href":"http:\/\/muzykabeztajemnic.info.pl\/index.php?rest_route=\/wp\/v2\/posts\/19627\/revisions"}],"wp:featuredmedia":[{"embeddable":true,"href":"http:\/\/muzykabeztajemnic.info.pl\/index.php?rest_route=\/wp\/v2\/media\/19628"}],"wp:attachment":[{"href":"http:\/\/muzykabeztajemnic.info.pl\/index.php?rest_route=%2Fwp%2Fv2%2Fmedia&parent=19627"}],"wp:term":[{"taxonomy":"category","embeddable":true,"href":"http:\/\/muzykabeztajemnic.info.pl\/index.php?rest_route=%2Fwp%2Fv2%2Fcategories&post=19627"},{"taxonomy":"post_tag","embeddable":true,"href":"http:\/\/muzykabeztajemnic.info.pl\/index.php?rest_route=%2Fwp%2Fv2%2Ftags&post=19627"}],"curies":[{"name":"wp","href":"https:\/\/api.w.org\/{rel}","templated":true}]}}