{"id":18851,"date":"2019-10-08T16:00:45","date_gmt":"2019-10-08T16:00:45","guid":{"rendered":"https:\/\/muzykabeztajemnic.info.pl\/?p=18851"},"modified":"2019-10-08T16:00:47","modified_gmt":"2019-10-08T16:00:47","slug":"kultowy-skandal-molesty-na-dwoch-czarnych-krazkach-znow-dostepny-w-sprzedazy","status":"publish","type":"post","link":"http:\/\/muzykabeztajemnic.info.pl\/?p=18851","title":{"rendered":"Kultowy &#8222;Skandal&#8221; Molesty na dw\u00f3ch czarnych kr\u0105\u017ckach zn\u00f3w dost\u0119pny w sprzeda\u017cy!"},"content":{"rendered":"\n<figure class=\"wp-block-image\"><img loading=\"lazy\" decoding=\"async\" width=\"700\" height=\"700\" src=\"https:\/\/muzykabeztajemnic.info.pl\/wp-content\/uploads\/2019\/10\/d9de2bff-6f74-4af8-833f-f1e8b0a00853.jpg\" alt=\"\" class=\"wp-image-18852\" srcset=\"http:\/\/muzykabeztajemnic.info.pl\/wp-content\/uploads\/2019\/10\/d9de2bff-6f74-4af8-833f-f1e8b0a00853.jpg 700w, http:\/\/muzykabeztajemnic.info.pl\/wp-content\/uploads\/2019\/10\/d9de2bff-6f74-4af8-833f-f1e8b0a00853-150x150.jpg 150w, http:\/\/muzykabeztajemnic.info.pl\/wp-content\/uploads\/2019\/10\/d9de2bff-6f74-4af8-833f-f1e8b0a00853-500x500.jpg 500w\" sizes=\"auto, (max-width: 700px) 100vw, 700px\" \/><\/figure>\n\n\n\n<p>Prekursorzy tzw. &#8222;rapu ulicznego&#8221; \u2013 <strong>MOLESTA<\/strong>.  Grupa powsta\u0142a w 1995 roku z inicjatywy raper\u00f3w Vienia i W\u0142odiego. Ich  debiut fonograficzny odby\u0142 si\u0119 w 1997 roku &#8211; po raz pierwszy mo\u017cna by\u0142o  ich us\u0142ysze\u0107 na sk\u0142adance &#8222;Smak B.E.A.T. Records&#8221; w hardcorowym kawa\u0142ku  \u2018Osiedlowe Akcje\u2019. Na tej\u017ce znajduje si\u0119 tak\u017ce solowa produkcja W\u0142odiego  \u2013 \u2018Nie dla s\u0142awy\u2019.<\/p>\n\n\n\n<p><a href=\"https:\/\/warnermusic.us11.list-manage.com\/track\/click?u=5707ca9200ef714154dda6f30&amp;id=bc7dcfbf49&amp;e=f72eb1638a\" target=\"_blank\" rel=\"noreferrer noopener\">Pos\u0142uchaj albumu<\/a><\/p>\n\n\n\n<p><br> Ich debiutancki album &#8222;Skandal&#8221; (1998) uwa\u017cany jest przez wielu za  pierwsz\u0105 polsk\u0105 produkcje hardcorow\u0105-uliczn\u0105. Wiele fragment\u00f3w tekst\u00f3w i  fragment\u00f3w utwor\u00f3w na sta\u0142e wpisa\u0142o si\u0119 w polsk\u0105 kultur\u0119 hip hop. Ju\u017c  na tej pierwszej produkcji mo\u017cna zauwa\u017cy\u0107 specyficzny styl sk\u0142adu.  Oszcz\u0119dne podk\u0142ady (wtedy jeszcze robione przez wsp\u00f3\u0142pracuj\u0105cego z  W\u0142odim i Vieniem &#8211; DJ V.O.L.T\u2019a (600V)) doskonale wsp\u00f3\u0142brzmi\u0105 z ostrymi  tekstami ch\u0142opak\u00f3w. A w tekstach przewijaj\u0105 si\u0119 przede wszystkim  fragmenty ich codziennego \u017cycia &#8211; osiedlowe problemy, imprezy, kumple,  ale tak\u017ce tematy powa\u017cniejsze &#8211; zaufanie do przyjaci\u00f3\u0142, oryginalno\u015b\u0107,  narkotyki.<br><br><strong>Album \u201eSkandal\u201d zajmuje czo\u0142owe miejsca w zestawieniach najwa\u017cniejszych p\u0142yt w historii polskiego rapu.<\/strong><\/p>\n\n\n\n<figure class=\"wp-block-embed-youtube wp-block-embed is-type-video is-provider-youtube wp-embed-aspect-4-3 wp-has-aspect-ratio\"><div class=\"wp-block-embed__wrapper\">\n<iframe loading=\"lazy\" title=\"Molesta - Wiedzialem ze tak bedzie\" width=\"800\" height=\"600\" src=\"https:\/\/www.youtube.com\/embed\/WCfAAw4-WDU?feature=oembed\" frameborder=\"0\" allow=\"accelerometer; autoplay; clipboard-write; encrypted-media; gyroscope; picture-in-picture; web-share\" referrerpolicy=\"strict-origin-when-cross-origin\" allowfullscreen><\/iframe>\n<\/div><\/figure>\n","protected":false},"excerpt":{"rendered":"<p>Prekursorzy tzw. &#8222;rapu ulicznego&#8221; \u2013 MOLESTA. Grupa powsta\u0142a w 1995 roku z inicjatywy raper\u00f3w Vienia i W\u0142odiego. Ich debiut fonograficzny odby\u0142 si\u0119 w 1997 roku &#8211; po raz pierwszy mo\u017cna by\u0142o ich us\u0142ysze\u0107 na sk\u0142adance &#8222;Smak B.E.A.T. Records&#8221; w hardcorowym kawa\u0142ku \u2018Osiedlowe Akcje\u2019. Na tej\u017ce znajduje si\u0119 tak\u017ce solowa produkcja W\u0142odiego \u2013 \u2018Nie dla s\u0142awy\u2019. [&hellip;]<\/p>\n","protected":false},"author":1,"featured_media":18852,"comment_status":"closed","ping_status":"open","sticky":false,"template":"","format":"standard","meta":{"jetpack_post_was_ever_published":false,"_jetpack_newsletter_access":"","_jetpack_dont_email_post_to_subs":false,"_jetpack_newsletter_tier_id":0,"_jetpack_memberships_contains_paywalled_content":false,"_jetpack_memberships_contains_paid_content":false,"footnotes":"","jetpack_publicize_message":"","jetpack_publicize_feature_enabled":true,"jetpack_social_post_already_shared":true,"jetpack_social_options":{"image_generator_settings":{"template":"highway","default_image_id":0,"enabled":false},"version":2}},"categories":[1],"tags":[],"class_list":["post-18851","post","type-post","status-publish","format-standard","has-post-thumbnail","hentry","category-uncategorized"],"jetpack_publicize_connections":[],"jetpack_featured_media_url":"http:\/\/muzykabeztajemnic.info.pl\/wp-content\/uploads\/2019\/10\/d9de2bff-6f74-4af8-833f-f1e8b0a00853.jpg","jetpack_sharing_enabled":true,"jetpack_shortlink":"https:\/\/wp.me\/p67auQ-4U3","_links":{"self":[{"href":"http:\/\/muzykabeztajemnic.info.pl\/index.php?rest_route=\/wp\/v2\/posts\/18851","targetHints":{"allow":["GET"]}}],"collection":[{"href":"http:\/\/muzykabeztajemnic.info.pl\/index.php?rest_route=\/wp\/v2\/posts"}],"about":[{"href":"http:\/\/muzykabeztajemnic.info.pl\/index.php?rest_route=\/wp\/v2\/types\/post"}],"author":[{"embeddable":true,"href":"http:\/\/muzykabeztajemnic.info.pl\/index.php?rest_route=\/wp\/v2\/users\/1"}],"replies":[{"embeddable":true,"href":"http:\/\/muzykabeztajemnic.info.pl\/index.php?rest_route=%2Fwp%2Fv2%2Fcomments&post=18851"}],"version-history":[{"count":0,"href":"http:\/\/muzykabeztajemnic.info.pl\/index.php?rest_route=\/wp\/v2\/posts\/18851\/revisions"}],"wp:featuredmedia":[{"embeddable":true,"href":"http:\/\/muzykabeztajemnic.info.pl\/index.php?rest_route=\/wp\/v2\/media\/18852"}],"wp:attachment":[{"href":"http:\/\/muzykabeztajemnic.info.pl\/index.php?rest_route=%2Fwp%2Fv2%2Fmedia&parent=18851"}],"wp:term":[{"taxonomy":"category","embeddable":true,"href":"http:\/\/muzykabeztajemnic.info.pl\/index.php?rest_route=%2Fwp%2Fv2%2Fcategories&post=18851"},{"taxonomy":"post_tag","embeddable":true,"href":"http:\/\/muzykabeztajemnic.info.pl\/index.php?rest_route=%2Fwp%2Fv2%2Ftags&post=18851"}],"curies":[{"name":"wp","href":"https:\/\/api.w.org\/{rel}","templated":true}]}}