{"id":18816,"date":"2019-10-02T09:28:44","date_gmt":"2019-10-02T09:28:44","guid":{"rendered":"https:\/\/muzykabeztajemnic.info.pl\/?p=18816"},"modified":"2019-10-02T09:28:45","modified_gmt":"2019-10-02T09:28:45","slug":"bluesowa-samba-podczas-10-imielin-blues-festival","status":"publish","type":"post","link":"http:\/\/muzykabeztajemnic.info.pl\/?p=18816","title":{"rendered":"Bluesowa samba podczas 10. Imielin Blues Festival"},"content":{"rendered":"\n<figure class=\"wp-block-image\"><img loading=\"lazy\" decoding=\"async\" width=\"400\" height=\"400\" src=\"https:\/\/muzykabeztajemnic.info.pl\/wp-content\/uploads\/2019\/10\/2ff433a0-ea01-447e-a8d3-b13f04feece3.png\" alt=\"\" class=\"wp-image-18817\" srcset=\"http:\/\/muzykabeztajemnic.info.pl\/wp-content\/uploads\/2019\/10\/2ff433a0-ea01-447e-a8d3-b13f04feece3.png 400w, http:\/\/muzykabeztajemnic.info.pl\/wp-content\/uploads\/2019\/10\/2ff433a0-ea01-447e-a8d3-b13f04feece3-150x150.png 150w\" sizes=\"auto, (max-width: 400px) 100vw, 400px\" \/><\/figure>\n\n\n\n<p><strong>Z czym kojarzy si\u0119 nam Brazylia? \nKarnawa\u0142 w Rio, samba, reprezentacja pi\u0142karska, kawa&#8230; W listopadzie \nb\u0119dzie natomiast okazja do poznania reprezentanta brazylijskiej sceny \nbluesowej. Gitarzysta i wokalista Big Gilson b\u0119dzie gwiazd\u0105 dziesi\u0105tej \nedycji Imielin Blues Festival. Artysta wyst\u0105pi 23 listopada na scenie DK\n \u201eSokolnia\u201d.&nbsp;<\/strong><br><br>\nJubileuszowy Imielin Blues Festival potrwa dwa dni. Na sobot\u0119 \nzaplanowano: konkursowe przes\u0142uchania, koncert laureat\u00f3w konkursu oraz \nwyst\u0119py bluesrockowego zespo\u0142u Old Wave i wspomnianego wy\u017cej Big Gilsona\n z zespo\u0142em. &nbsp;<br><br>\nW muzyce Gilsona blues miesza si\u0119 z tradycyjnymi brazylijskimi i \nkaraibskimi d\u017awi\u0119kami. Artysta od trzech dekad z powodzeniem koncertuje \nregularnie w USA, Kanadzie, Ameryce Po\u0142udniowej i Europie. W swym \nrodzinnym kraju nagra\u0142 ponad pi\u0119tna\u015bcie p\u0142yt.<br><br>\nDrugiego dnia festiwalu na scenie \u201eSokolni\u201d wyst\u0105pi\u0105 natomiast: Limit i \nPrzyjaciele (w przesz\u0142o\u015bci pod tym szyldem wyst\u0119powali z zespo\u0142em mi\u0119dzy\n innymi tacy arty\u015bci jak: Thijs Van Leer, Martin Turner, Nick Simper, \nJerzy Styczy\u0144ski, Dariusz Kozakiewicz, Ryszard Sygitowicz, i Wojciech \nHoffmann) oraz Darek \u0141ach Band.<br><br>\nDo 10 listopada, organizatorzy festiwalu czekaj\u0105 na zg\u0142oszenia wykonawc\u00f3w, kt\u00f3rzy chcieliby spr\u00f3bowa\u0107 swoich si\u0142 w konkursie. &#8211; <em>Dla\n najlepszych przewidziano atrakcyjne nagrody pieni\u0119\u017cne, pami\u0105tkowe \nstatuetki oraz wyst\u0119p podczas g\u0142\u00f3wnego koncertu imprezy. Jak co roku, \npodstawowym warunkiem uczestnictwa w konkursie jest wys\u0142anie zg\u0142oszenia \nwraz z dwoma nagranymi utworami, kt\u00f3re b\u0119d\u0105 materia\u0142em dla komisji \nkwalifikacyjnej. W konkursie mog\u0105 wzi\u0105\u0107 udzia\u0142 tylko zespo\u0142y \nnieprofesjonalne, czyli takie, kt\u00f3re nie maj\u0105 podpisanego kontraktu z \n\u017cadnym impresariatem i wytw\u00f3rni\u0105 p\u0142ytow\u0105. Zapraszam utalentowanych \nartyst\u00f3w, graj\u0105cych szeroko rozumianego bluesa do spr\u00f3bowania si\u0142 na \nfestiwalu <\/em>\u2013 m\u00f3wi Grzegorz Kapo\u0142ka, dyrektor IBF oraz przewodnicz\u0105cy konkursowego jury.<br><br>\nMateria\u0142y mo\u017cna przesy\u0142a\u0107 zar\u00f3wno poczt\u0105 tradycyjn\u0105 (na adres: DK \nSokolnia, 41-407 Imielin, ul. Imieli\u0144ska 29 z dopiskiem \u201eBlues \nFestival&#8221;), jak i elektroniczn\u0105 (mail: sokolnia@imielin.pl).&nbsp;<\/p>\n","protected":false},"excerpt":{"rendered":"<p>Z czym kojarzy si\u0119 nam Brazylia? Karnawa\u0142 w Rio, samba, reprezentacja pi\u0142karska, kawa&#8230; W listopadzie b\u0119dzie natomiast okazja do poznania reprezentanta brazylijskiej sceny bluesowej. Gitarzysta i wokalista Big Gilson b\u0119dzie gwiazd\u0105 dziesi\u0105tej edycji Imielin Blues Festival. Artysta wyst\u0105pi 23 listopada na scenie DK \u201eSokolnia\u201d.&nbsp; Jubileuszowy Imielin Blues Festival potrwa dwa dni. Na sobot\u0119 zaplanowano: konkursowe [&hellip;]<\/p>\n","protected":false},"author":1,"featured_media":18817,"comment_status":"closed","ping_status":"open","sticky":false,"template":"","format":"standard","meta":{"jetpack_post_was_ever_published":false,"_jetpack_newsletter_access":"","_jetpack_dont_email_post_to_subs":false,"_jetpack_newsletter_tier_id":0,"_jetpack_memberships_contains_paywalled_content":false,"_jetpack_memberships_contains_paid_content":false,"footnotes":"","jetpack_publicize_message":"","jetpack_publicize_feature_enabled":true,"jetpack_social_post_already_shared":true,"jetpack_social_options":{"image_generator_settings":{"template":"highway","default_image_id":0,"enabled":false},"version":2}},"categories":[1],"tags":[],"class_list":["post-18816","post","type-post","status-publish","format-standard","has-post-thumbnail","hentry","category-uncategorized"],"jetpack_publicize_connections":[],"jetpack_featured_media_url":"http:\/\/muzykabeztajemnic.info.pl\/wp-content\/uploads\/2019\/10\/2ff433a0-ea01-447e-a8d3-b13f04feece3.png","jetpack_sharing_enabled":true,"jetpack_shortlink":"https:\/\/wp.me\/p67auQ-4Tu","_links":{"self":[{"href":"http:\/\/muzykabeztajemnic.info.pl\/index.php?rest_route=\/wp\/v2\/posts\/18816","targetHints":{"allow":["GET"]}}],"collection":[{"href":"http:\/\/muzykabeztajemnic.info.pl\/index.php?rest_route=\/wp\/v2\/posts"}],"about":[{"href":"http:\/\/muzykabeztajemnic.info.pl\/index.php?rest_route=\/wp\/v2\/types\/post"}],"author":[{"embeddable":true,"href":"http:\/\/muzykabeztajemnic.info.pl\/index.php?rest_route=\/wp\/v2\/users\/1"}],"replies":[{"embeddable":true,"href":"http:\/\/muzykabeztajemnic.info.pl\/index.php?rest_route=%2Fwp%2Fv2%2Fcomments&post=18816"}],"version-history":[{"count":0,"href":"http:\/\/muzykabeztajemnic.info.pl\/index.php?rest_route=\/wp\/v2\/posts\/18816\/revisions"}],"wp:featuredmedia":[{"embeddable":true,"href":"http:\/\/muzykabeztajemnic.info.pl\/index.php?rest_route=\/wp\/v2\/media\/18817"}],"wp:attachment":[{"href":"http:\/\/muzykabeztajemnic.info.pl\/index.php?rest_route=%2Fwp%2Fv2%2Fmedia&parent=18816"}],"wp:term":[{"taxonomy":"category","embeddable":true,"href":"http:\/\/muzykabeztajemnic.info.pl\/index.php?rest_route=%2Fwp%2Fv2%2Fcategories&post=18816"},{"taxonomy":"post_tag","embeddable":true,"href":"http:\/\/muzykabeztajemnic.info.pl\/index.php?rest_route=%2Fwp%2Fv2%2Ftags&post=18816"}],"curies":[{"name":"wp","href":"https:\/\/api.w.org\/{rel}","templated":true}]}}