{"id":1789,"date":"2015-09-18T20:43:46","date_gmt":"2015-09-18T20:43:46","guid":{"rendered":"http:\/\/muzykabeztajemnic.info.pl\/?p=1789"},"modified":"2015-09-18T20:43:46","modified_gmt":"2015-09-18T20:43:46","slug":"marcelina-prezentuje-nowy-singiel-nie-moge-zasnac-premiera-albumu-juz-9-pazdziernika","status":"publish","type":"post","link":"http:\/\/muzykabeztajemnic.info.pl\/?p=1789","title":{"rendered":"Marcelina prezentuje nowy singiel -Nie mog\u0119 zasn\u0105\u0107- premiera albumu ju\u017c 9 pa\u017adziernika."},"content":{"rendered":"<table width=\"744\">\n<tbody>\n<tr>\n<td colspan=\"2\" width=\"744\"><\/td>\n<\/tr>\n<tr>\n<td colspan=\"2\" width=\"744\"><strong><a href=\"http:\/\/muzykabeztajemnic.info.pl\/wp-content\/uploads\/2015\/09\/okladka_mala.jpg\"><img loading=\"lazy\" decoding=\"async\" class=\"alignnone size-large wp-image-1790\" src=\"http:\/\/muzykabeztajemnic.info.pl\/wp-content\/uploads\/2015\/09\/okladka_mala-600x600.jpg\" alt=\"okladka_mala\" width=\"600\" height=\"600\" srcset=\"http:\/\/muzykabeztajemnic.info.pl\/wp-content\/uploads\/2015\/09\/okladka_mala-600x600.jpg 600w, http:\/\/muzykabeztajemnic.info.pl\/wp-content\/uploads\/2015\/09\/okladka_mala-150x150.jpg 150w, http:\/\/muzykabeztajemnic.info.pl\/wp-content\/uploads\/2015\/09\/okladka_mala-300x300.jpg 300w, http:\/\/muzykabeztajemnic.info.pl\/wp-content\/uploads\/2015\/09\/okladka_mala.jpg 958w\" sizes=\"auto, (max-width: 600px) 100vw, 600px\" \/><\/a><\/strong><\/p>\n<p><strong>&#8222;Nie mog\u0119 zasn\u0105\u0107&#8221;<\/strong>\u00a0to piosenka o bezsennych nocach, kiedy nie wiesz czy ju\u017c \u015bpisz czy jeszcze nie, bo ci\u0105gle co\u015b ci\u0119 wybudza, a zarazem przed oczami ma si\u0119 te dziwne, niepo\u0142\u0105czone ze sob\u0105 historie i obrazy jak z Hitchcock&#8217;a. Muzyka te\u017c jest troch\u0119 ci\u0119\u017csza, st\u0105d taka inspiracja.<\/p>\n<p>Brudne brzmienia gitar przemyca Robert Cichy &#8211; producent p\u0142yty. Klimat utworu zbli\u017cony jest do tego, czego mo\u017cna spodziewa\u0107 si\u0119 na koncertach.<\/p>\n<p>&nbsp;<\/p>\n<p><iframe loading=\"lazy\" title=\"Marcelina - Nie mog\u0119 zasn\u0105\u0107 [Official audio]\" width=\"800\" height=\"450\" src=\"https:\/\/www.youtube.com\/embed\/L2omlJVxCGw?feature=oembed\" frameborder=\"0\" allow=\"accelerometer; autoplay; clipboard-write; encrypted-media; gyroscope; picture-in-picture; web-share\" referrerpolicy=\"strict-origin-when-cross-origin\" allowfullscreen><\/iframe><\/p>\n<p>&nbsp;<\/td>\n<\/tr>\n<tr>\n<td colspan=\"2\" width=\"744\">To ju\u017c moja trzecia p\u0142yta, jestem, wi\u0119c troch\u0119 zestresowana, ale te\u017c podekscytowana, bo zdecydowanie weny i pomys\u0142\u00f3w nie brakuje. Mam bardzo dobry czas tw\u00f3rczy, mn\u00f3stwo pomys\u0142\u00f3w, kt\u00f3re w po\u0142\u0105czeniu ze zdobytym podczas ostatnich lat do\u015bwiadczeniem w studiu jak i na scenie, znajd\u0105 swoje uj\u015bcie w\u0142a\u015bnie w tym kr\u0105\u017cku. Uwa\u017cam, \u017ce ta p\u0142yta to m\u00f3j du\u017cy artystyczny krok w prz\u00f3d.<\/p>\n<p>Nad kompozycjami i aran\u017cacjami pracuj\u0119 wsp\u00f3lnie z Robertem Cichym, kt\u00f3ry jest producentem albumu.<\/p>\n<p>&nbsp;<\/p>\n<p>Nagrania realizujemy g\u0142\u00f3wnie w studiu Jana Komara na warszawskiej Pradze, wi\u0119c jest to ostatnio m\u00f3j drugi dom, w kt\u00f3rym dobrze si\u0119 czuj\u0119, a moja p\u0142yta nabiera tam odpowiedniego klimatu.<\/p>\n<p>Ciesz\u0119 si\u0119, \u017ce wszyscy muzycy, z kt\u00f3rymi, na co dzie\u0144 koncertuj\u0119 przyczynili si\u0119 do powstania albumu; Robert Cichy opr\u00f3cz wsp\u00f3lnych ze mn\u0105 kompozycji i czuwania nad produkcj\u0105 wprowadzi\u0142 rewelacyjne gitarowe brzmienie, Jacek Szafraniec bas, a Marcin U\u0142anowski nagra\u0142 perkusj\u0119. Na p\u0142ycie pojawi\u0142y si\u0119 te\u017c go\u015bcinnie skrzypce, a jeden z tekst\u00f3w powsta\u0142 wsp\u00f3lnie z Budyniem z zespo\u0142u Pogodno:) P\u0142yta, kt\u00f3rej nada\u0142am tytu\u0142<strong>&#8222;GONI\u0106 BURZ\u0118&#8221;<\/strong>\u00a0dok\u0142adnie odzwierciedla m\u00f3j stan ducha, osobowo\u015bci czy te\u017c muzycznej drogi, kt\u00f3r\u0105 w\u0142a\u015bnie zmierzam.<\/p>\n<p>Te na poz\u00f3r proste dwa s\u0142owa zawieraj\u0105 wiele znacze\u0144, kt\u00f3rymi podziel\u0119 si\u0119 ju\u017c jesieni\u0105..&#8221; Marcelina<\/p>\n<p>&nbsp;<\/p>\n<p>&nbsp;<\/td>\n<\/tr>\n<tr>\n<td colspan=\"2\" width=\"744\">Koncerty:<\/p>\n<p>17.10 &#8211; Elbl\u0105g &#8211; Mjazzga<\/p>\n<p>18.10 &#8211; Olsztyn &#8211; Nowy Andergrant<\/p>\n<p>23.10 &#8211; Warszawa &#8211; Hybrydy<\/p>\n<p>24.10 &#8211; \u0141\u00f3d\u017a &#8211; Scenografia<\/p>\n<p>30.10 &#8211; Racib\u00f3rz &#8211; Przystanek Kulturalny Koniec \u015awiata<\/p>\n<p>31.10 &#8211; Kielce &#8211; klub Gin-Ger<\/p>\n<p><a href=\"https:\/\/www.facebook.com\/MarcelinaOfficial?fref=ts\">Marcelina na Fcebooku<\/a><\/p>\n<p><a href=\"https:\/\/www.facebook.com\/WarnerMusicPL?fref=ts\">Warner Music Poland<\/a><\/td>\n<\/tr>\n<\/tbody>\n<\/table>\n","protected":false},"excerpt":{"rendered":"<p>&#8222;Nie mog\u0119 zasn\u0105\u0107&#8221;\u00a0to piosenka o bezsennych nocach, kiedy nie wiesz czy ju\u017c \u015bpisz czy jeszcze nie, bo ci\u0105gle co\u015b ci\u0119 wybudza, a zarazem przed oczami ma si\u0119 te dziwne, niepo\u0142\u0105czone ze sob\u0105 historie i obrazy jak z Hitchcock&#8217;a. Muzyka te\u017c jest troch\u0119 ci\u0119\u017csza, st\u0105d taka inspiracja. Brudne brzmienia gitar przemyca Robert Cichy &#8211; producent p\u0142yty. [&hellip;]<\/p>\n","protected":false},"author":1,"featured_media":1790,"comment_status":"closed","ping_status":"open","sticky":false,"template":"","format":"standard","meta":{"jetpack_post_was_ever_published":false,"_jetpack_newsletter_access":"","_jetpack_dont_email_post_to_subs":false,"_jetpack_newsletter_tier_id":0,"_jetpack_memberships_contains_paywalled_content":false,"_jetpack_memberships_contains_paid_content":false,"footnotes":"","jetpack_publicize_message":"","jetpack_publicize_feature_enabled":true,"jetpack_social_post_already_shared":true,"jetpack_social_options":{"image_generator_settings":{"template":"highway","default_image_id":0,"enabled":false},"version":2}},"categories":[2],"tags":[],"class_list":["post-1789","post","type-post","status-publish","format-standard","has-post-thumbnail","hentry","category-albumy"],"jetpack_publicize_connections":[],"jetpack_featured_media_url":"http:\/\/muzykabeztajemnic.info.pl\/wp-content\/uploads\/2015\/09\/okladka_mala.jpg","jetpack_sharing_enabled":true,"jetpack_shortlink":"https:\/\/wp.me\/p67auQ-sR","_links":{"self":[{"href":"http:\/\/muzykabeztajemnic.info.pl\/index.php?rest_route=\/wp\/v2\/posts\/1789","targetHints":{"allow":["GET"]}}],"collection":[{"href":"http:\/\/muzykabeztajemnic.info.pl\/index.php?rest_route=\/wp\/v2\/posts"}],"about":[{"href":"http:\/\/muzykabeztajemnic.info.pl\/index.php?rest_route=\/wp\/v2\/types\/post"}],"author":[{"embeddable":true,"href":"http:\/\/muzykabeztajemnic.info.pl\/index.php?rest_route=\/wp\/v2\/users\/1"}],"replies":[{"embeddable":true,"href":"http:\/\/muzykabeztajemnic.info.pl\/index.php?rest_route=%2Fwp%2Fv2%2Fcomments&post=1789"}],"version-history":[{"count":0,"href":"http:\/\/muzykabeztajemnic.info.pl\/index.php?rest_route=\/wp\/v2\/posts\/1789\/revisions"}],"wp:featuredmedia":[{"embeddable":true,"href":"http:\/\/muzykabeztajemnic.info.pl\/index.php?rest_route=\/wp\/v2\/media\/1790"}],"wp:attachment":[{"href":"http:\/\/muzykabeztajemnic.info.pl\/index.php?rest_route=%2Fwp%2Fv2%2Fmedia&parent=1789"}],"wp:term":[{"taxonomy":"category","embeddable":true,"href":"http:\/\/muzykabeztajemnic.info.pl\/index.php?rest_route=%2Fwp%2Fv2%2Fcategories&post=1789"},{"taxonomy":"post_tag","embeddable":true,"href":"http:\/\/muzykabeztajemnic.info.pl\/index.php?rest_route=%2Fwp%2Fv2%2Ftags&post=1789"}],"curies":[{"name":"wp","href":"https:\/\/api.w.org\/{rel}","templated":true}]}}