{"id":17426,"date":"2019-07-21T12:41:16","date_gmt":"2019-07-21T12:41:16","guid":{"rendered":"https:\/\/muzykabeztajemnic.info.pl\/?p=17426"},"modified":"2019-07-21T12:41:23","modified_gmt":"2019-07-21T12:41:23","slug":"dzis-premiera-nowego-albumu-sabaton","status":"publish","type":"post","link":"http:\/\/muzykabeztajemnic.info.pl\/?p=17426","title":{"rendered":"DZI\u015a PREMIERA NOWEGO ALBUMU SABATON!"},"content":{"rendered":"\n<figure class=\"wp-block-image is-resized\"><img loading=\"lazy\" decoding=\"async\" src=\"https:\/\/muzykabeztajemnic.info.pl\/wp-content\/uploads\/2019\/07\/image002-3.jpg\" alt=\"\" class=\"wp-image-17427\" width=\"607\" height=\"607\" srcset=\"http:\/\/muzykabeztajemnic.info.pl\/wp-content\/uploads\/2019\/07\/image002-3.jpg 453w, http:\/\/muzykabeztajemnic.info.pl\/wp-content\/uploads\/2019\/07\/image002-3-150x150.jpg 150w\" sizes=\"auto, (max-width: 607px) 100vw, 607px\" \/><\/figure>\n\n\n\n<p>W dniu dzisiejszym \nma miejsce premiera nowego albumu Sabaton, kt\u00f3rzy byli gwiazd\u0105 \ntegorocznej edycji Mystic Festival. Album nazywa si\u0119 \u201eThe Great War\u201d, a z\n okazji jego wydania zesp\u00f3\u0142 opublikuje w najbli\u017csz\u0105 sobot\u0119 o godzinie \n20-tej klip do utworu \u201e82nd All The Way\u201d. Klip b\u0119dzie mo\u017cna zobaczy\u0107 \ntutaj: <\/p>\n\n\n\n<figure class=\"wp-block-embed-youtube wp-block-embed is-type-video is-provider-youtube wp-embed-aspect-16-9 wp-has-aspect-ratio\"><div class=\"wp-block-embed__wrapper\">\n<iframe loading=\"lazy\" title=\"SABATON - 82nd All The Way (Official Lyric Video)\" width=\"800\" height=\"450\" src=\"https:\/\/www.youtube.com\/embed\/0LS0Z8fgiII?feature=oembed\" frameborder=\"0\" allow=\"accelerometer; autoplay; clipboard-write; encrypted-media; gyroscope; picture-in-picture; web-share\" referrerpolicy=\"strict-origin-when-cross-origin\" allowfullscreen><\/iframe>\n<\/div><\/figure>\n\n\n\n<p>Album by\u0142 promowany trzema utworami:<\/p>\n\n\n\n<p>\u201eGreat War\u201d:<\/p>\n\n\n\n<figure class=\"wp-block-embed-youtube wp-block-embed is-type-video is-provider-youtube wp-embed-aspect-16-9 wp-has-aspect-ratio\"><div class=\"wp-block-embed__wrapper\">\n<iframe loading=\"lazy\" title=\"SABATON - Great War (Official Music Video)\" width=\"800\" height=\"450\" src=\"https:\/\/www.youtube.com\/embed\/HkbG39-T4H0?feature=oembed\" frameborder=\"0\" allow=\"accelerometer; autoplay; clipboard-write; encrypted-media; gyroscope; picture-in-picture; web-share\" referrerpolicy=\"strict-origin-when-cross-origin\" allowfullscreen><\/iframe>\n<\/div><\/figure>\n\n\n\n<p>\u201eThe Red Baron\u201d:<\/p>\n\n\n\n<figure class=\"wp-block-embed-youtube wp-block-embed is-type-video is-provider-youtube wp-embed-aspect-16-9 wp-has-aspect-ratio\"><div class=\"wp-block-embed__wrapper\">\n<iframe loading=\"lazy\" title=\"SABATON - The Red Baron (Official Lyric Video)\" width=\"800\" height=\"450\" src=\"https:\/\/www.youtube.com\/embed\/3PXzgXBRM_k?feature=oembed\" frameborder=\"0\" allow=\"accelerometer; autoplay; clipboard-write; encrypted-media; gyroscope; picture-in-picture; web-share\" referrerpolicy=\"strict-origin-when-cross-origin\" allowfullscreen><\/iframe>\n<\/div><\/figure>\n\n\n\n<p>oraz \u201eFields Of Verdun\u201d:<\/p>\n\n\n\n<figure class=\"wp-block-embed-youtube wp-block-embed is-type-video is-provider-youtube wp-embed-aspect-16-9 wp-has-aspect-ratio\"><div class=\"wp-block-embed__wrapper\">\n<iframe loading=\"lazy\" title=\"SABATON - Fields of Verdun (Official Music Video)\" width=\"800\" height=\"450\" src=\"https:\/\/www.youtube.com\/embed\/xP8G-LwWNn0?feature=oembed\" frameborder=\"0\" allow=\"accelerometer; autoplay; clipboard-write; encrypted-media; gyroscope; picture-in-picture; web-share\" referrerpolicy=\"strict-origin-when-cross-origin\" allowfullscreen><\/iframe>\n<\/div><\/figure>\n\n\n\n<p>Album \u201eThe Great War\u201d jest do nabycia pod poni\u017cszym linkiem: <\/p>\n\n\n\n<p><a href=\"http:\/\/bit.ly\/SabatonGWar\">http:\/\/bit.ly\/SabatonGWar<\/a><\/p>\n\n\n\n<p>Niedawno\n zesp\u00f3\u0142 og\u0142osi\u0142 now\u0105 europejsk\u0105 tras\u0119 koncertow\u0105 w towarzystwie \nApocalyptica i Amaranthe. 24 stycznia 2020 Sabaton ponownie zago\u015bci w \nnaszym kraju. Oto szczeg\u00f3\u0142y trasy: <\/p>\n\n\n\n<p><strong>SABATON <\/strong>&#8211; <strong>\u00bbThe Great Tour\u00ab &#8211; Europe 2020<\/strong><br><strong>+ APOCALYPTICA<\/strong> &amp; <strong>AMARANTHE <\/strong><br><br>17.01. CH&nbsp; Z\u00fcrich &#8211; Hallenstadion<br>18.01. D&nbsp;&nbsp;&nbsp; Stuttgart &#8211; Schleyer-Halle<br>19.01. D&nbsp;&nbsp;&nbsp; Munich &#8211; Olympiahalle<br>21.01. A&nbsp;&nbsp;&nbsp; Vienna &#8211; Gasometer<br>22.01. H&nbsp;&nbsp;&nbsp; Budapest &#8211; Arena<br>24.01. PL&nbsp;&nbsp; Warsaw &#8211; Arena COS Torwar<br>25.01. D&nbsp;&nbsp;&nbsp; Berlin &#8211; Max-Schmeling-Halle<br>26.01. CZ&nbsp;&nbsp; Prague- O2 Arena<br>28.01. I&nbsp;&nbsp;&nbsp;&nbsp; Milan &#8211; Alcatraz<br>31.01. D&nbsp;&nbsp;&nbsp; Frankfurt &#8211; Festhalle<br>01.02. D&nbsp;&nbsp;&nbsp; Oberhausen &#8211; K\u00f6nig-Pilsener-ARENA<br>02.02. B&nbsp;&nbsp;&nbsp;&nbsp; Antwerp &#8211; Lotto Arena<br>04.02. E&nbsp;&nbsp;&nbsp;&nbsp; Barcelona &#8211; Palau Sant Jordi<br>05.02. E&nbsp;&nbsp;&nbsp;&nbsp; Madrid &#8211; Vistalegre<br>07.02. F&nbsp;&nbsp;&nbsp;&nbsp; Paris &#8211; Z\u00e9nith<br>08.02. UK&nbsp;&nbsp; London &#8211; Wembley Arena<br>09.02. NL&nbsp;&nbsp;&nbsp; Amsterdam &#8211; AFAS Live<br>11.02. D&nbsp;&nbsp;&nbsp;&nbsp; Hamburg &#8211; Sporthalle<br>12.02. DK&nbsp;&nbsp; Copenhagen &#8211; Forum Black Box<br>14.02. S&nbsp;&nbsp;&nbsp;&nbsp; Gothenburg &#8211; Scandinavium<br>15.02. S&nbsp;&nbsp;&nbsp;&nbsp; Stockholm &#8211; Hovet<br>16.02. N&nbsp;&nbsp;&nbsp;&nbsp; Oslo &#8211; Spektrum<\/p>\n\n\n\n<p>Dziewi\u0105ty album Sabaton ukazuje\n si\u0119 tu\u017c przed dwudziest\u0105 rocznic\u0105 powstania zespo\u0142u i jest to koncept \nalbum po\u015bwi\u0119cony pierwszej wojnie \u015bwiatowej. Zesp\u00f3\u0142 rozpocz\u0105\u0142 prace nad \np\u0142yt\u0105 dok\u0142adnie 100 lat po zako\u0144czeniu tego konfliktu zbrojnego. \nNagrania trwa\u0142y trzy miesi\u0105ce, a produkcj\u0105 zaj\u0105\u0142 si\u0119 d\u0142ugoletni \nproducent i przyjaciel zespo\u0142u, Jonas Kjellgren (w studio Black \nLoungue). Mastering powierzono Maorowi Appelbaumowi, a ok\u0142adk\u0119 po raz \nkolejny stworzy\u0142 Peter Salla\u00ed.<\/p>\n\n\n\n<p>Zesp\u00f3\u0142 komentuje pomys\u0142 konceptu &#8222;The Great War&#8221;:<\/p>\n\n\n\n<p><strong><em>\u201eNie po raz pierwszy tworzymy utwory osadzone w realiach pierwszej wojny \u015bwiatowej, ale teraz czuli\u015bmy, \u017ce nadszed\u0142 czas, a\u017ceby stworzy\u0107 album koncepcyjny na ten temat\u201d.<\/em><\/strong><\/p>\n\n\n\n<p>Opr\u00f3cz\n nowej p\u0142yty Szwedzi postanowili uczci\u0107 dwudziestolecie dzia\u0142alno\u015bci \nzainaugurowaniem Sabaton History Channel. To wyj\u0105tkowa wsp\u00f3\u0142praca \npomi\u0119dzy samym zespo\u0142em i historykami Indy Neidell i Timeghostem, kt\u00f3rzy\n w interesuj\u0105cy spos\u00f3b opowiadaj\u0105 historie o wojnach, bitwach i \nbohaterach utwor\u00f3w Sabaton.<\/p>\n\n\n\n<figure class=\"wp-block-embed\"><div class=\"wp-block-embed__wrapper\">\nhttps:\/\/www.youtube.com\/channel\/UCaG4CBbZih6nLzD08bTBGfw\n<\/div><\/figure>\n\n\n\n<p>Tracklista albumu \u201eThe Great War\u201d:<\/p>\n\n\n\n<ol class=\"wp-block-list\"><li>The Future Of Warfare<\/li><li>Seven Pillars Of Wisdom<\/li><li>82nd All The Way<\/li><li>The Attack Of The Dead Men<\/li><li>Devil Dogs<\/li><li>The Red Baron<\/li><li>Great War<\/li><li>A Ghost In The Trenches<\/li><li>Fields Of Verdun<\/li><li>The End Of The War To End All Wars<\/li><li>In Flanders Fields<\/li><\/ol>\n","protected":false},"excerpt":{"rendered":"<p>W dniu dzisiejszym ma miejsce premiera nowego albumu Sabaton, kt\u00f3rzy byli gwiazd\u0105 tegorocznej edycji Mystic Festival. Album nazywa si\u0119 \u201eThe Great War\u201d, a z okazji jego wydania zesp\u00f3\u0142 opublikuje w najbli\u017csz\u0105 sobot\u0119 o godzinie 20-tej klip do utworu \u201e82nd All The Way\u201d. Klip b\u0119dzie mo\u017cna zobaczy\u0107 tutaj: Album by\u0142 promowany trzema utworami: \u201eGreat War\u201d: \u201eThe [&hellip;]<\/p>\n","protected":false},"author":1,"featured_media":17427,"comment_status":"closed","ping_status":"open","sticky":false,"template":"","format":"standard","meta":{"jetpack_post_was_ever_published":false,"_jetpack_newsletter_access":"","_jetpack_dont_email_post_to_subs":false,"_jetpack_newsletter_tier_id":0,"_jetpack_memberships_contains_paywalled_content":false,"_jetpack_memberships_contains_paid_content":false,"footnotes":"","jetpack_publicize_message":"","jetpack_publicize_feature_enabled":true,"jetpack_social_post_already_shared":true,"jetpack_social_options":{"image_generator_settings":{"template":"highway","default_image_id":0,"enabled":false},"version":2}},"categories":[2],"tags":[],"class_list":["post-17426","post","type-post","status-publish","format-standard","has-post-thumbnail","hentry","category-albumy"],"jetpack_publicize_connections":[],"jetpack_featured_media_url":"http:\/\/muzykabeztajemnic.info.pl\/wp-content\/uploads\/2019\/07\/image002-3.jpg","jetpack_sharing_enabled":true,"jetpack_shortlink":"https:\/\/wp.me\/p67auQ-4x4","_links":{"self":[{"href":"http:\/\/muzykabeztajemnic.info.pl\/index.php?rest_route=\/wp\/v2\/posts\/17426","targetHints":{"allow":["GET"]}}],"collection":[{"href":"http:\/\/muzykabeztajemnic.info.pl\/index.php?rest_route=\/wp\/v2\/posts"}],"about":[{"href":"http:\/\/muzykabeztajemnic.info.pl\/index.php?rest_route=\/wp\/v2\/types\/post"}],"author":[{"embeddable":true,"href":"http:\/\/muzykabeztajemnic.info.pl\/index.php?rest_route=\/wp\/v2\/users\/1"}],"replies":[{"embeddable":true,"href":"http:\/\/muzykabeztajemnic.info.pl\/index.php?rest_route=%2Fwp%2Fv2%2Fcomments&post=17426"}],"version-history":[{"count":0,"href":"http:\/\/muzykabeztajemnic.info.pl\/index.php?rest_route=\/wp\/v2\/posts\/17426\/revisions"}],"wp:featuredmedia":[{"embeddable":true,"href":"http:\/\/muzykabeztajemnic.info.pl\/index.php?rest_route=\/wp\/v2\/media\/17427"}],"wp:attachment":[{"href":"http:\/\/muzykabeztajemnic.info.pl\/index.php?rest_route=%2Fwp%2Fv2%2Fmedia&parent=17426"}],"wp:term":[{"taxonomy":"category","embeddable":true,"href":"http:\/\/muzykabeztajemnic.info.pl\/index.php?rest_route=%2Fwp%2Fv2%2Fcategories&post=17426"},{"taxonomy":"post_tag","embeddable":true,"href":"http:\/\/muzykabeztajemnic.info.pl\/index.php?rest_route=%2Fwp%2Fv2%2Ftags&post=17426"}],"curies":[{"name":"wp","href":"https:\/\/api.w.org\/{rel}","templated":true}]}}