{"id":1741,"date":"2015-09-18T08:51:06","date_gmt":"2015-09-18T08:51:06","guid":{"rendered":"http:\/\/muzykabeztajemnic.info.pl\/?p=1741"},"modified":"2015-09-18T08:51:06","modified_gmt":"2015-09-18T08:51:06","slug":"katarzyna-groniec-zoo-z-piosenkami-agnieszki-osieckiej-premiera-albumu","status":"publish","type":"post","link":"http:\/\/muzykabeztajemnic.info.pl\/?p=1741","title":{"rendered":"Katarzyna Groniec ZOO z piosenkami Agnieszki Osieckiej \u2013 premiera albumu"},"content":{"rendered":"<p><strong><a href=\"http:\/\/muzykabeztajemnic.info.pl\/wp-content\/uploads\/2015\/09\/Katarzyna-Groniec_okladka-2.jpg\"><img loading=\"lazy\" decoding=\"async\" class=\"alignnone size-large wp-image-1742\" src=\"http:\/\/muzykabeztajemnic.info.pl\/wp-content\/uploads\/2015\/09\/Katarzyna-Groniec_okladka-2-600x533.jpg\" alt=\"Katarzyna Groniec_okladka-2\" width=\"600\" height=\"533\" srcset=\"http:\/\/muzykabeztajemnic.info.pl\/wp-content\/uploads\/2015\/09\/Katarzyna-Groniec_okladka-2-600x533.jpg 600w, http:\/\/muzykabeztajemnic.info.pl\/wp-content\/uploads\/2015\/09\/Katarzyna-Groniec_okladka-2-300x267.jpg 300w, http:\/\/muzykabeztajemnic.info.pl\/wp-content\/uploads\/2015\/09\/Katarzyna-Groniec_okladka-2.jpg 1594w\" sizes=\"auto, (max-width: 600px) 100vw, 600px\" \/><\/a><\/strong><\/p>\n<p><strong>Ju\u017c jutro, 18 wrze\u015bnia 2015 roku, nak\u0142adem Warner Music Poland, uka\u017ce si\u0119 album Katarzyny Groniec\u00a0<em>ZOO<\/em>\u00a0z piosenkami Agnieszki Osieckiej. Na dwup\u0142ytowy album z\u0142o\u017c\u0105 si\u0119 CD i DVD.<\/strong><\/p>\n<p>&nbsp;<\/p>\n<p><em>Nie planowa\u0142am.<\/em><\/p>\n<p><em>Piosenki Agnieszki Osieckiej \u015bpiewa\u0142am sporadycznie. Od czasu do czasu. Jak mnie kto\u015b zaprosi\u0142. Ale nie pa\u0142a\u0142am. W zasadzie od pocz\u0105tku, od \u201e Sztucznego miodu\u201c. Nie pa\u0142a\u0142am. By\u0142am m\u0142oda. I cho\u0107 zawsze lubi\u0142am smutne piosenki, te konkretne dzia\u0142a\u0142y mi na nerwy. Bo czu\u0142am bezradno\u015b\u0107 opisywanych kobiet. A za wszelk\u0105 cen\u0119 nie chcia\u0142am by\u0107 jedn\u0105 z nich. Wtedy jeszcze wydawa\u0142o mi si\u0119, \u017ce trzeba w stu procentach uto\u017csamia\u0107 si\u0119 z podmiotem lirycznym. Jedyn\u0105 piosenk\u0105, kt\u00f3r\u0105 czu\u0142am ka\u017cdym porem sk\u00f3ry, prawie od oseska, by\u0142a \u201e Uciekaj moje serce\u201c . Jedyna do kt\u00f3rej pa\u0142a\u0142am. Potem doros\u0142am. Potem doros\u0142am po raz drugi. I trzeci. W mi\u0119dzyczasie za\u015bpiewa\u0142am jeszcze kilka piosenek Osieckiej. Do niekt\u00f3rych zapa\u0142a\u0142am. Niekt\u00f3re \u015bpiewa\u0142am wbrew sobie.\u00a0<\/em>\u2013<\/p>\n<p><em>Potem zadzwoni\u0142a Agata Passent.<\/em><\/p>\n<p><em>Wyb\u00f3r piosenek, po raz pierwszy, uzale\u017cni\u0142am od muzyki. Musia\u0142a ud\u017awign\u0105\u0107 zmiany. I sta\u0142 si\u0119 ma\u0142y cud. Cudek. Te piosenki, kt\u00f3re zabrzmia\u0142y w nowych aran\u017cacjach, u\u0142o\u017cy\u0142y si\u0119 w histori\u0119 \u017cycia. Ta historia nie zmie\u015bci\u0142a si\u0119 w ca\u0142o\u015bci na p\u0142ycie CD, ale na DVD \u2013 tak. \u2013<\/em>\u00a0m\u00f3wi Artystka.<\/p>\n<p>&nbsp;<\/p>\n<p><em>Projekt wspieraj\u0105 m.in. Magda Umer, Agata Passent i Fundacja Okularnicy im. Agnieszki Osieckiej<\/em><\/p>\n<p><em>Kasia jest chyba w jakim\u015b apogeum artystycznym. Wybitna, osobna artystka. Wszystko mi si\u0119 podoba\u0142o &#8211; to co \u015bpiewa\u0142a i to jak \u015bpiewa\u0142a (\u2026)<\/em><\/p>\n<p>Magda Umer<\/p>\n<p><em>\u00a0<\/em><\/p>\n<p><em>Zdarza si\u0119, \u017ce covery przy\u0107miewaj\u0105 wykonania oryginalne\u2026 Czy to dobrze czy \u017ale? Groniec \u015bpiewa awangardowo, czasem wywraca piosenki do g\u00f3ry nogami jednocze\u015bnie zachowuj\u0105c ich sens i nadaj\u0105c im nowe sensy.<\/em><\/p>\n<p>Agata Passent<\/p>\n<p>Pierwszym singlem promuj\u0105cym wydawnictwo jest utw\u00f3r pt.<em>\u00a0Kr\u00f3liczek,\u00a0<\/em>znany do tej pory w wykonaniu Skald\u00f3w.<\/p>\n<p><iframe loading=\"lazy\" title=\"Katarzyna Groniec  - Kr\u00f3liczek [Official Music Video]\" width=\"800\" height=\"450\" src=\"https:\/\/www.youtube.com\/embed\/5ajon38wfdI?feature=oembed\" frameborder=\"0\" allow=\"accelerometer; autoplay; clipboard-write; encrypted-media; gyroscope; picture-in-picture; web-share\" referrerpolicy=\"strict-origin-when-cross-origin\" allowfullscreen><\/iframe><\/p>\n<p>&nbsp;<\/p>\n<p><strong>Lista utwor\u00f3w:<\/strong><\/p>\n<p>CD<\/p>\n<ol>\n<li>Deus ex machina<\/li>\n<li>Kokaina<\/li>\n<li>Piosenka o \u017cyciu ptasim ( kola\u017c piosenek na podstawie utworu &#8222;Piosenka o \u017cyciu ptasim&#8221;, &#8222;Nie ma jak pompa&#8221;, &#8222;Ma\u0142go\u015bka&#8221;, &#8222;Wariatka ta\u0144czy&#8221;, &#8222;Sing, sing&#8221;)<\/li>\n<li>Uciekaj moje serce<\/li>\n<li>Nie zabijaj mnie powoli<\/li>\n<li>Rodzi si\u0119 ptak (opracowanie utworu &#8222;Rodzi si\u0119 ptak&#8221; z muzyk\u0105 Adama S\u0142awi\u0144skiego)<\/li>\n<li>Nim wstanie dzie\u0144<\/li>\n<li>Ja nie chc\u0119 spa\u0107<\/li>\n<li>ZOO<\/li>\n<li>Parademarsz<\/li>\n<li>Kr\u00f3liczek<\/li>\n<li>Chodzi o to, \u017ceby nie by\u0107 idiot\u0105<\/li>\n<\/ol>\n<p>DVD<\/p>\n<ol>\n<li>Wielka woda<\/li>\n<li>Deus ex machina<\/li>\n<li>Dzikuska<\/li>\n<li>Kokaina<\/li>\n<li>Piosenka o \u017cyciu ptasim ( kola\u017c piosenek na podstawie utworu &#8222;Piosenka o \u017cyciu ptasim&#8221;, &#8222;Nie ma jak pompa&#8221;, &#8222;Ma\u0142go\u015bka&#8221;, &#8222;Wariatka ta\u0144czy&#8221;, &#8222;Sing, sing&#8221;)<\/li>\n<li>Uciekaj moje serce<\/li>\n<li>Nie zabijaj mnie powoli<\/li>\n<li>Rodzi si\u0119 ptak (opracowanie utworu &#8222;Rodzi si\u0119 ptak&#8221; z muzyk\u0105 Adama S\u0142awi\u0144skiego)<\/li>\n<li>Nim wstanie dzie\u0144<\/li>\n<li>Ja nie chc\u0119 spa\u0107<\/li>\n<li>ZOO<\/li>\n<li>Danse Macabre<\/li>\n<li>Parademarsz<\/li>\n<li>Kr\u00f3liczek<\/li>\n<li>Chodzi o to, \u017ceby nie by\u0107 idiot\u0105<\/li>\n<li>Na kulawej naszej barce<\/li>\n<\/ol>\n<p>&nbsp;<\/p>\n<p>CD:\u00a0\u2117\u00a92015 WARNER MUSIC POLAND, A WARNER MUSIC GROUP COMPANY<\/p>\n<p>DVD:\u00a0\u2117MICHA\u0141 PRAWOSUDOWICZ \u00a9 WARNER MUSIC POLAND NA LICENCJI MICHA\u0141A PRAWOSUDOWICZA<\/p>\n<p>&nbsp;<\/p>\n<p><a href=\"https:\/\/mklamka.webd.pl:2096\/cpsess8832404670\/3rdparty\/squirrelmail\/images\/blank.png\">Katarzyna Groniec na facebooku<\/a><\/p>\n<p><a href=\"https:\/\/www.facebook.com\/WarnerMusicPL?fref=ts\">Warner Music Poland na facebooku<\/a><\/p>\n","protected":false},"excerpt":{"rendered":"<p>Ju\u017c jutro, 18 wrze\u015bnia 2015 roku, nak\u0142adem Warner Music Poland, uka\u017ce si\u0119 album Katarzyny Groniec\u00a0ZOO\u00a0z piosenkami Agnieszki Osieckiej. Na dwup\u0142ytowy album z\u0142o\u017c\u0105 si\u0119 CD i DVD. &nbsp; Nie planowa\u0142am. Piosenki Agnieszki Osieckiej \u015bpiewa\u0142am sporadycznie. Od czasu do czasu. Jak mnie kto\u015b zaprosi\u0142. Ale nie pa\u0142a\u0142am. W zasadzie od pocz\u0105tku, od \u201e Sztucznego miodu\u201c. Nie pa\u0142a\u0142am. [&hellip;]<\/p>\n","protected":false},"author":1,"featured_media":1742,"comment_status":"closed","ping_status":"open","sticky":false,"template":"","format":"standard","meta":{"jetpack_post_was_ever_published":false,"_jetpack_newsletter_access":"","_jetpack_dont_email_post_to_subs":false,"_jetpack_newsletter_tier_id":0,"_jetpack_memberships_contains_paywalled_content":false,"_jetpack_memberships_contains_paid_content":false,"footnotes":"","jetpack_publicize_message":"","jetpack_publicize_feature_enabled":true,"jetpack_social_post_already_shared":true,"jetpack_social_options":{"image_generator_settings":{"template":"highway","default_image_id":0,"enabled":false},"version":2}},"categories":[2],"tags":[],"class_list":["post-1741","post","type-post","status-publish","format-standard","has-post-thumbnail","hentry","category-albumy"],"jetpack_publicize_connections":[],"jetpack_featured_media_url":"http:\/\/muzykabeztajemnic.info.pl\/wp-content\/uploads\/2015\/09\/Katarzyna-Groniec_okladka-2.jpg","jetpack_sharing_enabled":true,"jetpack_shortlink":"https:\/\/wp.me\/p67auQ-s5","_links":{"self":[{"href":"http:\/\/muzykabeztajemnic.info.pl\/index.php?rest_route=\/wp\/v2\/posts\/1741","targetHints":{"allow":["GET"]}}],"collection":[{"href":"http:\/\/muzykabeztajemnic.info.pl\/index.php?rest_route=\/wp\/v2\/posts"}],"about":[{"href":"http:\/\/muzykabeztajemnic.info.pl\/index.php?rest_route=\/wp\/v2\/types\/post"}],"author":[{"embeddable":true,"href":"http:\/\/muzykabeztajemnic.info.pl\/index.php?rest_route=\/wp\/v2\/users\/1"}],"replies":[{"embeddable":true,"href":"http:\/\/muzykabeztajemnic.info.pl\/index.php?rest_route=%2Fwp%2Fv2%2Fcomments&post=1741"}],"version-history":[{"count":0,"href":"http:\/\/muzykabeztajemnic.info.pl\/index.php?rest_route=\/wp\/v2\/posts\/1741\/revisions"}],"wp:featuredmedia":[{"embeddable":true,"href":"http:\/\/muzykabeztajemnic.info.pl\/index.php?rest_route=\/wp\/v2\/media\/1742"}],"wp:attachment":[{"href":"http:\/\/muzykabeztajemnic.info.pl\/index.php?rest_route=%2Fwp%2Fv2%2Fmedia&parent=1741"}],"wp:term":[{"taxonomy":"category","embeddable":true,"href":"http:\/\/muzykabeztajemnic.info.pl\/index.php?rest_route=%2Fwp%2Fv2%2Fcategories&post=1741"},{"taxonomy":"post_tag","embeddable":true,"href":"http:\/\/muzykabeztajemnic.info.pl\/index.php?rest_route=%2Fwp%2Fv2%2Ftags&post=1741"}],"curies":[{"name":"wp","href":"https:\/\/api.w.org\/{rel}","templated":true}]}}