{"id":17370,"date":"2019-07-11T18:29:00","date_gmt":"2019-07-11T18:29:00","guid":{"rendered":"https:\/\/muzykabeztajemnic.info.pl\/?p=17370"},"modified":"2019-07-11T18:29:04","modified_gmt":"2019-07-11T18:29:04","slug":"maria-peszek-powraca-i-zaprasza-na-probe","status":"publish","type":"post","link":"http:\/\/muzykabeztajemnic.info.pl\/?p=17370","title":{"rendered":"MARIA PESZEK POWRACA I ZAPRASZA NA PR\u00d3B\u0118!"},"content":{"rendered":"\n<figure class=\"wp-block-image\"><img loading=\"lazy\" decoding=\"async\" width=\"537\" height=\"537\" src=\"https:\/\/muzykabeztajemnic.info.pl\/wp-content\/uploads\/2019\/07\/mariapeszek.jpg\" alt=\"\" class=\"wp-image-17371\" srcset=\"http:\/\/muzykabeztajemnic.info.pl\/wp-content\/uploads\/2019\/07\/mariapeszek.jpg 537w, http:\/\/muzykabeztajemnic.info.pl\/wp-content\/uploads\/2019\/07\/mariapeszek-150x150.jpg 150w, http:\/\/muzykabeztajemnic.info.pl\/wp-content\/uploads\/2019\/07\/mariapeszek-500x500.jpg 500w\" sizes=\"auto, (max-width: 537px) 100vw, 537px\" \/><\/figure>\n\n\n\n<p>5\n sierpnia w Cafe Kulturalna na placu Defilad 1 w Warszawie o godzinie \n20-tej odb\u0119dzie si\u0119 specjalna, otwarta pr\u00f3ba Marii Peszek i jej zespo\u0142u.\n B\u0119dzie to pierwszy wyst\u0119p Marii po blisko dw\u00f3ch latach przerwy w \nWarszawie. Podczas otwartej pr\u00f3by na scenie pojawi si\u0119 go\u015b\u0107 specjalny.<br><br>Tak o wydarzeniu m\u00f3wi i zarazem zaprasza Maria Peszek:&nbsp;<\/p>\n\n\n\n<p><strong><em>\u201eKto\n w sierpniu w Warszawie? 5 sierpnia w Cafe Kulturalna gramy koncert \/ \npr\u00f3b\u0119 otwart\u0105! Dzi\u0119ki za wszystkie \u201eMaria gdzie jeste\u015b?\u201c i \u201eMaria wr\u00f3\u0107!\u201c<\/em><\/strong><em><\/em><\/p>\n\n\n\n<p><strong><em>No wi\u0119c jestem i Was potrzebuj\u0119! Nie grali\u015bmy 717 dni i wszystko mo\u017ce si\u0119 wydarzy\u0107 \ud83d\ude09<\/em><\/strong><em><\/em><\/p>\n\n\n\n<p><strong><em>Troch\u0119 inny sk\u0142ad, troch\u0119 inne brzmienie, ale serce bandu jest to samo i wali mocniej ni\u017c kiedykolwiek.<\/em><\/strong><em><\/em><\/p>\n\n\n\n<p><strong><em>B\u0119dzie te\u017c go\u015b\u0107! Nie zgadniecie jaki\u2026Przyjd\u017acie i przynie\u015bcie nam ogie\u0144!\u201d<\/em><\/strong><\/p>\n\n\n\n<p>Pr\u00f3ba\n otwarta \/ koncert pod nazw\u0105 NEW BAND \/ OLD SONGS \/ SAME SHIT b\u0119dzie \nmia\u0142 miejsce w Cafe Kulturalna w PKiN w Warszawie 5 sierpnia o godzinie \n20:00.<\/p>\n\n\n\n<p><strong>Cafe Kulturalna<\/strong><\/p>\n\n\n\n<p><strong>data:<\/strong> 05.08.2019<\/p>\n\n\n\n<p><strong>godzina:<\/strong> 20:00<\/p>\n\n\n\n<p>link do wydarzenia na FB: <a href=\"https:\/\/www.facebook.com\/events\/1117957708413109\/?active_tab=about\">https:\/\/www.facebook.com\/events\/1117957708413109\/?active_tab=about<\/a><\/p>\n\n\n\n<p>link do bileterii: &nbsp;<a href=\"https:\/\/going.pl\/maria-peszek-x-kulturalna\">https:\/\/going.pl\/maria-peszek-x-kulturalna<\/a><\/p>\n","protected":false},"excerpt":{"rendered":"<p>5 sierpnia w Cafe Kulturalna na placu Defilad 1 w Warszawie o godzinie 20-tej odb\u0119dzie si\u0119 specjalna, otwarta pr\u00f3ba Marii Peszek i jej zespo\u0142u. B\u0119dzie to pierwszy wyst\u0119p Marii po blisko dw\u00f3ch latach przerwy w Warszawie. Podczas otwartej pr\u00f3by na scenie pojawi si\u0119 go\u015b\u0107 specjalny. Tak o wydarzeniu m\u00f3wi i zarazem zaprasza Maria Peszek:&nbsp; \u201eKto [&hellip;]<\/p>\n","protected":false},"author":1,"featured_media":17371,"comment_status":"closed","ping_status":"open","sticky":false,"template":"","format":"standard","meta":{"jetpack_post_was_ever_published":false,"_jetpack_newsletter_access":"","_jetpack_dont_email_post_to_subs":false,"_jetpack_newsletter_tier_id":0,"_jetpack_memberships_contains_paywalled_content":false,"_jetpack_memberships_contains_paid_content":false,"footnotes":"","jetpack_publicize_message":"","jetpack_publicize_feature_enabled":true,"jetpack_social_post_already_shared":true,"jetpack_social_options":{"image_generator_settings":{"template":"highway","default_image_id":0,"enabled":false},"version":2}},"categories":[1],"tags":[],"class_list":["post-17370","post","type-post","status-publish","format-standard","has-post-thumbnail","hentry","category-uncategorized"],"jetpack_publicize_connections":[],"jetpack_featured_media_url":"http:\/\/muzykabeztajemnic.info.pl\/wp-content\/uploads\/2019\/07\/mariapeszek.jpg","jetpack_sharing_enabled":true,"jetpack_shortlink":"https:\/\/wp.me\/p67auQ-4wa","_links":{"self":[{"href":"http:\/\/muzykabeztajemnic.info.pl\/index.php?rest_route=\/wp\/v2\/posts\/17370","targetHints":{"allow":["GET"]}}],"collection":[{"href":"http:\/\/muzykabeztajemnic.info.pl\/index.php?rest_route=\/wp\/v2\/posts"}],"about":[{"href":"http:\/\/muzykabeztajemnic.info.pl\/index.php?rest_route=\/wp\/v2\/types\/post"}],"author":[{"embeddable":true,"href":"http:\/\/muzykabeztajemnic.info.pl\/index.php?rest_route=\/wp\/v2\/users\/1"}],"replies":[{"embeddable":true,"href":"http:\/\/muzykabeztajemnic.info.pl\/index.php?rest_route=%2Fwp%2Fv2%2Fcomments&post=17370"}],"version-history":[{"count":0,"href":"http:\/\/muzykabeztajemnic.info.pl\/index.php?rest_route=\/wp\/v2\/posts\/17370\/revisions"}],"wp:featuredmedia":[{"embeddable":true,"href":"http:\/\/muzykabeztajemnic.info.pl\/index.php?rest_route=\/wp\/v2\/media\/17371"}],"wp:attachment":[{"href":"http:\/\/muzykabeztajemnic.info.pl\/index.php?rest_route=%2Fwp%2Fv2%2Fmedia&parent=17370"}],"wp:term":[{"taxonomy":"category","embeddable":true,"href":"http:\/\/muzykabeztajemnic.info.pl\/index.php?rest_route=%2Fwp%2Fv2%2Fcategories&post=17370"},{"taxonomy":"post_tag","embeddable":true,"href":"http:\/\/muzykabeztajemnic.info.pl\/index.php?rest_route=%2Fwp%2Fv2%2Ftags&post=17370"}],"curies":[{"name":"wp","href":"https:\/\/api.w.org\/{rel}","templated":true}]}}