{"id":17365,"date":"2019-07-11T18:25:14","date_gmt":"2019-07-11T18:25:14","guid":{"rendered":"https:\/\/muzykabeztajemnic.info.pl\/?p=17365"},"modified":"2019-07-11T18:25:19","modified_gmt":"2019-07-11T18:25:19","slug":"10-imielin-blues-festival-organizatorzy-czekaja-na-konkursowe-zgloszenia","status":"publish","type":"post","link":"http:\/\/muzykabeztajemnic.info.pl\/?p=17365","title":{"rendered":"10. Imielin Blues Festival \u2013 organizatorzy czekaj\u0105 na konkursowe zg\u0142oszenia"},"content":{"rendered":"\n<p><strong>Znamy ju\u017c termin tegorocznej, \ndziesi\u0105tej edycji Imielin Blues Festival. Konkursowe przes\u0142uchania oraz \nfestiwalowe koncerty odb\u0119d\u0105 si\u0119 w dniach 23-24 listopada, tradycyjnie w \nDomu Kultury \u201eSokolnia\u201d. <\/strong><br><br><strong>Do 10 listopada organizatorzy Imielin Blues Festival czekaj\u0105 na \nzg\u0142oszenia wykonawc\u00f3w, kt\u00f3rzy chcieliby spr\u00f3bowa\u0107 si\u0142 w tegorocznym \nkonkursie. Dla najlepszych przewidziano atrakcyjne nagrody pieni\u0119\u017cne, \npami\u0105tkowe statuetki oraz wyst\u0119p podczas g\u0142\u00f3wnego koncertu imprezy.&nbsp;<\/strong><br><br>\n&#8211; Jak co roku: podstawowym warunkiem uczestnictwa w konkursie jest \nwys\u0142anie zg\u0142oszenia wraz z dwoma nagranymi utworami, kt\u00f3re b\u0119d\u0105 \nmateria\u0142em dla komisji kwalifikacyjnej. W konkursie mog\u0105 wzi\u0105\u0107 udzia\u0142 \ntylko zespo\u0142y nieprofesjonalne, czyli takie, kt\u00f3re nie maj\u0105 podpisanego \nkontraktu z \u017cadnym impresariatem i wytw\u00f3rni\u0105 p\u0142ytow\u0105. Zapraszam \nutalentowanych artyst\u00f3w, graj\u0105cych szeroko rozumianego bluesa do \nspr\u00f3bowania si\u0142 na festiwalu \u2013 m\u00f3wi Grzegorz Kapo\u0142ka, dyrektor IBF oraz \nprzewodnicz\u0105cy konkursowego jury.<br><br>\nMateria\u0142y mo\u017cna przesy\u0142a\u0107 zar\u00f3wno poczt\u0105 tradycyjn\u0105 (na adres: DK \nSokolnia, 41-407 Imielin, ul. Imieli\u0144ska 29 z dopiskiem \u201eBlues \nFestival&#8221;), jak i elektroniczn\u0105 (mail: sokolnia@imielin.pl). \nNajciekawsze propozycje zostan\u0105 zakwalifikowane do drugiego etapu \nkonkursu. W nim wykonawcy zagraj\u0105 na \u017cywo na scenie DK \u201eSokolnia\u201d w \npierwszym dniu festiwalu.<br><br>\nDyrektor imieli\u0144skiego festiwalu nie chce na razie zdradza\u0107 nazwiska \ng\u0142\u00f3wnej gwiazdy tegorocznej imprezy. &#8211; Jeste\u015bmy ju\u017c \u201epo s\u0142owie\u201d, ale&#8230; \npersonalia niech pozostan\u0105 jeszcze tajemnic\u0105. Powiem tyle, \u017ce b\u0119dzie \ndo\u015b\u0107 egzotycznie \u2013 m\u00f3wi Grzegorz Kapo\u0142ka.<\/p>\n","protected":false},"excerpt":{"rendered":"<p>Znamy ju\u017c termin tegorocznej, dziesi\u0105tej edycji Imielin Blues Festival. Konkursowe przes\u0142uchania oraz festiwalowe koncerty odb\u0119d\u0105 si\u0119 w dniach 23-24 listopada, tradycyjnie w Domu Kultury \u201eSokolnia\u201d. Do 10 listopada organizatorzy Imielin Blues Festival czekaj\u0105 na zg\u0142oszenia wykonawc\u00f3w, kt\u00f3rzy chcieliby spr\u00f3bowa\u0107 si\u0142 w tegorocznym konkursie. Dla najlepszych przewidziano atrakcyjne nagrody pieni\u0119\u017cne, pami\u0105tkowe statuetki oraz wyst\u0119p podczas g\u0142\u00f3wnego [&hellip;]<\/p>\n","protected":false},"author":1,"featured_media":0,"comment_status":"closed","ping_status":"open","sticky":false,"template":"","format":"standard","meta":{"jetpack_post_was_ever_published":false,"_jetpack_newsletter_access":"","_jetpack_dont_email_post_to_subs":false,"_jetpack_newsletter_tier_id":0,"_jetpack_memberships_contains_paywalled_content":false,"_jetpack_memberships_contains_paid_content":false,"footnotes":"","jetpack_publicize_message":"","jetpack_publicize_feature_enabled":true,"jetpack_social_post_already_shared":true,"jetpack_social_options":{"image_generator_settings":{"template":"highway","default_image_id":0,"enabled":false},"version":2}},"categories":[1],"tags":[],"class_list":["post-17365","post","type-post","status-publish","format-standard","hentry","category-uncategorized"],"jetpack_publicize_connections":[],"jetpack_featured_media_url":"","jetpack_sharing_enabled":true,"jetpack_shortlink":"https:\/\/wp.me\/p67auQ-4w5","_links":{"self":[{"href":"http:\/\/muzykabeztajemnic.info.pl\/index.php?rest_route=\/wp\/v2\/posts\/17365","targetHints":{"allow":["GET"]}}],"collection":[{"href":"http:\/\/muzykabeztajemnic.info.pl\/index.php?rest_route=\/wp\/v2\/posts"}],"about":[{"href":"http:\/\/muzykabeztajemnic.info.pl\/index.php?rest_route=\/wp\/v2\/types\/post"}],"author":[{"embeddable":true,"href":"http:\/\/muzykabeztajemnic.info.pl\/index.php?rest_route=\/wp\/v2\/users\/1"}],"replies":[{"embeddable":true,"href":"http:\/\/muzykabeztajemnic.info.pl\/index.php?rest_route=%2Fwp%2Fv2%2Fcomments&post=17365"}],"version-history":[{"count":0,"href":"http:\/\/muzykabeztajemnic.info.pl\/index.php?rest_route=\/wp\/v2\/posts\/17365\/revisions"}],"wp:attachment":[{"href":"http:\/\/muzykabeztajemnic.info.pl\/index.php?rest_route=%2Fwp%2Fv2%2Fmedia&parent=17365"}],"wp:term":[{"taxonomy":"category","embeddable":true,"href":"http:\/\/muzykabeztajemnic.info.pl\/index.php?rest_route=%2Fwp%2Fv2%2Fcategories&post=17365"},{"taxonomy":"post_tag","embeddable":true,"href":"http:\/\/muzykabeztajemnic.info.pl\/index.php?rest_route=%2Fwp%2Fv2%2Ftags&post=17365"}],"curies":[{"name":"wp","href":"https:\/\/api.w.org\/{rel}","templated":true}]}}