{"id":17359,"date":"2019-07-11T18:23:49","date_gmt":"2019-07-11T18:23:49","guid":{"rendered":"https:\/\/muzykabeztajemnic.info.pl\/?p=17359"},"modified":"2019-07-11T18:23:55","modified_gmt":"2019-07-11T18:23:55","slug":"dawid-kwiatkowski-rusza-w-pop-up-tour-po-polsce-najblizszy-juz-we-wtorek-w-krakowie","status":"publish","type":"post","link":"http:\/\/muzykabeztajemnic.info.pl\/?p=17359","title":{"rendered":"Dawid Kwiatkowski rusza w POP UP TOUR po Polsce Najbli\u017cszy ju\u017c we wtorek w Krakowie!"},"content":{"rendered":"\n<figure class=\"wp-block-image\"><img loading=\"lazy\" decoding=\"async\" width=\"800\" height=\"450\" src=\"https:\/\/muzykabeztajemnic.info.pl\/wp-content\/uploads\/2019\/07\/5f4248a3-058b-4ac7-9228-0f46bc29f5b3-800x450.jpg\" alt=\"\" class=\"wp-image-17360\" srcset=\"http:\/\/muzykabeztajemnic.info.pl\/wp-content\/uploads\/2019\/07\/5f4248a3-058b-4ac7-9228-0f46bc29f5b3.jpg 800w, http:\/\/muzykabeztajemnic.info.pl\/wp-content\/uploads\/2019\/07\/5f4248a3-058b-4ac7-9228-0f46bc29f5b3-500x281.jpg 500w, http:\/\/muzykabeztajemnic.info.pl\/wp-content\/uploads\/2019\/07\/5f4248a3-058b-4ac7-9228-0f46bc29f5b3-768x432.jpg 768w\" sizes=\"auto, (max-width: 800px) 100vw, 800px\" \/><\/figure>\n\n\n\n<p><\/p>\n\n\n\n<table class=\"wp-block-table\"><tbody><tr><td><strong>Dawid Kwiatkowski <\/strong>nie przestaje zaskakiwa\u0107, w ramach promocji swojego najnowszego albumu <strong>&#8222;13 grzech\u00f3w niczyich&#8221;<\/strong> wyruszy w tras\u0119 po Polsce, gdzie powstan\u0105 specjalne pop up store\u2019y.<br><br> Najbli\u017csze wydarzenie tego typu odb\u0119dzie si\u0119 ju\u017c w najbli\u017cszy <strong>wtorek, 16 lipca<\/strong>, w <strong>Krakowie<\/strong> w <strong>Forum Wydarze\u0144<\/strong>.  Tego dnia historyczne wn\u0119trze by\u0142ego hotelu Forum zamieni si\u0119 w sklep, w  kt\u00f3rym kupi\u0107 mo\u017cna b\u0119dzie limitowany i wyj\u0105tkowy merch: bluzy,  koszulki, skarpetki, plakaty i inne gad\u017cety zwi\u0105zane z &#8222;13 grzech\u00f3w  niczyich&#8221;! Nie zabraknie r\u00f3wnie\u017c p\u0142yt, a tak\u017ce przygotowanego specjalnie  na krakowskie wydarzenie produktu!<br> <br> Pop up, zorganizowany we wsp\u00f3\u0142pracy z Bonito, wystartuje o 13:13 i przez  ca\u0142y dzie\u0144 spotka\u0107 w nim b\u0119dzie mo\u017cna samego Dawida Kwiatkowskiego.  B\u0119dzie okazja do zamienienia kilku s\u0142\u00f3w, zdobycia autografu czy  zrobienia wsp\u00f3lnego zdj\u0119cia.                                                                            <\/td><\/tr><\/tbody><\/table>\n\n\n\n<table class=\"wp-block-table\"><tbody><tr><td> <a rel=\"noreferrer noopener\" href=\"https:\/\/warnermusic.us11.list-manage.com\/track\/click?u=5707ca9200ef714154dda6f30&amp;id=6a01334910&amp;e=f72eb1638a\" target=\"_blank\">Szczeg\u00f3\u0142y dotycz\u0105ce wydarzenia<\/a>                                                                                                         <\/td><\/tr><\/tbody><\/table>\n\n\n\n<table class=\"wp-block-table\"><tbody><tr><td>Pierwszy  pop up odby\u0142 si\u0119 13 czerwca w Warszawie, w siedzibie Warner Music  Poland, gdzie pojawi\u0142o si\u0119 kilkuset fan\u00f3w artysty z ca\u0142ej Polski.  Wydarzenie spotka\u0142o si\u0119 z fantastycznym przyj\u0119ciem oraz pytaniami o  kolejne lokalizacje , Dawid nie m\u00f3g\u0142 pozwoli\u0107 na to by fani si\u0119 zawiedli  w zwi\u0105zku z czym pojawi si\u0119 jeszcze w czterech miastach. Krak\u00f3w jest  najbli\u017cszym, a ka\u017cde kolejne ujawniane b\u0119dzie na tydzie\u0144 przed startem.  Znane s\u0105 ju\u017c daty, kt\u00f3re wszyscy fani powinni sobie zarezerwowa\u0107:<br> 23, 29 lipca oraz 6 sierpnia. Zach\u0119camy do \u015bledzenia social medi\u00f3w artysty, by by\u0107 na bie\u017c\u0105co.<\/td><\/tr><\/tbody><\/table>\n\n\n\n<figure class=\"wp-block-embed-youtube wp-block-embed is-type-video is-provider-youtube wp-embed-aspect-16-9 wp-has-aspect-ratio\"><div class=\"wp-block-embed__wrapper\">\n<iframe loading=\"lazy\" title=\"Dawid Kwiatkowski - Pop Up Store [relacja]\" width=\"800\" height=\"450\" src=\"https:\/\/www.youtube.com\/embed\/tDfJ0rzikD0?feature=oembed\" frameborder=\"0\" allow=\"accelerometer; autoplay; clipboard-write; encrypted-media; gyroscope; picture-in-picture; web-share\" referrerpolicy=\"strict-origin-when-cross-origin\" allowfullscreen><\/iframe>\n<\/div><\/figure>\n\n\n\n<p>Najnowszym singlem promuj\u0105cym album\u00a0<strong>&#8222;13 grzech\u00f3w niczyich&#8221;<\/strong> jest utw\u00f3r <strong>&#8222;Mordo&#8221;<\/strong>, do kt\u00f3rego teledysk zrealizowa\u0142a ekipa <strong>H D S C V M<\/strong>.<\/p>\n\n\n\n<figure class=\"wp-block-embed-youtube wp-block-embed is-type-video is-provider-youtube wp-embed-aspect-16-9 wp-has-aspect-ratio\"><div class=\"wp-block-embed__wrapper\">\n<iframe loading=\"lazy\" title=\"Dawid Kwiatkowski - Mordo [Official Music Video]\" width=\"800\" height=\"450\" src=\"https:\/\/www.youtube.com\/embed\/C1HlLgI_fi8?feature=oembed\" frameborder=\"0\" allow=\"accelerometer; autoplay; clipboard-write; encrypted-media; gyroscope; picture-in-picture; web-share\" referrerpolicy=\"strict-origin-when-cross-origin\" allowfullscreen><\/iframe>\n<\/div><\/figure>\n\n\n\n<p>Limitowana edycja najnowszej p\u0142yty Dawida Kwiatkowskiego b\u0142yskawicznie  wyprzeda\u0142a si\u0119 we wszystkich sklepach. Wersja sklepowa, do kt\u00f3rej  poligrafi\u0119 zaprojektowa\u0142 ceniony grafik <strong>Forin<\/strong>, wydana jest w niestandardowy spos\u00f3b i naprawd\u0119 warto posiada\u0107 fizyczne wydanie w swojej kolekcji.<br><br> \u201e13 grzech\u00f3w niczyich\u201d to pierwszy efekt wsp\u00f3\u0142pracy Dawida Kwiatkowskiego i <strong>Warner Music Poland<\/strong>.  Kr\u0105\u017cek ten jest pewnego rodzaju spowiedzi\u0105, kt\u00f3r\u0105 tworzy\u0142 przez  ostatnie dwa lata z kilkoma producentami oraz kompozytorami z Polski,  Stan\u00f3w Zjednoczonych oraz Kanady. Historia powstawania albumu zapisana  jest na dyktafonie Dawida.\u00a0Artysta nagrywa\u0142 dzie\u0144 po dniu dziesi\u0105tki  melodii, kt\u00f3re wpada\u0142y mu do g\u0142owy, fragmenty tekst\u00f3w czy rozm\u00f3w (ich  cz\u0119\u015bci us\u0142yszycie w pojedynczych piosenkach). Nagrania wysy\u0142ane by\u0142y  grupie ponad dwudziestu os\u00f3b pracuj\u0105cych nad albumem, kt\u00f3re wsp\u00f3lnie z  Dawidem \u201eubiera\u0142y\u201d jego emocje, przeplataj\u0105c je ze swoimi  do\u015bwiadczeniami. Album zawiera czterna\u015bcie r\u00f3\u017cnych stylistycznie  utwor\u00f3w. Trzyna\u015bcie z nich ma wsp\u00f3ln\u0105 cech\u0119 &#8211; grzech, kt\u00f3ry nie powinien  nim by\u0107\u2026 Czy mi\u0142o\u015b\u0107, marzenia albo przyja\u017a\u0144 mog\u0105 prowadzi\u0107 do  zgubienia? Czy tylko z\u0142e cechy mog\u0105 by\u0107 \u201egrzechem\u201d? Odpowiedzi szukajcie  na p\u0142ycie, kt\u00f3ra jest nowym otwarciem w karierze Dawida. \u00a0Czternasty  utw\u00f3r zosta\u0142 nagrany na dyktafon r\u00f3wno pi\u0119\u0107 dni przed zamkni\u0119ciem p\u0142yty.  Czy znajdziesz odpowied\u017a, o kt\u00f3rej piosence mowa?<\/p>\n\n\n\n<p><a rel=\"noreferrer noopener\" href=\"https:\/\/warnermusic.us11.list-manage.com\/track\/click?u=5707ca9200ef714154dda6f30&amp;id=2729666f6c&amp;e=f72eb1638a\" target=\"_blank\">Zam\u00f3w lub ods\u0142uchaj album<\/a><\/p>\n\n\n\n<p><em>\u201eTo r\u00f3\u017cnorodny album, ale przez to wyj\u0105tkowo prawdziwy. Pisa\u0142em i \nnagrywa\u0142em to, co czuj\u0119 w danym momencie i jak czuj\u0119. To podr\u00f3\u017c po \nr\u00f3\u017cnych emocjach i tematach. Nie ma tu tabu ani sztucznych u\u015bmiech\u00f3w\u201d<\/em> \u2013 tak o swoim najnowszym dziele wypowiada si\u0119 Dawid.<\/p>\n","protected":false},"excerpt":{"rendered":"<p>Dawid Kwiatkowski nie przestaje zaskakiwa\u0107, w ramach promocji swojego najnowszego albumu &#8222;13 grzech\u00f3w niczyich&#8221; wyruszy w tras\u0119 po Polsce, gdzie powstan\u0105 specjalne pop up store\u2019y. Najbli\u017csze wydarzenie tego typu odb\u0119dzie si\u0119 ju\u017c w najbli\u017cszy wtorek, 16 lipca, w Krakowie w Forum Wydarze\u0144. Tego dnia historyczne wn\u0119trze by\u0142ego hotelu Forum zamieni si\u0119 w sklep, w kt\u00f3rym [&hellip;]<\/p>\n","protected":false},"author":1,"featured_media":17360,"comment_status":"closed","ping_status":"open","sticky":false,"template":"","format":"standard","meta":{"jetpack_post_was_ever_published":false,"_jetpack_newsletter_access":"","_jetpack_dont_email_post_to_subs":false,"_jetpack_newsletter_tier_id":0,"_jetpack_memberships_contains_paywalled_content":false,"_jetpack_memberships_contains_paid_content":false,"footnotes":"","jetpack_publicize_message":"","jetpack_publicize_feature_enabled":true,"jetpack_social_post_already_shared":true,"jetpack_social_options":{"image_generator_settings":{"template":"highway","default_image_id":0,"enabled":false},"version":2}},"categories":[1],"tags":[],"class_list":["post-17359","post","type-post","status-publish","format-standard","has-post-thumbnail","hentry","category-uncategorized"],"jetpack_publicize_connections":[],"jetpack_featured_media_url":"http:\/\/muzykabeztajemnic.info.pl\/wp-content\/uploads\/2019\/07\/5f4248a3-058b-4ac7-9228-0f46bc29f5b3.jpg","jetpack_sharing_enabled":true,"jetpack_shortlink":"https:\/\/wp.me\/p67auQ-4vZ","_links":{"self":[{"href":"http:\/\/muzykabeztajemnic.info.pl\/index.php?rest_route=\/wp\/v2\/posts\/17359","targetHints":{"allow":["GET"]}}],"collection":[{"href":"http:\/\/muzykabeztajemnic.info.pl\/index.php?rest_route=\/wp\/v2\/posts"}],"about":[{"href":"http:\/\/muzykabeztajemnic.info.pl\/index.php?rest_route=\/wp\/v2\/types\/post"}],"author":[{"embeddable":true,"href":"http:\/\/muzykabeztajemnic.info.pl\/index.php?rest_route=\/wp\/v2\/users\/1"}],"replies":[{"embeddable":true,"href":"http:\/\/muzykabeztajemnic.info.pl\/index.php?rest_route=%2Fwp%2Fv2%2Fcomments&post=17359"}],"version-history":[{"count":0,"href":"http:\/\/muzykabeztajemnic.info.pl\/index.php?rest_route=\/wp\/v2\/posts\/17359\/revisions"}],"wp:featuredmedia":[{"embeddable":true,"href":"http:\/\/muzykabeztajemnic.info.pl\/index.php?rest_route=\/wp\/v2\/media\/17360"}],"wp:attachment":[{"href":"http:\/\/muzykabeztajemnic.info.pl\/index.php?rest_route=%2Fwp%2Fv2%2Fmedia&parent=17359"}],"wp:term":[{"taxonomy":"category","embeddable":true,"href":"http:\/\/muzykabeztajemnic.info.pl\/index.php?rest_route=%2Fwp%2Fv2%2Fcategories&post=17359"},{"taxonomy":"post_tag","embeddable":true,"href":"http:\/\/muzykabeztajemnic.info.pl\/index.php?rest_route=%2Fwp%2Fv2%2Ftags&post=17359"}],"curies":[{"name":"wp","href":"https:\/\/api.w.org\/{rel}","templated":true}]}}