{"id":17351,"date":"2019-07-09T15:53:48","date_gmt":"2019-07-09T15:53:48","guid":{"rendered":"https:\/\/muzykabeztajemnic.info.pl\/?p=17351"},"modified":"2019-07-09T15:53:53","modified_gmt":"2019-07-09T15:53:53","slug":"19-i-20-lipca-lato-z-radiem-festiwal-2019-zagra-w-pucku","status":"publish","type":"post","link":"http:\/\/muzykabeztajemnic.info.pl\/?p=17351","title":{"rendered":"19 i 20 lipca \u201eLato z Radiem Festiwal\u201d 2019 zagra w Pucku"},"content":{"rendered":"\n<figure class=\"wp-block-image is-resized\"><img loading=\"lazy\" decoding=\"async\" src=\"https:\/\/muzykabeztajemnic.info.pl\/wp-content\/uploads\/2019\/07\/Plakat-Lato-z-radiem-Festiwal-2019-Puck-566x800.jpg\" alt=\"\" class=\"wp-image-17353\" width=\"643\" height=\"909\" srcset=\"http:\/\/muzykabeztajemnic.info.pl\/wp-content\/uploads\/2019\/07\/Plakat-Lato-z-radiem-Festiwal-2019-Puck-566x800.jpg 566w, http:\/\/muzykabeztajemnic.info.pl\/wp-content\/uploads\/2019\/07\/Plakat-Lato-z-radiem-Festiwal-2019-Puck-354x500.jpg 354w, http:\/\/muzykabeztajemnic.info.pl\/wp-content\/uploads\/2019\/07\/Plakat-Lato-z-radiem-Festiwal-2019-Puck.jpg 591w\" sizes=\"auto, (max-width: 643px) 100vw, 643px\" \/><\/figure>\n\n\n\n<p><strong>Daria Zawia\u0142ow, Muniek i Przyjaciele, S\u0142awek Uniatowski, Chopin University Big Band pod dyrekcj\u0105 Piotra Kostrzewy, Warszawskie Combo Taneczne i Kapela ze Wsi Warszawa \u2013 koncerty,\n spotkania z gwiazdami i dziennikarzami muzycznymi Polskiego Radia, konkursy i inne atrakcje w strefach festiwalowych. Na dwa dni Puck zamieni si\u0119 w najbardziej rodzinn\u0105 i pozytywn\u0105 muzyczn\u0105 stolic\u0119 Polski. Wst\u0119p na wszystkie wydarzenia jest wolny.<\/strong><\/p>\n\n\n\n<p>\nW\n pi\u0105tek <strong>19 lipca<\/strong> wieczorem do wsp\u00f3lnej zabawy na Stadionie Miejskim zaprosi\n<strong>o godz. 20.00<\/strong> <strong>Warszawskie Combo Taneczne<\/strong>, kt\u00f3re niezmiennie czaruje publiczno\u015b\u0107 szlagierami przedwojennej Warszawy, poczuciem humoru i doskona\u0142ym obyciem scenicznym. Zaraz potem wyst\u0105pi\n<strong>Kapela ze Wsi Warszawa<\/strong>, jeden z najbardziej znanych na \u015bwiecie zespo\u0142\u00f3w folkowych, niecz\u0119sto koncertuj\u0105cy w Polsce. Swoj\u0105 karier\u0119 zaczynali z Polskim Radiem, wygrywaj\u0105c konkurs \u201eNowa Tradycja\u201d, za zaszczyt poczytuj\u0105 sobie udzia\u0142 w Festiwalu \u201eLata z Radiem\u201d\n w nowej, muzycznie bogatszej, formule. W sobot\u0119 <strong>20 lipca<\/strong> imprez\u0119 rozpocznie\n<strong>o godz. 18.00<\/strong> <strong>Chopin University Big Band <\/strong>pod dyrekcj\u0105 Piotra Kostrzewy. Niezapomnianych wzrusze\u0144 dostarczy go\u015bcinny wyst\u0119p\n<strong>S\u0142awka Uniatowskiego<\/strong>, kt\u00f3ry z akompaniamentem Big Bandu wykona piosenki z repertuaru Zbigniewa Wodeckiego. S\u0142awek Uniatowski wyst\u0105pi te\u017c solo, przypominaj\u0105c przeboje ze swojej autorskiej p\u0142yty: \u201eKa\u017cdemu wolno kocha\u0107\u201d, \u201eHonolulu\u201d czy \u201e5 rano\u201d, do kt\u00f3rej\n s\u0142owa napisa\u0142 Organek. Zmian\u0119 nastroju zaproponuje <strong>Muniek i Przyjaciele<\/strong> \u2013 artysta przypomni najbardziej znane i lubiane \u201ekawa\u0142ki\u201d zar\u00f3wno solowe, jak i nagrywane z T.Love. Przypomnie\u0107 warto, \u017ce jesieni\u0105 uka\u017ce si\u0119 pierwsza solowa p\u0142yta Mu\u0144ka Staszczyka\n z nowym zespo\u0142em. Wiecz\u00f3r zako\u0144czy <strong>Daria Zawia\u0142ow<\/strong>, dziewczyna, kt\u00f3ra ledwie pojawi\u0142a si\u0119 na scenie muzycznej, zosta\u0142a okrzykni\u0119ta objawieniem. Pierwszy koncert studyjny zagra\u0142a w Studiu im. Agnieszki Osieckiej w Polskim Radiu, jest laureatk\u0105 nagrody\n Fryderyki 2018 za \u201eFonograficzny debiut roku\u201d oraz \u201eAlbum Roku &#8211; Alternatywa\u201d. \u2013\n<em>Nie mo\u017cemy si\u0119 doczeka\u0107 koncertu w Pucku! Postaramy si\u0119 nikogo nie zawie\u015b\u0107, zapewniamy ogie\u0144!<\/em> \u2013 zapowiada\n<strong>Daria Zawia\u0142ow<\/strong>. \u2013 <em>Serdecznie zapraszamy!&nbsp; W czasie festiwalowych koncert\u00f3w w Pucku i Krakowie zagramy przede wszystkim materia\u0142 z najnowszej p\u0142yty Helsinki\n<\/em>\u2013 dodaje artystka. <\/p>\n\n\n\n<p>\nTradycyjnie ju\u017c fantastycznym koncertom towarzyszy\u0107 b\u0119d\u0105 spotkania z artystami oraz dziennikarzami Polskiego Radia w\n<strong>Strefie Muzycznej<\/strong>, atrakcje przygotowane przez Polskie Radio Dzieciom w <strong>\nStrefie Familijnej<\/strong> oraz zabawy i \u0107wiczenia na \u015bwie\u017cym powietrzu w <strong>Strefie Relaksu<\/strong>. Jak w Zakopanem, gdzie w tym roku wystartowa\u0142 \u201eLato z Radiem Festiwal\u201d, przez ca\u0142y dzie\u0144 wszystkie anteny Polskiego Radia nadawa\u0107 b\u0119d\u0105 najbardziej popularne audycje\n ze studi\u00f3w plenerowych z udzia\u0142em publiczno\u015bci. Poza uwielbian\u0105 przez s\u0142uchaczy Jedynki audycj\u0105 \u201eLato z Radiem\u201d, z Pucka us\u0142yszymy m.in. specjalne wydania \u201eListy Przeboj\u00f3w Tr\u00f3jki\u201d, \u201eDw\u00f3jki na miejscu\u201d, \u201ePlenAir\u201d w Czw\u00f3rce czy \u201ePopo\u0142udnik\u201d Polskiego Radia Dzieciom.\n W Zakopanem w ci\u0105gu dw\u00f3ch festiwalowych dni z atrakcji przygotowanych przez Polskie Radio skorzysta\u0142o kilkadziesi\u0105t tysi\u0119cy os\u00f3b, doceniaj\u0105c prorodzinny charakter imprezy. Fani tegorocznych gwiazd festiwalu b\u0119d\u0105 mieli niepowtarzaln\u0105 okazj\u0119, by zdoby\u0107 autograf\n swoich idoli oraz kupi\u0107 <strong>specjaln\u0105 p\u0142yt\u0119 \u201eLato z Radiem Festiwal 2019\u201d<\/strong>, o kt\u00f3rej ju\u017c si\u0119 m\u00f3wi, i\u017c \u201ejest to wakacyjny niezb\u0119dnik tego lata\u201d, a na kt\u00f3rej znalaz\u0142y si\u0119 przeboje tegorocznej ods\u0142ony festiwalu.\n<\/p>\n\n\n\n<p>\nKolejne koncerty \u201eLato z Radiem Festiwal\u201d 2019 odb\u0119d\u0105 si\u0119 w 9 i 10 sierpnia Stalowej Woli oraz fina\u0142owo \u2013 30 i 31 sierpnia w Krakowie.\n<\/p>\n\n\n\n<p>\nDla tych, kt\u00f3rzy nie b\u0119d\u0105 z nami w Pucku, Polskie Radio przygotowa\u0142o relacje na \u017cywo i&nbsp;<strong>video streamingi<\/strong>. Wszystkie koncerty mo\u017cna b\u0119dzie ogl\u0105da\u0107 na\n<strong>polskieradio.pl<\/strong> oraz <strong>latozradiem.pl, <\/strong>a tak\u017ce na <strong>facebookach <\/strong>\nposzczeg\u00f3lnych anten i kanale youtube Polskiego Radia.<\/p>\n\n\n\n<p>\n<strong>Wi<\/strong><strong>\u0119cej informacji<\/strong><strong>\n na stronie internetowej<\/strong><strong>:\n<\/strong><strong><a href=\"http:\/\/www.latozradiem.pl\">latozradiem.pl<\/a><\/strong><\/p>\n\n\n\n<p>\n<strong>Oficjalny fan page:\n<\/strong><strong><a href=\"http:\/\/www.facebook.com\/polskieradiolatozradiem\">www.facebook.com\/polskieradiolatozradiem<\/a><\/strong><\/p>\n","protected":false},"excerpt":{"rendered":"<p>Daria Zawia\u0142ow, Muniek i Przyjaciele, S\u0142awek Uniatowski, Chopin University Big Band pod dyrekcj\u0105 Piotra Kostrzewy, Warszawskie Combo Taneczne i Kapela ze Wsi Warszawa \u2013 koncerty, spotkania z gwiazdami i dziennikarzami muzycznymi Polskiego Radia, konkursy i inne atrakcje w strefach festiwalowych. Na dwa dni Puck zamieni si\u0119 w najbardziej rodzinn\u0105 i pozytywn\u0105 muzyczn\u0105 stolic\u0119 Polski. Wst\u0119p [&hellip;]<\/p>\n","protected":false},"author":1,"featured_media":17353,"comment_status":"closed","ping_status":"open","sticky":false,"template":"","format":"standard","meta":{"jetpack_post_was_ever_published":false,"_jetpack_newsletter_access":"","_jetpack_dont_email_post_to_subs":false,"_jetpack_newsletter_tier_id":0,"_jetpack_memberships_contains_paywalled_content":false,"_jetpack_memberships_contains_paid_content":false,"footnotes":"","jetpack_publicize_message":"","jetpack_publicize_feature_enabled":true,"jetpack_social_post_already_shared":true,"jetpack_social_options":{"image_generator_settings":{"template":"highway","default_image_id":0,"enabled":false},"version":2}},"categories":[4],"tags":[],"class_list":["post-17351","post","type-post","status-publish","format-standard","has-post-thumbnail","hentry","category-koncerty"],"jetpack_publicize_connections":[],"jetpack_featured_media_url":"http:\/\/muzykabeztajemnic.info.pl\/wp-content\/uploads\/2019\/07\/Plakat-Lato-z-radiem-Festiwal-2019-Puck.jpg","jetpack_sharing_enabled":true,"jetpack_shortlink":"https:\/\/wp.me\/p67auQ-4vR","_links":{"self":[{"href":"http:\/\/muzykabeztajemnic.info.pl\/index.php?rest_route=\/wp\/v2\/posts\/17351","targetHints":{"allow":["GET"]}}],"collection":[{"href":"http:\/\/muzykabeztajemnic.info.pl\/index.php?rest_route=\/wp\/v2\/posts"}],"about":[{"href":"http:\/\/muzykabeztajemnic.info.pl\/index.php?rest_route=\/wp\/v2\/types\/post"}],"author":[{"embeddable":true,"href":"http:\/\/muzykabeztajemnic.info.pl\/index.php?rest_route=\/wp\/v2\/users\/1"}],"replies":[{"embeddable":true,"href":"http:\/\/muzykabeztajemnic.info.pl\/index.php?rest_route=%2Fwp%2Fv2%2Fcomments&post=17351"}],"version-history":[{"count":0,"href":"http:\/\/muzykabeztajemnic.info.pl\/index.php?rest_route=\/wp\/v2\/posts\/17351\/revisions"}],"wp:featuredmedia":[{"embeddable":true,"href":"http:\/\/muzykabeztajemnic.info.pl\/index.php?rest_route=\/wp\/v2\/media\/17353"}],"wp:attachment":[{"href":"http:\/\/muzykabeztajemnic.info.pl\/index.php?rest_route=%2Fwp%2Fv2%2Fmedia&parent=17351"}],"wp:term":[{"taxonomy":"category","embeddable":true,"href":"http:\/\/muzykabeztajemnic.info.pl\/index.php?rest_route=%2Fwp%2Fv2%2Fcategories&post=17351"},{"taxonomy":"post_tag","embeddable":true,"href":"http:\/\/muzykabeztajemnic.info.pl\/index.php?rest_route=%2Fwp%2Fv2%2Ftags&post=17351"}],"curies":[{"name":"wp","href":"https:\/\/api.w.org\/{rel}","templated":true}]}}